{"id":31850,"date":"2026-04-27T14:28:27","date_gmt":"2026-04-27T13:28:27","guid":{"rendered":"https:\/\/insideamateurfussball-ffm.de\/?p=31850"},"modified":"2026-04-27T16:17:12","modified_gmt":"2026-04-27T15:17:12","slug":"zeilsheim-verliert-ungluecklich","status":"publish","type":"post","link":"https:\/\/insideamateurfussball-ffm.de\/?p=31850","title":{"rendered":"Zeilsheim verliert ungl\u00fccklich"},"content":{"rendered":"<h4>Am Samstagnachmittag musste der SV Zeilsheim beim TuS Dietkirchen antreten und verlor ungl\u00fccklich mit 2:3. Der Spielbericht kommt vom Ersten Vorsitzenden des SV, Peter Strauch.<\/h4>\n<figure id=\"attachment_31851\" aria-describedby=\"caption-attachment-31851\" style=\"width: 2104px\" class=\"wp-caption alignnone\"><img loading=\"lazy\" decoding=\"async\" class=\"wp-image-31851 size-full\" src=\"http:\/\/insideamateurfussball-ffm.de\/wp-content\/uploads\/2026\/04\/28-Askar-Said-Saddah-trieb-das-Spiel-des-SV-nach-vorne-an.jpg.jpg\" alt=\"\" width=\"2104\" height=\"1596\" srcset=\"https:\/\/insideamateurfussball-ffm.de\/wp-content\/uploads\/2026\/04\/28-Askar-Said-Saddah-trieb-das-Spiel-des-SV-nach-vorne-an.jpg.jpg 2104w, https:\/\/insideamateurfussball-ffm.de\/wp-content\/uploads\/2026\/04\/28-Askar-Said-Saddah-trieb-das-Spiel-des-SV-nach-vorne-an.jpg-300x228.jpg 300w, https:\/\/insideamateurfussball-ffm.de\/wp-content\/uploads\/2026\/04\/28-Askar-Said-Saddah-trieb-das-Spiel-des-SV-nach-vorne-an.jpg-1024x777.jpg 1024w, https:\/\/insideamateurfussball-ffm.de\/wp-content\/uploads\/2026\/04\/28-Askar-Said-Saddah-trieb-das-Spiel-des-SV-nach-vorne-an.jpg-768x583.jpg 768w, https:\/\/insideamateurfussball-ffm.de\/wp-content\/uploads\/2026\/04\/28-Askar-Said-Saddah-trieb-das-Spiel-des-SV-nach-vorne-an.jpg-1536x1165.jpg 1536w, https:\/\/insideamateurfussball-ffm.de\/wp-content\/uploads\/2026\/04\/28-Askar-Said-Saddah-trieb-das-Spiel-des-SV-nach-vorne-an.jpg-2048x1554.jpg 2048w\" sizes=\"auto, (max-width: 2104px) 100vw, 2104px\" \/><figcaption id=\"caption-attachment-31851\" class=\"wp-caption-text\">Askar Said-Saddah trieb das Spiel des SV nach vorne an. Foto: Verein<\/figcaption><\/figure>\n<h4>TuS Dietkirchen &#8211; SV Zeilsheim 3:2 (2:1)<\/h4>\n<p><img loading=\"lazy\" decoding=\"async\" class=\"alignnone size-full wp-image-3678\" src=\"http:\/\/insideamateurfussball-ffm.de\/wp-content\/uploads\/2022\/11\/Dietkirchen.jpg\" alt=\"\" width=\"80\" height=\"77\" \/><img loading=\"lazy\" decoding=\"async\" class=\"alignnone size-full wp-image-20302\" src=\"http:\/\/insideamateurfussball-ffm.de\/wp-content\/uploads\/2024\/08\/logo-zeilsheim.jpeg\" alt=\"\" width=\"68\" height=\"80\" \/><\/p>\n<p>(Limburg-Dietkirchen, 25.04.2026). Es lag diesmal nicht an der Leistung seiner Mannschaft, \u00e4u\u00dferte sich Peter Strauch nach dem Spiel. Zeilsheims Vorsitzender sprach von gro\u00dfem Engagement seines Teams und gen\u00fcgend Torchancen. Allerdings fehlte es in Dietkirchen am Gl\u00fcck im Abschluss.<\/p>\n<p>\u201eWir waren dran, aber in den entscheidenden Momenten ist der Ball stets vor die F\u00fc\u00dfe der Gastgeber gefallen, es fehlte uns einfach Fortune&#8220;, monierte Strauch. Dabei hatte sein Team gro\u00dfe Moral bewiesen und war nach einem 0:2-R\u00fcckstand ins Spiel zur\u00fcckgekommen.<\/p>\n<p>Nach dem Ausgleich \u201ewaren wir dem dritten Treffer n\u00e4her als der Gegner\u201c, so Strauch. Leider wurde das Tor von Dominik Ortega Tapia zum 3:2 nicht gegeben, da der Schiedsrichter vorher ein angebliches Foul des SV St\u00fcrmers gesehen hatte (73.). Auch danach waren die Zeilsheimer dem Siegtreffer nahe. Dieser fiel dann aber durch Can Cakal auf der Gegenseite, der eine Unachtsamkeit des SV ausnutze und diesen um den verdienten Punkt brachte.<\/p>\n<p>So spielte der SV Zeilsheim:\u00a0Paul Siegers \u2013 Geovane Oliveira Damaceno (81. Zakariya Ziouani), Askar Said Saddah, Besmir Haliti, Mikael Neway, Leonardo Bianco, Andre Flie\u00df, Oliver Ruklic (76. Arian Selmani), Yannik Hennes Lacayo, Dominik Ortega-Tapia, Dusan Crnomut.<\/p>\n<h4>Tore: 1:0 Leukel (4.), 2:0 Steinhauer (29.), 2:1 Bianco (40.), 2:2 Crnomut (66.), 3:2 Cakal (86.).<\/h4>\n<h4>Schiedsrichter: Tom Denninger<\/h4>\n","protected":false},"excerpt":{"rendered":"<p>Am Samstagnachmittag musste der SV Zeilsheim beim TuS Dietkirchen antreten und verlor ungl\u00fccklich mit 2:3. Der Spielbericht kommt vom Ersten Vorsitzenden des SV, Peter Strauch. TuS Dietkirchen &#8211; SV Zeilsheim 3:2 (2:1) (Limburg-Dietkirchen, 25.04.2026). Es lag diesmal nicht an der Leistung seiner Mannschaft, \u00e4u\u00dferte sich Peter Strauch nach dem Spiel. Zeilsheims Vorsitzender sprach von gro\u00dfem [&hellip;]<\/p>\n","protected":false},"author":3,"featured_media":31851,"comment_status":"open","ping_status":"open","sticky":true,"template":"","format":"standard","meta":{"footnotes":""},"categories":[32],"tags":[],"class_list":["post-31850","post","type-post","status-publish","format-standard","has-post-thumbnail","hentry","category-verbandsliga-mitte"],"_links":{"self":[{"href":"https:\/\/insideamateurfussball-ffm.de\/index.php?rest_route=\/wp\/v2\/posts\/31850","targetHints":{"allow":["GET"]}}],"collection":[{"href":"https:\/\/insideamateurfussball-ffm.de\/index.php?rest_route=\/wp\/v2\/posts"}],"about":[{"href":"https:\/\/insideamateurfussball-ffm.de\/index.php?rest_route=\/wp\/v2\/types\/post"}],"author":[{"embeddable":true,"href":"https:\/\/insideamateurfussball-ffm.de\/index.php?rest_route=\/wp\/v2\/users\/3"}],"replies":[{"embeddable":true,"href":"https:\/\/insideamateurfussball-ffm.de\/index.php?rest_route=%2Fwp%2Fv2%2Fcomments&post=31850"}],"version-history":[{"count":2,"href":"https:\/\/insideamateurfussball-ffm.de\/index.php?rest_route=\/wp\/v2\/posts\/31850\/revisions"}],"predecessor-version":[{"id":31853,"href":"https:\/\/insideamateurfussball-ffm.de\/index.php?rest_route=\/wp\/v2\/posts\/31850\/revisions\/31853"}],"wp:featuredmedia":[{"embeddable":true,"href":"https:\/\/insideamateurfussball-ffm.de\/index.php?rest_route=\/wp\/v2\/media\/31851"}],"wp:attachment":[{"href":"https:\/\/insideamateurfussball-ffm.de\/index.php?rest_route=%2Fwp%2Fv2%2Fmedia&parent=31850"}],"wp:term":[{"taxonomy":"category","embeddable":true,"href":"https:\/\/insideamateurfussball-ffm.de\/index.php?rest_route=%2Fwp%2Fv2%2Fcategories&post=31850"},{"taxonomy":"post_tag","embeddable":true,"href":"https:\/\/insideamateurfussball-ffm.de\/index.php?rest_route=%2Fwp%2Fv2%2Ftags&post=31850"}],"curies":[{"name":"wp","href":"https:\/\/api.w.org\/{rel}","templated":true}]}}