{"id":31847,"date":"2026-04-26T12:57:29","date_gmt":"2026-04-26T11:57:29","guid":{"rendered":"https:\/\/insideamateurfussball-ffm.de\/?p=31847"},"modified":"2026-04-26T12:57:29","modified_gmt":"2026-04-26T11:57:29","slug":"sonnenwald-erloest-eintracht-ii-gegen-fernwald","status":"publish","type":"post","link":"https:\/\/insideamateurfussball-ffm.de\/?p=31847","title":{"rendered":"Sonnenwald erl\u00f6st Eintracht II gegen Fernwald"},"content":{"rendered":"<h5><span style=\"font-size: 16px;\">Im Duell gegen den Vorjahresmeister FSV Fernwald machte die U21 von Eintracht Frankfurt in der Hessenliga den n\u00e4chsten Schritt in Richtung direkter Wiederaufstieg in die Regionalliga S\u00fcdwest. <\/span><\/h5>\n<figure id=\"attachment_31848\" aria-describedby=\"caption-attachment-31848\" style=\"width: 652px\" class=\"wp-caption alignleft\"><img loading=\"lazy\" decoding=\"async\" class=\"wp-image-31848\" src=\"http:\/\/insideamateurfussball-ffm.de\/wp-content\/uploads\/2026\/04\/Ein-Fern-1024x768.jpg\" alt=\"\" width=\"652\" height=\"489\" srcset=\"https:\/\/insideamateurfussball-ffm.de\/wp-content\/uploads\/2026\/04\/Ein-Fern-1024x768.jpg 1024w, https:\/\/insideamateurfussball-ffm.de\/wp-content\/uploads\/2026\/04\/Ein-Fern-300x225.jpg 300w, https:\/\/insideamateurfussball-ffm.de\/wp-content\/uploads\/2026\/04\/Ein-Fern-768x576.jpg 768w, https:\/\/insideamateurfussball-ffm.de\/wp-content\/uploads\/2026\/04\/Ein-Fern-1536x1152.jpg 1536w, https:\/\/insideamateurfussball-ffm.de\/wp-content\/uploads\/2026\/04\/Ein-Fern.jpg 2048w\" sizes=\"auto, (max-width: 652px) 100vw, 652px\" \/><figcaption id=\"caption-attachment-31848\" class=\"wp-caption-text\">Eintracht Frankfurt II steht vor dem Wiederaufstieg in die Regionalliga S\u00fcdwest. Foto: PA.\u00a0\u00a0<\/figcaption><\/figure>\n<h5><span style=\"font-size: 16px;\">Eintracht Frankfurt II &#8211; FSV Fernwald 3:2 (2:1)<\/span><\/h5>\n<p><img loading=\"lazy\" decoding=\"async\" class=\"alignnone size-full wp-image-836\" src=\"http:\/\/insideamateurfussball-ffm.de\/wp-content\/uploads\/2022\/06\/SGE.jpg\" alt=\"\" width=\"79\" height=\"80\" \/><img loading=\"lazy\" decoding=\"async\" class=\"alignnone size-full wp-image-3420\" src=\"http:\/\/insideamateurfussball-ffm.de\/wp-content\/uploads\/2022\/10\/fernwald.png\" alt=\"\" width=\"73\" height=\"80\" \/><\/p>\n<p><span style=\"font-size: 16px;\">Mit 3:2 (2:1) gewann die Mannschaft von Trainer Dennis Schmitt gegen die Mittelhessen, die sehr gut hinter dem Ball verteidigten und nach einem langen Einwurf durch Tom Woiwod in F\u00fchrung gingen (28.). <\/span><\/p>\n<p><span style=\"font-size: 16px;\">Es lief nicht fl\u00fcssig bei der Eintracht, auch wenn die Jungadler die Spielkontrolle hatten.<\/span><\/p>\n<ul>\n<li><strong><span style=\"font-size: 16px;\">Sonnenwald erzielt umjubelten Siegtreffer\u00a0<\/span><\/strong><\/li>\n<\/ul>\n<p><span style=\"font-size: 16px;\">Als man sich schon auf einen Pausenr\u00fcckstand einstellte, schlugen die Frankfurter in der Nachspielzeit zweimal zu. Erst glich Keito Kumashiro auf Zuspiel von Jeremiaha Maluze aus (45.+2), dann traf Metehan Yildirim auf Vorlage von Paul W\u00fcnsch (45.+3). Nach dem Seitenwechsel konnten die G\u00e4ste durch Philipp Cloos ausgleichen, der Eintracht-Torh\u00fcter Sissis Efthimiou umkurvte (47.). Danach war es ein permanentes Anrennen gegen disziplinierte G\u00e4ste. In der Schlussphase wurde auch Innenverteidiger Maluze in den Sturm beordert. <\/span><\/p>\n<p><span style=\"font-size: 16px;\">Letztlich war es der eingewechselte St\u00fcrmer Lukas Sonnenwald, der in der Nachspielzeit den vielumjubelten Siegtreffer erzielte (90.+3). Damit fehlen der Eintracht rechnerisch noch vier Punkte zum Aufstieg. Einracht-Trainer Dennis Schmitt war erleichtert: &#8222;Wir haben das Ding in der letzten Sekunde umgebogen. Mit der Leistung bin ich sehr zufrieden. Wir hatten extrem viele Durchbr\u00fcche. Jetzt wollen wir vielleicht n\u00e4chste Woche in Hanau schon Meister werden.&#8220;<\/span><\/p>\n<ul>\n<li>\n<div><strong><span style=\"font-size: 16px;\">Eintracht Frankfurt II: Efthimiou; Ochojski, Doumbia (72. Is), Maluze, Kosugi &#8211; Dills (70. Sonnenwald), W\u00fcnsch, Etse, Kumashiro (82. Spahn) &#8211; Starodid, Yildirim (90+5 Boakye Osei).<\/span><\/strong><\/div>\n<\/li>\n<li>\n<div><\/div>\n<div><strong><span style=\"font-size: 16px;\">FSV Fernwald: Sahin; Fernouchi, Burger (51. Mehmetukaj), Furkert &#8211; Fischer, Tsuda, Hahn, Kurtz (90.+7 Halilovic) &#8211; Woiwod, Cloos (86. Kropp), Isaac Abeselom (90.+1 Krasniq).<\/span><\/strong><\/div>\n<\/li>\n<li>\n<div><\/div>\n<div><strong><span style=\"font-size: 16px;\">Schiedsrichter: Manuel Winkler (TSV Landau). <\/span><\/strong><\/div>\n<\/li>\n<li>\n<div><strong><span style=\"font-size: 16px;\">Zuschauer: 777.<\/span><\/strong><\/div>\n<\/li>\n<li>\n<div><\/div>\n<div><strong><span style=\"font-size: 16px;\">Tore: 0:1 Tom Woiwod (28.), 1:1 Keito Kumashiro (45.+2), 2:1 Metehan Yildirim (45.+3), 2:2 Philipp Cloos (47.), 3:2 Lukas Sonnenwald (90.+3).<\/span><\/strong><\/div>\n<\/li>\n<\/ul>\n","protected":false},"excerpt":{"rendered":"<p>Im Duell gegen den Vorjahresmeister FSV Fernwald machte die U21 von Eintracht Frankfurt in der Hessenliga den n\u00e4chsten Schritt in Richtung direkter Wiederaufstieg in die Regionalliga S\u00fcdwest. Eintracht Frankfurt II &#8211; FSV Fernwald 3:2 (2:1) Mit 3:2 (2:1) gewann die Mannschaft von Trainer Dennis Schmitt gegen die Mittelhessen, die sehr gut hinter dem Ball verteidigten [&hellip;]<\/p>\n","protected":false},"author":1,"featured_media":31848,"comment_status":"open","ping_status":"open","sticky":true,"template":"","format":"standard","meta":{"footnotes":""},"categories":[8],"tags":[],"class_list":["post-31847","post","type-post","status-publish","format-standard","has-post-thumbnail","hentry","category-hessenliga"],"_links":{"self":[{"href":"https:\/\/insideamateurfussball-ffm.de\/index.php?rest_route=\/wp\/v2\/posts\/31847","targetHints":{"allow":["GET"]}}],"collection":[{"href":"https:\/\/insideamateurfussball-ffm.de\/index.php?rest_route=\/wp\/v2\/posts"}],"about":[{"href":"https:\/\/insideamateurfussball-ffm.de\/index.php?rest_route=\/wp\/v2\/types\/post"}],"author":[{"embeddable":true,"href":"https:\/\/insideamateurfussball-ffm.de\/index.php?rest_route=\/wp\/v2\/users\/1"}],"replies":[{"embeddable":true,"href":"https:\/\/insideamateurfussball-ffm.de\/index.php?rest_route=%2Fwp%2Fv2%2Fcomments&post=31847"}],"version-history":[{"count":1,"href":"https:\/\/insideamateurfussball-ffm.de\/index.php?rest_route=\/wp\/v2\/posts\/31847\/revisions"}],"predecessor-version":[{"id":31849,"href":"https:\/\/insideamateurfussball-ffm.de\/index.php?rest_route=\/wp\/v2\/posts\/31847\/revisions\/31849"}],"wp:featuredmedia":[{"embeddable":true,"href":"https:\/\/insideamateurfussball-ffm.de\/index.php?rest_route=\/wp\/v2\/media\/31848"}],"wp:attachment":[{"href":"https:\/\/insideamateurfussball-ffm.de\/index.php?rest_route=%2Fwp%2Fv2%2Fmedia&parent=31847"}],"wp:term":[{"taxonomy":"category","embeddable":true,"href":"https:\/\/insideamateurfussball-ffm.de\/index.php?rest_route=%2Fwp%2Fv2%2Fcategories&post=31847"},{"taxonomy":"post_tag","embeddable":true,"href":"https:\/\/insideamateurfussball-ffm.de\/index.php?rest_route=%2Fwp%2Fv2%2Ftags&post=31847"}],"curies":[{"name":"wp","href":"https:\/\/api.w.org\/{rel}","templated":true}]}}