{"id":31838,"date":"2026-04-26T12:49:03","date_gmt":"2026-04-26T11:49:03","guid":{"rendered":"https:\/\/insideamateurfussball-ffm.de\/?p=31838"},"modified":"2026-04-26T12:49:03","modified_gmt":"2026-04-26T11:49:03","slug":"sv-bonames-fehlen-nur-noch-zwei-punkte-zum-aufstieg","status":"publish","type":"post","link":"https:\/\/insideamateurfussball-ffm.de\/?p=31838","title":{"rendered":"SV Bonames fehlen nur noch zwei Punkte zum Aufstieg"},"content":{"rendered":"<h5><span style=\"font-size: 16px;\">Der SV Bonames gewann am Donnerstagabend das vorgezogene Spitzenspiel der Kreisliga A (Gruppe 1) gegen den VfR Bockenheim mit 5:2 (1:1), hat mindestens die Teilnahme an der Relegation sicher und braucht rechnerisch noch zu Punkte, um nach 23 Jahren in die h\u00f6chste Liga des Kreises zur\u00fcckzukehren.\u00a0<\/span><\/h5>\n<figure id=\"attachment_31839\" aria-describedby=\"caption-attachment-31839\" style=\"width: 652px\" class=\"wp-caption alignleft\"><img loading=\"lazy\" decoding=\"async\" class=\"wp-image-31839\" src=\"http:\/\/insideamateurfussball-ffm.de\/wp-content\/uploads\/2026\/04\/Bonames-Wand-1024x768.jpg\" alt=\"\" width=\"652\" height=\"489\" srcset=\"https:\/\/insideamateurfussball-ffm.de\/wp-content\/uploads\/2026\/04\/Bonames-Wand-1024x768.jpg 1024w, https:\/\/insideamateurfussball-ffm.de\/wp-content\/uploads\/2026\/04\/Bonames-Wand-300x225.jpg 300w, https:\/\/insideamateurfussball-ffm.de\/wp-content\/uploads\/2026\/04\/Bonames-Wand-768x576.jpg 768w, https:\/\/insideamateurfussball-ffm.de\/wp-content\/uploads\/2026\/04\/Bonames-Wand-1536x1152.jpg 1536w, https:\/\/insideamateurfussball-ffm.de\/wp-content\/uploads\/2026\/04\/Bonames-Wand.jpg 2048w\" sizes=\"auto, (max-width: 652px) 100vw, 652px\" \/><figcaption id=\"caption-attachment-31839\" class=\"wp-caption-text\">Traditionsverein SV Bonames steht vor dem Aufstieg in die Kreisoberliga. Foto: PA.\u00a0<\/figcaption><\/figure>\n<h5><span style=\"font-size: 16px;\">SV Bonames &#8211; VfR Bockenheim 5:2 (1:1)<\/span><\/h5>\n<p><img loading=\"lazy\" decoding=\"async\" class=\"alignnone size-full wp-image-281\" src=\"http:\/\/insideamateurfussball-ffm.de\/wp-content\/uploads\/2022\/05\/Bonames.png\" alt=\"\" width=\"80\" height=\"80\" \/><img loading=\"lazy\" decoding=\"async\" class=\"alignnone size-full wp-image-334\" src=\"http:\/\/insideamateurfussball-ffm.de\/wp-content\/uploads\/2022\/05\/Bockenheim.jpg\" alt=\"\" width=\"78\" height=\"80\" \/><\/p>\n<p><span style=\"font-size: 16px;\">Bei angenehmen Fr\u00fchlingstemperaturen fand das Topspiel vor einer guten Kulisse statt. Beide Teams boten ein gutes Niveau, k\u00f6nnten locker in der KOL mithalten. Die F\u00fchrung der Gastgeber durch Fabio Milesi (9.) glich der Bockenheimer Routinier Norman Syed zum Halbzeitstand aus (16.). <\/span><\/p>\n<p><span style=\"font-size: 16px;\">Nach dem Seitenwechsel nahm die Partie an Fahrt auf. SVB-Torj\u00e4ger Niko Franz Artelt brachte Bonames in F\u00fchrung (55.). Per Foulelfmeter egalisierte Bockenheim mit Max M\u00fcnch (61.), postwendend brachte Artelt die Hausherren wieder nach vorne (62.). Bockenheim machte nun Druck, aber Bonames zog in der Schlussphase das Spiel auf seine Seite. Lewis Mcguire per Hacke (82.) und ein Foulelfmeter von Marcel Brand (84.) sorgten f\u00fcr klare Verh\u00e4ltnisse. <\/span><\/p>\n<p><span style=\"font-size: 16px;\">Bockenheim kann die Relegationsteilnahme nun nicht mehr aus eigener Kraft schaffen, da der punktgleiche SV Blau-Gelb, der heute beim SV Eritrea antritt, noch f\u00fcnf Spiele auszutragen hat. Bonames-Trainer Eric Thorwarth zollte dem Gegner seinen Respekt: &#8222;Bockenheim hat eine Topmannschaft, die sehr sympathisch ist. Mit dem VfR-Trainer habe ich die C-Lizenz gemacht. Ich war sehr zufrieden, das war eine taktisch gute Leistung. Wir mussten geduldig an die Sache herangehen und haben die R\u00e4ume am Ende gut genutzt. Wir haben sehr gut in dieser Saison gearbeitet mit viel Disziplin. Ich bin ein Bonameser Bub, war in der Jugend da. Nachdem ich wieder kam, haben wir dieses Projekt mit der Ersten gestartet. Dieser Erfolg ist f\u00fcr viele im Verein, vor allem f\u00fcr die Ehrenamtlichen, ein Riesending. Ich bin sehr stolz, diesen historischen Erfolg zu erreichen. Und wenn wir es schaffen, ist noch lange nicht Schluss. Wir wollen den Herrenbereich weiter ausbauen und mit Struktur in die Kreisoberliga gehen. Der ganze Verein ist auf einem guten Weg.&#8220; <\/span><\/p>\n<p><span style=\"font-size: 16px;\">Bockenheims Trainer Marko Motika sagte: &#8222;Gl\u00fcckwunsch an Bonames, das haben die saustark gemacht. Ich kenne ihre Heimst\u00e4rke auf dem kleinen Platz in diesem Hexenkessel. Bonames hat das sehr gut gemacht, da hat man in der zweiten Halbzeit die Dominanz gesehen. Die spielen seit Spieltag eins mit dem gleichen Kader und sind erfahrener als wir. Wir werden daraus lernen und hatten nicht davon getr\u00e4umt, ganz oben zu stehen. Ich bin aber sehr froh, was wir aufgebaut haben. Blau-Gelb hat noch ein leichtes Restprogramm, wir m\u00fcssen hoffen, dass sie noch einmal patzen, vielleicht in Bockenheim bei Eritrea.&#8220;\u00a0<\/span><\/p>\n<p>\u00a0<\/p>\n<p>\u00a0<\/p>\n\n\n<figure class=\"wp-block-pullquote\"><blockquote><p><strong>&#8222;Wir mussten geduldig an die Sache herangehen und haben die R\u00e4ume am Ende gut genutzt.&#8220;<\/strong><\/p><cite><strong>SVB-Trainer ERIC Thorwarth<\/strong><\/cite><\/blockquote><\/figure>\n\n\n<ul>\n<li><strong><span style=\"font-size: 16px;\">Schiedsrichter: Lasse Braun (FC Fortuna). <\/span><\/strong><\/li>\n<li><strong><span style=\"font-size: 16px;\">Zuschauer: 177. <\/span><\/strong><\/li>\n<li><strong><span style=\"font-size: 16px;\">Tore: Tore: 1:0 Fabio Milesi (9.), 1:1 Norman Syed (16.), 2:1 Niko Franz Artelt (55.), 2:2 Max M\u00fcnch (61.\/Foulelfmeter), 3:2 Niko Franz Artelt (62.), 4:2 Lewis Mcguire (82.), 5:2 Marcel Brand (84.\/Foulelfmeter).<\/span><\/strong><\/li>\n<li><span style=\"font-size: 16px;\"><strong> Bildergalerie: PA<\/strong>.<\/span><\/li>\n<\/ul>\n\n\n<figure class=\"wp-block-image size-large\"><img loading=\"lazy\" decoding=\"async\" width=\"1024\" height=\"768\" src=\"https:\/\/insideamateurfussball-ffm.de\/wp-content\/uploads\/2026\/04\/Bo-Bo-1024x768.jpg\" alt=\"\" class=\"wp-image-31840\" srcset=\"https:\/\/insideamateurfussball-ffm.de\/wp-content\/uploads\/2026\/04\/Bo-Bo-1024x768.jpg 1024w, https:\/\/insideamateurfussball-ffm.de\/wp-content\/uploads\/2026\/04\/Bo-Bo-300x225.jpg 300w, https:\/\/insideamateurfussball-ffm.de\/wp-content\/uploads\/2026\/04\/Bo-Bo-768x576.jpg 768w, https:\/\/insideamateurfussball-ffm.de\/wp-content\/uploads\/2026\/04\/Bo-Bo-1536x1152.jpg 1536w, https:\/\/insideamateurfussball-ffm.de\/wp-content\/uploads\/2026\/04\/Bo-Bo.jpg 2048w\" sizes=\"auto, (max-width: 1024px) 100vw, 1024px\" \/><\/figure>\n\n\n\n<figure class=\"wp-block-gallery has-nested-images columns-default is-cropped wp-block-gallery-1 is-layout-flex wp-block-gallery-is-layout-flex\">\n<figure class=\"wp-block-image size-large\"><img loading=\"lazy\" decoding=\"async\" width=\"1024\" height=\"768\" data-id=\"31841\" src=\"https:\/\/insideamateurfussball-ffm.de\/wp-content\/uploads\/2026\/04\/Bo-Bo2-1024x768.jpg\" alt=\"\" class=\"wp-image-31841\" srcset=\"https:\/\/insideamateurfussball-ffm.de\/wp-content\/uploads\/2026\/04\/Bo-Bo2-1024x768.jpg 1024w, https:\/\/insideamateurfussball-ffm.de\/wp-content\/uploads\/2026\/04\/Bo-Bo2-300x225.jpg 300w, https:\/\/insideamateurfussball-ffm.de\/wp-content\/uploads\/2026\/04\/Bo-Bo2-768x576.jpg 768w, https:\/\/insideamateurfussball-ffm.de\/wp-content\/uploads\/2026\/04\/Bo-Bo2-1536x1152.jpg 1536w, https:\/\/insideamateurfussball-ffm.de\/wp-content\/uploads\/2026\/04\/Bo-Bo2.jpg 2048w\" sizes=\"auto, (max-width: 1024px) 100vw, 1024px\" \/><\/figure>\n<\/figure>\n\n\n\n<figure class=\"wp-block-image size-large\"><img loading=\"lazy\" decoding=\"async\" width=\"1024\" height=\"768\" src=\"https:\/\/insideamateurfussball-ffm.de\/wp-content\/uploads\/2026\/04\/Bo-Bo3-1024x768.jpg\" alt=\"\" class=\"wp-image-31842\" srcset=\"https:\/\/insideamateurfussball-ffm.de\/wp-content\/uploads\/2026\/04\/Bo-Bo3-1024x768.jpg 1024w, https:\/\/insideamateurfussball-ffm.de\/wp-content\/uploads\/2026\/04\/Bo-Bo3-300x225.jpg 300w, https:\/\/insideamateurfussball-ffm.de\/wp-content\/uploads\/2026\/04\/Bo-Bo3-768x576.jpg 768w, https:\/\/insideamateurfussball-ffm.de\/wp-content\/uploads\/2026\/04\/Bo-Bo3-1536x1152.jpg 1536w, https:\/\/insideamateurfussball-ffm.de\/wp-content\/uploads\/2026\/04\/Bo-Bo3.jpg 2048w\" sizes=\"auto, (max-width: 1024px) 100vw, 1024px\" \/><\/figure>\n\n\n\n<figure class=\"wp-block-image size-large\"><img loading=\"lazy\" decoding=\"async\" width=\"1024\" height=\"768\" src=\"https:\/\/insideamateurfussball-ffm.de\/wp-content\/uploads\/2026\/04\/Bo-Bo4-1024x768.jpg\" alt=\"\" class=\"wp-image-31843\" srcset=\"https:\/\/insideamateurfussball-ffm.de\/wp-content\/uploads\/2026\/04\/Bo-Bo4-1024x768.jpg 1024w, https:\/\/insideamateurfussball-ffm.de\/wp-content\/uploads\/2026\/04\/Bo-Bo4-300x225.jpg 300w, https:\/\/insideamateurfussball-ffm.de\/wp-content\/uploads\/2026\/04\/Bo-Bo4-768x576.jpg 768w, https:\/\/insideamateurfussball-ffm.de\/wp-content\/uploads\/2026\/04\/Bo-Bo4-1536x1152.jpg 1536w, https:\/\/insideamateurfussball-ffm.de\/wp-content\/uploads\/2026\/04\/Bo-Bo4.jpg 2048w\" sizes=\"auto, (max-width: 1024px) 100vw, 1024px\" \/><\/figure>\n\n\n\n<figure class=\"wp-block-image size-large\"><img loading=\"lazy\" decoding=\"async\" width=\"1024\" height=\"768\" src=\"https:\/\/insideamateurfussball-ffm.de\/wp-content\/uploads\/2026\/04\/Bo-Bo5-1024x768.jpg\" alt=\"\" class=\"wp-image-31844\" srcset=\"https:\/\/insideamateurfussball-ffm.de\/wp-content\/uploads\/2026\/04\/Bo-Bo5-1024x768.jpg 1024w, https:\/\/insideamateurfussball-ffm.de\/wp-content\/uploads\/2026\/04\/Bo-Bo5-300x225.jpg 300w, https:\/\/insideamateurfussball-ffm.de\/wp-content\/uploads\/2026\/04\/Bo-Bo5-768x576.jpg 768w, https:\/\/insideamateurfussball-ffm.de\/wp-content\/uploads\/2026\/04\/Bo-Bo5-1536x1152.jpg 1536w, https:\/\/insideamateurfussball-ffm.de\/wp-content\/uploads\/2026\/04\/Bo-Bo5.jpg 2048w\" sizes=\"auto, (max-width: 1024px) 100vw, 1024px\" \/><\/figure>\n","protected":false},"excerpt":{"rendered":"<p>Der SV Bonames gewann am Donnerstagabend das vorgezogene Spitzenspiel der Kreisliga A (Gruppe 1) gegen den VfR Bockenheim mit 5:2 (1:1), hat mindestens die Teilnahme an der Relegation sicher und braucht rechnerisch noch zu Punkte, um nach 23 Jahren in die h\u00f6chste Liga des Kreises zur\u00fcckzukehren.\u00a0 SV Bonames &#8211; VfR Bockenheim 5:2 (1:1) Bei angenehmen [&hellip;]<\/p>\n","protected":false},"author":1,"featured_media":31839,"comment_status":"closed","ping_status":"closed","sticky":true,"template":"","format":"standard","meta":{"footnotes":""},"categories":[12],"tags":[],"class_list":["post-31838","post","type-post","status-publish","format-standard","has-post-thumbnail","hentry","category-kreisliga-a1"],"_links":{"self":[{"href":"https:\/\/insideamateurfussball-ffm.de\/index.php?rest_route=\/wp\/v2\/posts\/31838","targetHints":{"allow":["GET"]}}],"collection":[{"href":"https:\/\/insideamateurfussball-ffm.de\/index.php?rest_route=\/wp\/v2\/posts"}],"about":[{"href":"https:\/\/insideamateurfussball-ffm.de\/index.php?rest_route=\/wp\/v2\/types\/post"}],"author":[{"embeddable":true,"href":"https:\/\/insideamateurfussball-ffm.de\/index.php?rest_route=\/wp\/v2\/users\/1"}],"replies":[{"embeddable":true,"href":"https:\/\/insideamateurfussball-ffm.de\/index.php?rest_route=%2Fwp%2Fv2%2Fcomments&post=31838"}],"version-history":[{"count":1,"href":"https:\/\/insideamateurfussball-ffm.de\/index.php?rest_route=\/wp\/v2\/posts\/31838\/revisions"}],"predecessor-version":[{"id":31845,"href":"https:\/\/insideamateurfussball-ffm.de\/index.php?rest_route=\/wp\/v2\/posts\/31838\/revisions\/31845"}],"wp:featuredmedia":[{"embeddable":true,"href":"https:\/\/insideamateurfussball-ffm.de\/index.php?rest_route=\/wp\/v2\/media\/31839"}],"wp:attachment":[{"href":"https:\/\/insideamateurfussball-ffm.de\/index.php?rest_route=%2Fwp%2Fv2%2Fmedia&parent=31838"}],"wp:term":[{"taxonomy":"category","embeddable":true,"href":"https:\/\/insideamateurfussball-ffm.de\/index.php?rest_route=%2Fwp%2Fv2%2Fcategories&post=31838"},{"taxonomy":"post_tag","embeddable":true,"href":"https:\/\/insideamateurfussball-ffm.de\/index.php?rest_route=%2Fwp%2Fv2%2Ftags&post=31838"}],"curies":[{"name":"wp","href":"https:\/\/api.w.org\/{rel}","templated":true}]}}