{"id":31835,"date":"2026-04-26T12:07:09","date_gmt":"2026-04-26T11:07:09","guid":{"rendered":"https:\/\/insideamateurfussball-ffm.de\/?p=31835"},"modified":"2026-04-26T12:07:09","modified_gmt":"2026-04-26T11:07:09","slug":"fc-croatia-meldet-soma-nach-finaleinzug-ab","status":"publish","type":"post","link":"https:\/\/insideamateurfussball-ffm.de\/?p=31835","title":{"rendered":"FC Croatia meldet SOMA nach Finaleinzug ab"},"content":{"rendered":"<h5><span style=\"font-size: 16px;\">Kurioser Fall: Nachdem die SOMA des FC Croatia mit einem 9:3-Sieg gegen T\u00fcrkg\u00fcc\u00fc Frankfurt das Kreispokal-Finale erreicht hatte, zog der Verein noch am selben Abend \u00fcberraschend die Mannschaft aus dem laufenden Spielbetrieb zur\u00fcck. Wiederum einen Tag sp\u00e4ter wollte der Club den R\u00fcckzug pl\u00f6tzlich wieder r\u00fcckg\u00e4ngig machen. Ob das \u00fcberhaupt m\u00f6glich ist, muss der Justiziar des Hessischen Fu\u00dfball-Verbandes entscheiden.\u00a0<\/span><\/h5>\n<figure id=\"attachment_31836\" aria-describedby=\"caption-attachment-31836\" style=\"width: 653px\" class=\"wp-caption alignleft\"><img loading=\"lazy\" decoding=\"async\" class=\"wp-image-31836\" src=\"http:\/\/insideamateurfussball-ffm.de\/wp-content\/uploads\/2026\/04\/Croatia-Soma-1024x722.jpg\" alt=\"\" width=\"653\" height=\"460\" srcset=\"https:\/\/insideamateurfussball-ffm.de\/wp-content\/uploads\/2026\/04\/Croatia-Soma-1024x722.jpg 1024w, https:\/\/insideamateurfussball-ffm.de\/wp-content\/uploads\/2026\/04\/Croatia-Soma-300x211.jpg 300w, https:\/\/insideamateurfussball-ffm.de\/wp-content\/uploads\/2026\/04\/Croatia-Soma-768x541.jpg 768w, https:\/\/insideamateurfussball-ffm.de\/wp-content\/uploads\/2026\/04\/Croatia-Soma.jpg 1440w\" sizes=\"auto, (max-width: 653px) 100vw, 653px\" \/><figcaption id=\"caption-attachment-31836\" class=\"wp-caption-text\">Jubel bei der SOMA-Mannschaft des FC Croatia nach dem Finaleinzug, welches Pr\u00e4sident Mile Kelava noch am selben Abend zur\u00fcckzog. Foto: Einsendung Verein.\u00a0\u00a0<\/figcaption><\/figure>\n<p><img loading=\"lazy\" decoding=\"async\" class=\"alignnone size-full wp-image-29\" src=\"http:\/\/insideamateurfussball-ffm.de\/wp-content\/uploads\/2021\/11\/croatia.jpg\" alt=\"\" width=\"63\" height=\"80\" \/><\/p>\n<p><span style=\"font-size: 16px;\">Einen solch ungew\u00f6hnlichen Fall hat es bisher nicht gegeben. Der FC Croatia zog seine SOMA noch am selben Abend in einer von Pr\u00e4sident Mile Kelava unterzeichneten Mail vom laufenden Spielbetrieb zur\u00fcck.<\/span><\/p>\n<p><span style=\"font-size: 16px;\"> Diese Ma\u00dfnahme \u00fcberraschte insofern, als es sich um eine nicht nur im Pokalwettbewerb sehr erfolgreiche Mannschaft handelt, die in der Ligarunde das Teilnehmerfeld als Spitzenreiter anf\u00fchrte und gute Chancen gehabt h\u00e4tte, im &#8222;Final Four&#8220; der Meisterrunde Kreismeister zu werden.<\/span><\/p>\n<ul>\n<li><strong><span style=\"font-size: 16px;\">Problem: R\u00fcckzug erfolgte auf &#8222;offiziellem Weg&#8220;<\/span><\/strong><\/li>\n<\/ul>\n<p><span style=\"font-size: 16px;\"> &#8222;Unser Pr\u00e4sident hat das Team ohne R\u00fccksprache mit uns und gegen den Willen anderer Vorstandsmitglieder im Alleingang zur\u00fcckgezogen&#8220;, klagte SOMA-Abteilungsleiter Darko Krolo. Am Tag darauf gab es dann eine erneute Mail an den Kreisfu\u00dfballwart Thorsten Bastian, in der Kelava die Abmeldung der SOMA-Mannschaft wiederrief. &#8222;Nach erneuter interner Abstimmung konnten die zuvor genannten organisatorischen und personellen Herausforderungen zwischenzeitlich gekl\u00e4rt werden, sodass eine ordnungsgem\u00e4\u00dfe und verl\u00e4ssliche Teilnahme am Spielbetrieb wieder gew\u00e4hrleistet ist. Wir bitten Sie daher, die Abmeldung als gegenstandslos zu betrachten und unsere Mannschaft weiterhin im laufenden Wettbewerb zu f\u00fchren&#8220;, hei\u00dft es in dem Schreiben. <\/span><\/p>\n<p><span style=\"font-size: 16px;\">Das Problem: Da die Abmeldung auf offiziellem Weg \u00fcber das elektronische Postfach gesendet wurde, ist diese verbindlich. Bastian hatte bereits den Finalgegner FC Kalbach, der seinerseits wegen der parallelen Austragung des &#8222;Harry Fischer-Ged\u00e4chtnisturniers&#8220; am 14. Mai einen Nichtantritt in Erw\u00e4gung gezogen hatte, bereits zum Kreispokalsieger erkl\u00e4rt, da das Finale aufgrund des R\u00fcckzugs nicht stattfinden w\u00fcrde. Bastian hat den Sachverhalt nun an Tim Stehl, den juristischen Mitarbeiter auf der Gesch\u00e4ftsstelle des HFV weitergeleitet, der sich nun mit dem Sachverhalt besch\u00e4ftigen wird. Unterdessen bittet Krolo im Sinne der erfolgreichen Mannschaft um eine Ausnahme: &#8222;Wir m\u00f6chten weiter Fu\u00dfball spielen und haben mit Vereinspolitik nichts zu tun.&#8220;\u00a0\u00a0<\/span><\/p>\n","protected":false},"excerpt":{"rendered":"<p>Kurioser Fall: Nachdem die SOMA des FC Croatia mit einem 9:3-Sieg gegen T\u00fcrkg\u00fcc\u00fc Frankfurt das Kreispokal-Finale erreicht hatte, zog der Verein noch am selben Abend \u00fcberraschend die Mannschaft aus dem laufenden Spielbetrieb zur\u00fcck. Wiederum einen Tag sp\u00e4ter wollte der Club den R\u00fcckzug pl\u00f6tzlich wieder r\u00fcckg\u00e4ngig machen. Ob das \u00fcberhaupt m\u00f6glich ist, muss der Justiziar des [&hellip;]<\/p>\n","protected":false},"author":1,"featured_media":31836,"comment_status":"closed","ping_status":"closed","sticky":true,"template":"","format":"standard","meta":{"footnotes":""},"categories":[20],"tags":[],"class_list":["post-31835","post","type-post","status-publish","format-standard","has-post-thumbnail","hentry","category-soma-ah"],"_links":{"self":[{"href":"https:\/\/insideamateurfussball-ffm.de\/index.php?rest_route=\/wp\/v2\/posts\/31835","targetHints":{"allow":["GET"]}}],"collection":[{"href":"https:\/\/insideamateurfussball-ffm.de\/index.php?rest_route=\/wp\/v2\/posts"}],"about":[{"href":"https:\/\/insideamateurfussball-ffm.de\/index.php?rest_route=\/wp\/v2\/types\/post"}],"author":[{"embeddable":true,"href":"https:\/\/insideamateurfussball-ffm.de\/index.php?rest_route=\/wp\/v2\/users\/1"}],"replies":[{"embeddable":true,"href":"https:\/\/insideamateurfussball-ffm.de\/index.php?rest_route=%2Fwp%2Fv2%2Fcomments&post=31835"}],"version-history":[{"count":1,"href":"https:\/\/insideamateurfussball-ffm.de\/index.php?rest_route=\/wp\/v2\/posts\/31835\/revisions"}],"predecessor-version":[{"id":31837,"href":"https:\/\/insideamateurfussball-ffm.de\/index.php?rest_route=\/wp\/v2\/posts\/31835\/revisions\/31837"}],"wp:featuredmedia":[{"embeddable":true,"href":"https:\/\/insideamateurfussball-ffm.de\/index.php?rest_route=\/wp\/v2\/media\/31836"}],"wp:attachment":[{"href":"https:\/\/insideamateurfussball-ffm.de\/index.php?rest_route=%2Fwp%2Fv2%2Fmedia&parent=31835"}],"wp:term":[{"taxonomy":"category","embeddable":true,"href":"https:\/\/insideamateurfussball-ffm.de\/index.php?rest_route=%2Fwp%2Fv2%2Fcategories&post=31835"},{"taxonomy":"post_tag","embeddable":true,"href":"https:\/\/insideamateurfussball-ffm.de\/index.php?rest_route=%2Fwp%2Fv2%2Ftags&post=31835"}],"curies":[{"name":"wp","href":"https:\/\/api.w.org\/{rel}","templated":true}]}}