{"id":31060,"date":"2026-03-17T20:13:38","date_gmt":"2026-03-17T19:13:38","guid":{"rendered":"https:\/\/insideamateurfussball-ffm.de\/?p=31060"},"modified":"2026-03-17T22:22:40","modified_gmt":"2026-03-17T21:22:40","slug":"griesheim-knackt-giftige-roedelheimer","status":"publish","type":"post","link":"https:\/\/insideamateurfussball-ffm.de\/?p=31060","title":{"rendered":"Griesheim geduldig gegen giftige R\u00f6delheimer"},"content":{"rendered":"<h3>Tabellenf\u00fchrer Spvgg. 02 Griesheim konnte den unangenehmen R\u00f6delheimer FC im zweiten Abschnitt doch noch knacken und untermauerte die Aufstiegsambitionen mit dem 2:0-Sieg gegen den Tabellenneunten.\u00a0<\/h3>\n<figure id=\"attachment_31061\" aria-describedby=\"caption-attachment-31061\" style=\"width: 827px\" class=\"wp-caption alignnone\"><img loading=\"lazy\" decoding=\"async\" class=\"wp-image-31061 size-full\" src=\"http:\/\/insideamateurfussball-ffm.de\/wp-content\/uploads\/2026\/03\/gries-roedelh-1.jpg\" alt=\"\" width=\"827\" height=\"627\" srcset=\"https:\/\/insideamateurfussball-ffm.de\/wp-content\/uploads\/2026\/03\/gries-roedelh-1.jpg 827w, https:\/\/insideamateurfussball-ffm.de\/wp-content\/uploads\/2026\/03\/gries-roedelh-1-300x227.jpg 300w, https:\/\/insideamateurfussball-ffm.de\/wp-content\/uploads\/2026\/03\/gries-roedelh-1-768x582.jpg 768w\" sizes=\"auto, (max-width: 827px) 100vw, 827px\" \/><figcaption id=\"caption-attachment-31061\" class=\"wp-caption-text\">Der Griesheimer St\u00fcrmer Lars Christiansen (links) im Laufduell mit dem R\u00f6delheimer Noah Heddesheimer. Foto: Mithat G\u00fcrser.<\/figcaption><\/figure>\n<h3>Spvgg. 02 Griesheim &#8211; 1. R\u00f6delheimer FC 02 2:0 (0:0)<\/h3>\n<p><img loading=\"lazy\" decoding=\"async\" class=\"alignnone size-full wp-image-287\" src=\"http:\/\/insideamateurfussball-ffm.de\/wp-content\/uploads\/2022\/05\/SpVgg._02_Griesheim_02.jpg\" alt=\"\" width=\"100\" height=\"100\" \/><img loading=\"lazy\" decoding=\"async\" class=\"alignnone size-full wp-image-932\" src=\"http:\/\/insideamateurfussball-ffm.de\/wp-content\/uploads\/2022\/06\/Roedelheim.jpg\" alt=\"\" width=\"80\" height=\"73\" \/><\/p>\n<p>&#8222;Generell tun wir uns immer schwer gegen R\u00f6delheim, denn das ist eine sehr giftige Mannschaft&#8220;, meinte Griesheims Trainer Dominic Machado. Der Pokal-Halbfinalist hatte bereits in der 2. Minute die Chance zur F\u00fchrung vergeben, als Kapit\u00e4n Ante Peko einen Foulelfmeter gegen R\u00f6delheims Torh\u00fcter Theo Wedel verschoss. Schon fr\u00fch musste Machado wechseln, denn Mark Antonio Bonta hatte sich das Au\u00dfenband gerissen, f\u00fcr ihn kam in der 12. Minute Bilal El Gouy. Erst im zweiten Abschnitt brachte Torj\u00e4ger Marcus Kreckel die Gastgeber in F\u00fchrung (51.). In der Nachspielzeit machte Ricardo Pereira mit einem Konter alles klar (90.\/+3). &#8222;Ein Spiel auf einem hohen KOL-Niveau endete f\u00fcr den Club mit einer knappen Niederlage, die einerseits schmerzt, andererseits aber auch zeigte, dass man mit jedem Team in der Liga mithalten kann&#8220;, urteilte RFC-Pressesprecher Volker Flauaus.<\/p>\n<p>Nachdem der Anfangselan der Griesheimer durch den verschossenen Elfmeter mit der Zeit erlahmte, erspielte sich der Club Chance auf Chance. Doch Ali Osman, Luka Duka, Niklas Vogt und Ertap Turgut verfehlten das Tor oder scheiterten am gut aufgelegten Griesheimer Torh\u00fcter Nikola Bazina. &#8222;Auch der Schiedsrichter &#8222;half&#8220; dem Club nicht zur F\u00fchrung, mindestens ein Elfmeter nach Fouls an Ertap Turgut und Luka Duka h\u00e4tte er geben m\u00fcssen und seine Abseitsentscheidungen waren bei den durchgebrochenen Angreifern oft falsch&#8220;, sagte Flauaus.<\/p>\n<h3><span style=\"text-decoration: underline;\">Hazzazi vergibt den Ausgleich<\/span><\/h3>\n<p>So kam was kommen musste gegen eine Spitzenmannschaft, die ersten 10 Minuten nach der Pause w\u00e4hnte man sich noch beim Pausentee, \u00fcberlie\u00df die Initiative den Gastgebern und kassierte das 1:0 durch Torj\u00e4ger Marcus Kreckel. Danach bekam man das Spiel wieder mehr in den Griff, erzielte auch den Ausgleich, doch ein Handspiel war vorher im Spiel und tr\u00fcbte die Freude. Zum Schluss lange B\u00e4lle in die Spitze und Ayoub Hazzazi hatte noch einmal die Chance aus ca. 11 Metern, doch er verzog. Der Tabellenf\u00fchrer verlegte sich aufs Kontern, Lars Christiansen knallte den Ball an die Latte und in der Nachspielzeit machte Ricardo Pereira mit dem 2:0 gegen eine entbl\u00f6\u00dfte Abwehr den Deckel drauf.<\/p>\n<p>&#8222;Griesheim war spielerisch sehr stark, kaum ein Fehlpass von hinten raus und vorne halt zwei &#8222;Knipser&#8220;, doch insgesamt hatten unserer Abwehrstrategen diese starken St\u00fcrmer sehr gut im Griff. Nur vorne wollte der Ball beim Club heute halt nicht rein&#8220;, fasste Flauaus zusammen. Nun geht es am Sonntag f\u00fcr Griesheim in den Ostpark zum FC Gudesding, w\u00e4hrend R\u00f6delheim gegen Concordia Eschersheim spielt.\u00a0<\/p>\n<h3><span style=\"text-decoration: underline;\">Schiedsrichter: Mike Kantz (TV Idstein). Zuschauer: 77. <\/span><\/h3>\n<h3><span style=\"text-decoration: underline;\">Tore: 1:0 Marcus Kreckel (51.), 2:0 Ricardo Pereira (90.\/+3). <\/span><\/h3>\n<h3><span style=\"text-decoration: underline;\">Bildergalerie: Mithat G\u00fcrser schaute nach dem Bosnien-Spiel auch an der Eichenstra\u00dfe vorbei. Vielen Dank!<\/span><\/h3>\n\n\n<figure class=\"wp-block-gallery has-nested-images columns-default is-cropped wp-block-gallery-1 is-layout-flex wp-block-gallery-is-layout-flex\">\n<figure class=\"wp-block-image size-large\"><img loading=\"lazy\" decoding=\"async\" width=\"827\" height=\"651\" data-id=\"31062\" src=\"https:\/\/insideamateurfussball-ffm.de\/wp-content\/uploads\/2026\/03\/gries-roedelh-4.jpg\" alt=\"\" class=\"wp-image-31062\" srcset=\"https:\/\/insideamateurfussball-ffm.de\/wp-content\/uploads\/2026\/03\/gries-roedelh-4.jpg 827w, https:\/\/insideamateurfussball-ffm.de\/wp-content\/uploads\/2026\/03\/gries-roedelh-4-300x236.jpg 300w, https:\/\/insideamateurfussball-ffm.de\/wp-content\/uploads\/2026\/03\/gries-roedelh-4-768x605.jpg 768w\" sizes=\"auto, (max-width: 827px) 100vw, 827px\" \/><\/figure>\n<\/figure>\n\n\n\n<figure class=\"wp-block-gallery has-nested-images columns-default is-cropped wp-block-gallery-2 is-layout-flex wp-block-gallery-is-layout-flex\">\n<figure class=\"wp-block-image size-large\"><img loading=\"lazy\" decoding=\"async\" width=\"827\" height=\"557\" data-id=\"31063\" src=\"https:\/\/insideamateurfussball-ffm.de\/wp-content\/uploads\/2026\/03\/gries-roedelh-7.jpg\" alt=\"\" class=\"wp-image-31063\" srcset=\"https:\/\/insideamateurfussball-ffm.de\/wp-content\/uploads\/2026\/03\/gries-roedelh-7.jpg 827w, https:\/\/insideamateurfussball-ffm.de\/wp-content\/uploads\/2026\/03\/gries-roedelh-7-300x202.jpg 300w, https:\/\/insideamateurfussball-ffm.de\/wp-content\/uploads\/2026\/03\/gries-roedelh-7-768x517.jpg 768w\" sizes=\"auto, (max-width: 827px) 100vw, 827px\" \/><\/figure>\n<\/figure>\n\n\n\n<figure class=\"wp-block-image size-full\"><img loading=\"lazy\" decoding=\"async\" width=\"827\" height=\"562\" src=\"https:\/\/insideamateurfussball-ffm.de\/wp-content\/uploads\/2026\/03\/gries-roedelh-2.jpg\" alt=\"\" class=\"wp-image-31064\" srcset=\"https:\/\/insideamateurfussball-ffm.de\/wp-content\/uploads\/2026\/03\/gries-roedelh-2.jpg 827w, https:\/\/insideamateurfussball-ffm.de\/wp-content\/uploads\/2026\/03\/gries-roedelh-2-300x204.jpg 300w, https:\/\/insideamateurfussball-ffm.de\/wp-content\/uploads\/2026\/03\/gries-roedelh-2-768x522.jpg 768w\" sizes=\"auto, (max-width: 827px) 100vw, 827px\" \/><\/figure>\n\n\n\n<figure class=\"wp-block-image size-full\"><img loading=\"lazy\" decoding=\"async\" width=\"798\" height=\"574\" src=\"https:\/\/insideamateurfussball-ffm.de\/wp-content\/uploads\/2026\/03\/gries-roedelh-5.jpg\" alt=\"\" class=\"wp-image-31065\" srcset=\"https:\/\/insideamateurfussball-ffm.de\/wp-content\/uploads\/2026\/03\/gries-roedelh-5.jpg 798w, https:\/\/insideamateurfussball-ffm.de\/wp-content\/uploads\/2026\/03\/gries-roedelh-5-300x216.jpg 300w, https:\/\/insideamateurfussball-ffm.de\/wp-content\/uploads\/2026\/03\/gries-roedelh-5-768x552.jpg 768w\" sizes=\"auto, (max-width: 798px) 100vw, 798px\" \/><\/figure>\n\n\n\n<figure class=\"wp-block-image size-full\"><img loading=\"lazy\" decoding=\"async\" width=\"827\" height=\"640\" src=\"https:\/\/insideamateurfussball-ffm.de\/wp-content\/uploads\/2026\/03\/gries-roede3lh-2.jpg\" alt=\"\" class=\"wp-image-31066\" srcset=\"https:\/\/insideamateurfussball-ffm.de\/wp-content\/uploads\/2026\/03\/gries-roede3lh-2.jpg 827w, https:\/\/insideamateurfussball-ffm.de\/wp-content\/uploads\/2026\/03\/gries-roede3lh-2-300x232.jpg 300w, https:\/\/insideamateurfussball-ffm.de\/wp-content\/uploads\/2026\/03\/gries-roede3lh-2-768x594.jpg 768w\" sizes=\"auto, (max-width: 827px) 100vw, 827px\" \/><\/figure>\n\n\n\n<figure class=\"wp-block-image size-full\"><img loading=\"lazy\" decoding=\"async\" width=\"834\" height=\"580\" src=\"https:\/\/insideamateurfussball-ffm.de\/wp-content\/uploads\/2026\/03\/gries-roedelh-3.jpg\" alt=\"\" class=\"wp-image-31067\" srcset=\"https:\/\/insideamateurfussball-ffm.de\/wp-content\/uploads\/2026\/03\/gries-roedelh-3.jpg 834w, https:\/\/insideamateurfussball-ffm.de\/wp-content\/uploads\/2026\/03\/gries-roedelh-3-300x209.jpg 300w, https:\/\/insideamateurfussball-ffm.de\/wp-content\/uploads\/2026\/03\/gries-roedelh-3-768x534.jpg 768w\" sizes=\"auto, (max-width: 834px) 100vw, 834px\" \/><\/figure>\n\n\n\n<figure class=\"wp-block-image size-full\"><img loading=\"lazy\" decoding=\"async\" width=\"827\" height=\"564\" src=\"https:\/\/insideamateurfussball-ffm.de\/wp-content\/uploads\/2026\/03\/gries-roedelh-6.jpg\" alt=\"\" class=\"wp-image-31068\" srcset=\"https:\/\/insideamateurfussball-ffm.de\/wp-content\/uploads\/2026\/03\/gries-roedelh-6.jpg 827w, https:\/\/insideamateurfussball-ffm.de\/wp-content\/uploads\/2026\/03\/gries-roedelh-6-300x205.jpg 300w, https:\/\/insideamateurfussball-ffm.de\/wp-content\/uploads\/2026\/03\/gries-roedelh-6-768x524.jpg 768w\" sizes=\"auto, (max-width: 827px) 100vw, 827px\" \/><\/figure>\n\n\n\n<figure class=\"wp-block-image size-full\"><img loading=\"lazy\" decoding=\"async\" width=\"827\" height=\"572\" src=\"https:\/\/insideamateurfussball-ffm.de\/wp-content\/uploads\/2026\/03\/gries-roedel8.jpg\" alt=\"\" class=\"wp-image-31069\" srcset=\"https:\/\/insideamateurfussball-ffm.de\/wp-content\/uploads\/2026\/03\/gries-roedel8.jpg 827w, https:\/\/insideamateurfussball-ffm.de\/wp-content\/uploads\/2026\/03\/gries-roedel8-300x207.jpg 300w, https:\/\/insideamateurfussball-ffm.de\/wp-content\/uploads\/2026\/03\/gries-roedel8-768x531.jpg 768w\" sizes=\"auto, (max-width: 827px) 100vw, 827px\" \/><\/figure>\n","protected":false},"excerpt":{"rendered":"<p>Tabellenf\u00fchrer Spvgg. 02 Griesheim konnte den unangenehmen R\u00f6delheimer FC im zweiten Abschnitt doch noch knacken und untermauerte die Aufstiegsambitionen mit dem 2:0-Sieg gegen den Tabellenneunten.\u00a0 Spvgg. 02 Griesheim &#8211; 1. R\u00f6delheimer FC 02 2:0 (0:0) &#8222;Generell tun wir uns immer schwer gegen R\u00f6delheim, denn das ist eine sehr giftige Mannschaft&#8220;, meinte Griesheims Trainer Dominic Machado. [&hellip;]<\/p>\n","protected":false},"author":1,"featured_media":31061,"comment_status":"closed","ping_status":"closed","sticky":true,"template":"","format":"standard","meta":{"footnotes":""},"categories":[2],"tags":[],"class_list":["post-31060","post","type-post","status-publish","format-standard","has-post-thumbnail","hentry","category-kreisoberliga-frankfurt"],"_links":{"self":[{"href":"https:\/\/insideamateurfussball-ffm.de\/index.php?rest_route=\/wp\/v2\/posts\/31060","targetHints":{"allow":["GET"]}}],"collection":[{"href":"https:\/\/insideamateurfussball-ffm.de\/index.php?rest_route=\/wp\/v2\/posts"}],"about":[{"href":"https:\/\/insideamateurfussball-ffm.de\/index.php?rest_route=\/wp\/v2\/types\/post"}],"author":[{"embeddable":true,"href":"https:\/\/insideamateurfussball-ffm.de\/index.php?rest_route=\/wp\/v2\/users\/1"}],"replies":[{"embeddable":true,"href":"https:\/\/insideamateurfussball-ffm.de\/index.php?rest_route=%2Fwp%2Fv2%2Fcomments&post=31060"}],"version-history":[{"count":2,"href":"https:\/\/insideamateurfussball-ffm.de\/index.php?rest_route=\/wp\/v2\/posts\/31060\/revisions"}],"predecessor-version":[{"id":31081,"href":"https:\/\/insideamateurfussball-ffm.de\/index.php?rest_route=\/wp\/v2\/posts\/31060\/revisions\/31081"}],"wp:featuredmedia":[{"embeddable":true,"href":"https:\/\/insideamateurfussball-ffm.de\/index.php?rest_route=\/wp\/v2\/media\/31061"}],"wp:attachment":[{"href":"https:\/\/insideamateurfussball-ffm.de\/index.php?rest_route=%2Fwp%2Fv2%2Fmedia&parent=31060"}],"wp:term":[{"taxonomy":"category","embeddable":true,"href":"https:\/\/insideamateurfussball-ffm.de\/index.php?rest_route=%2Fwp%2Fv2%2Fcategories&post=31060"},{"taxonomy":"post_tag","embeddable":true,"href":"https:\/\/insideamateurfussball-ffm.de\/index.php?rest_route=%2Fwp%2Fv2%2Ftags&post=31060"}],"curies":[{"name":"wp","href":"https:\/\/api.w.org\/{rel}","templated":true}]}}