{"id":31053,"date":"2026-03-17T19:00:22","date_gmt":"2026-03-17T18:00:22","guid":{"rendered":"https:\/\/insideamateurfussball-ffm.de\/?p=31053"},"modified":"2026-03-17T19:00:22","modified_gmt":"2026-03-17T18:00:22","slug":"viktoria-preussen-macht-30-punkte-voll","status":"publish","type":"post","link":"https:\/\/insideamateurfussball-ffm.de\/?p=31053","title":{"rendered":"Viktoria Preu\u00dfen macht 30 Punkte voll"},"content":{"rendered":"<h3>Der SV Viktoria Preu\u00dfen best\u00e4tigte seine gute Form beim 3:1-Sieg beim FC Germania Enkheim und machte mit zehn Z\u00e4hlern aus den letzten vier Spielen die 30 Punkte voll. Die Gastgeber verbleiben bei 27 Punkten auf Rang zw\u00f6lf und haben gen\u00fcgend Vorsprung auf den vorletzten Rang.<\/h3>\n<figure id=\"attachment_31054\" aria-describedby=\"caption-attachment-31054\" style=\"width: 640px\" class=\"wp-caption alignright\"><img loading=\"lazy\" decoding=\"async\" class=\"wp-image-31054 size-large\" src=\"http:\/\/insideamateurfussball-ffm.de\/wp-content\/uploads\/2026\/03\/Jubel-Preu-869x1024.jpg\" alt=\"\" width=\"640\" height=\"754\" srcset=\"https:\/\/insideamateurfussball-ffm.de\/wp-content\/uploads\/2026\/03\/Jubel-Preu-869x1024.jpg 869w, https:\/\/insideamateurfussball-ffm.de\/wp-content\/uploads\/2026\/03\/Jubel-Preu-255x300.jpg 255w, https:\/\/insideamateurfussball-ffm.de\/wp-content\/uploads\/2026\/03\/Jubel-Preu-768x905.jpg 768w, https:\/\/insideamateurfussball-ffm.de\/wp-content\/uploads\/2026\/03\/Jubel-Preu-1304x1536.jpg 1304w, https:\/\/insideamateurfussball-ffm.de\/wp-content\/uploads\/2026\/03\/Jubel-Preu.jpg 1738w\" sizes=\"auto, (max-width: 640px) 100vw, 640px\" \/><figcaption id=\"caption-attachment-31054\" class=\"wp-caption-text\">Jubel beim SV Viktoria Preu\u00dfen. Foto: Facebook Verein.\u00a0<\/figcaption><\/figure>\n<h3>FC Germania Enkheim &#8211; SV Viktoria Preu\u00dfen 1:3 (1:2)<\/h3>\n<p><img loading=\"lazy\" decoding=\"async\" class=\"alignnone size-full wp-image-1748\" src=\"http:\/\/insideamateurfussball-ffm.de\/wp-content\/uploads\/2022\/07\/Enkheim-1.jpg\" alt=\"\" width=\"63\" height=\"80\" \/><img loading=\"lazy\" decoding=\"async\" class=\"alignnone size-full wp-image-12\" src=\"http:\/\/insideamateurfussball-ffm.de\/wp-content\/uploads\/2021\/11\/preussen.jpg\" alt=\"\" width=\"72\" height=\"80\" \/><\/p>\n<p>Die fr\u00fche Enkheimer F\u00fchrung durch Canluca Leo (11.) brachte den Gastgebern nicht den erhofften Heimsieg. &#8222;Die Preu\u00dfen f\u00fchrten zur Halbzeit 2:1 durch zwei Standards! In der zweiten Halbzeit spielen wir nur auf ein Tor, in den letzten zehn Minuten machen wir auf und fangen einen Konter&#8220;, fasste Enkheims Trainer Antonio D\u00b4Andrea den Spielverlauf zusammen.<\/p>\n<h3><span style=\"text-decoration: underline;\">Schweitzer sichert mit Konter den Ausw\u00e4rtssieg<\/span><\/h3>\n<p>G\u00e4stetorj\u00e4ger Pascal Bausch per Freisto\u00df zu seinem 32. Saisontreffer (29.) hatte zum Ausgleich getroffen. Dann war auch Julien Smith nach einem Flankenball erfolgreich und brachte die G\u00e4ste in F\u00fchrung (41.). Mit dem letzten Konter sicherte Erik Schweitzer der Viktoria den Ausw\u00e4rtssieg (90.). Preu\u00dfen-Trainer Artur Rissling hatte &#8222;eine komplett ausgeglichene erste Halbzeit mit dem sch\u00f6nen Freisto\u00dftor von Pascal&#8220; gesehen. &#8222;Das war so ein Spiel: Keiner wollte verlieren, sondern einen Punkt mitnehmen. So hat das ausgesehen. Zweite Halbzeit haben wir nicht gut gespielt, Enkheim hatte viel zu viele Standards: Ecken, Freist\u00f6\u00dfe. Da waren auch drei, vier knappe Sachen dabei, wo die das 2:2 machen konnten. Kurz vor Schluss haben wir das 3:1 gemacht mit einem Konter. Das Spiel h\u00e4tte aber keinen Sieger verdient gehabt. Wir kommen mit dem dritten Sieg in Folge langsam da unten raus, aber das war kein verdienter Sieg. Ein Unentschieden w\u00e4re verdient gewesen im Spiel auf Augenh\u00f6he, dennoch sind wir \u00fcber drei Punkte gl\u00fccklich&#8220;, freute sich Rissling.<\/p>\n<p>Enkheim f\u00e4hrt am Sonntag nach Niederrad (15 Uhr). Zeitgleich erwarten die Preu\u00dfen den Relegationsgegner vom letzten Sommer Germania Ginnheim.<\/p>\n<h3><span style=\"text-decoration: underline;\">Schiedsrichter: Murat Savci (FSC Eschborn). Zuschauer: 70. <\/span><\/h3>\n<h3><span style=\"text-decoration: underline;\">Tore: 1:0 Canluca Leo (11.), 1:1 Pascal Bausch (29.), 1:2 Julien Smith (41.), 1:3 Erik Schweitzer (90.).<\/span><\/h3>\n","protected":false},"excerpt":{"rendered":"<p>Der SV Viktoria Preu\u00dfen best\u00e4tigte seine gute Form beim 3:1-Sieg beim FC Germania Enkheim und machte mit zehn Z\u00e4hlern aus den letzten vier Spielen die 30 Punkte voll. Die Gastgeber verbleiben bei 27 Punkten auf Rang zw\u00f6lf und haben gen\u00fcgend Vorsprung auf den vorletzten Rang. FC Germania Enkheim &#8211; SV Viktoria Preu\u00dfen 1:3 (1:2) Die [&hellip;]<\/p>\n","protected":false},"author":1,"featured_media":31054,"comment_status":"closed","ping_status":"closed","sticky":true,"template":"","format":"standard","meta":{"footnotes":""},"categories":[2],"tags":[],"class_list":["post-31053","post","type-post","status-publish","format-standard","has-post-thumbnail","hentry","category-kreisoberliga-frankfurt"],"_links":{"self":[{"href":"https:\/\/insideamateurfussball-ffm.de\/index.php?rest_route=\/wp\/v2\/posts\/31053","targetHints":{"allow":["GET"]}}],"collection":[{"href":"https:\/\/insideamateurfussball-ffm.de\/index.php?rest_route=\/wp\/v2\/posts"}],"about":[{"href":"https:\/\/insideamateurfussball-ffm.de\/index.php?rest_route=\/wp\/v2\/types\/post"}],"author":[{"embeddable":true,"href":"https:\/\/insideamateurfussball-ffm.de\/index.php?rest_route=\/wp\/v2\/users\/1"}],"replies":[{"embeddable":true,"href":"https:\/\/insideamateurfussball-ffm.de\/index.php?rest_route=%2Fwp%2Fv2%2Fcomments&post=31053"}],"version-history":[{"count":2,"href":"https:\/\/insideamateurfussball-ffm.de\/index.php?rest_route=\/wp\/v2\/posts\/31053\/revisions"}],"predecessor-version":[{"id":31056,"href":"https:\/\/insideamateurfussball-ffm.de\/index.php?rest_route=\/wp\/v2\/posts\/31053\/revisions\/31056"}],"wp:featuredmedia":[{"embeddable":true,"href":"https:\/\/insideamateurfussball-ffm.de\/index.php?rest_route=\/wp\/v2\/media\/31054"}],"wp:attachment":[{"href":"https:\/\/insideamateurfussball-ffm.de\/index.php?rest_route=%2Fwp%2Fv2%2Fmedia&parent=31053"}],"wp:term":[{"taxonomy":"category","embeddable":true,"href":"https:\/\/insideamateurfussball-ffm.de\/index.php?rest_route=%2Fwp%2Fv2%2Fcategories&post=31053"},{"taxonomy":"post_tag","embeddable":true,"href":"https:\/\/insideamateurfussball-ffm.de\/index.php?rest_route=%2Fwp%2Fv2%2Ftags&post=31053"}],"curies":[{"name":"wp","href":"https:\/\/api.w.org\/{rel}","templated":true}]}}