{"id":31045,"date":"2026-03-16T22:31:54","date_gmt":"2026-03-16T21:31:54","guid":{"rendered":"https:\/\/insideamateurfussball-ffm.de\/?p=31045"},"modified":"2026-03-16T22:36:13","modified_gmt":"2026-03-16T21:36:13","slug":"posavina-ringt-duenn-besetzten-bsc-nieder","status":"publish","type":"post","link":"https:\/\/insideamateurfussball-ffm.de\/?p=31045","title":{"rendered":"Posavina ringt d\u00fcnn besetzten BSC nieder"},"content":{"rendered":"<h3>Der FC Posavina gewann gegen den BSC Schwarz-Wei\u00df 19 mit 3:2, \u00fcberholte den Kontrahenten in der Tabelle, gegen den nach dem 3:1 im Hinspiel auch der direkte Vergleich gewonnen wurde und verwies die d\u00fcnn besetzten G\u00e4ste auf Rang sechs.\u00a0<\/h3>\n<figure id=\"attachment_31046\" aria-describedby=\"caption-attachment-31046\" style=\"width: 886px\" class=\"wp-caption alignnone\"><img loading=\"lazy\" decoding=\"async\" class=\"wp-image-31046 size-full\" src=\"http:\/\/insideamateurfussball-ffm.de\/wp-content\/uploads\/2026\/03\/conc-pos5-1.jpg\" alt=\"\" width=\"886\" height=\"639\" srcset=\"https:\/\/insideamateurfussball-ffm.de\/wp-content\/uploads\/2026\/03\/conc-pos5-1.jpg 886w, https:\/\/insideamateurfussball-ffm.de\/wp-content\/uploads\/2026\/03\/conc-pos5-1-300x216.jpg 300w, https:\/\/insideamateurfussball-ffm.de\/wp-content\/uploads\/2026\/03\/conc-pos5-1-768x554.jpg 768w\" sizes=\"auto, (max-width: 886px) 100vw, 886px\" \/><figcaption id=\"caption-attachment-31046\" class=\"wp-caption-text\">Posavina-Trainer Danijel Koturic. Foto: Archiv Mithat G\u00fcrser.<\/figcaption><\/figure>\n<h3>FC Posavina &#8211; BSC Schwarz-Wei\u00df 19 3:2 (2:0)<\/h3>\n<p><img loading=\"lazy\" decoding=\"async\" class=\"alignnone size-full wp-image-22\" src=\"http:\/\/insideamateurfussball-ffm.de\/wp-content\/uploads\/2021\/11\/posavina.jpg\" alt=\"\" width=\"63\" height=\"80\" \/><img loading=\"lazy\" decoding=\"async\" class=\"alignnone size-full wp-image-285\" src=\"http:\/\/insideamateurfussball-ffm.de\/wp-content\/uploads\/2022\/05\/BSC-19.jpg\" alt=\"\" width=\"80\" height=\"61\" \/><\/p>\n<p>Posavina verzeichnete viel Ballbesitz und ging durch den nach seiner abgelaufenen Rotsperre wieder spielberechtigten Daniel Filipovic nach einem Eckball in F\u00fchrung (30.). R\u00fcckkehrer Alen Tahirovic erh\u00f6hte mit einem schnell ausgef\u00fchrten Freisto\u00df noch vor der Halbzeit (43.). Nach dem Seitenwechsel kamen die G\u00e4ste, bei denen Trainer Eleyas Kahsay und Co-Trainer Ararat Akkus auf dem Spielberichtsbogen standen, durch Kapit\u00e4n Sebhat Kahsay (57.) per Foulelfmeter und Tskaloba Zhgenti (58.) binnen zwei Minuten zum Ausgleich.<\/p>\n<p>F\u00fcr die Entscheidung sorgte mit Kristijan Bejic ein weiterer Winterzugang (71.). Das Fazit von FCP-Pressesprecher Ante Pejic: &#8222;Nach einer starken ersten Halbzeit und der zwischenzeitlichen Aufholjagd des Gegners zeigt das Team Charakter und holt sich am Ende verdient den 3:2-Sieg.&#8220; G\u00e4stecoach Eleyas Kahsay berichtete von einem &#8222;d\u00fcnn besetzten Kader. Wir haben am Samstag sechs Absagen bekommen und mussten mit 1B-Spielern auff\u00fcllen und uns selbst auf den Bogen setzen.&#8220;<\/p>\n<p>In der zweikampfbetonten Partie habe sein Team bessere Spielanteile gehabt. Nach dem 0:2-R\u00fcckstand sei es seinerseits laut in der Kabine geworden und so trat der BSC dann wachger\u00fcttelt besser auf. &#8222;Nach dem Ausgleich haben wir durch einen eigenen Fehler das 3:2 kassiert, wir versuchten zwar alles nach vorne zu werfen, aber wir merken von Woche zu Woche, dass wir nicht mehr die Qualit\u00e4t haben.&#8220; Kahsays Fazit: &#8222;Was ich zu Beginn der Vorbereitung schon bef\u00fcrchtet habe, wird aktuell wahr. All die wichtigen Ausf\u00e4lle sind schwer zu kompensieren und wir k\u00f6nnen wirklich und so traurig es klingt froh sein, dass wir in unserer aktuellen Situation und den Niederlagen echt genug Punkte auf dem Konto haben.&#8220;<\/p>\n<p>F\u00fcr Posavina geht es am Sonntag um 15 Uhr zum prestigetr\u00e4chtigen kroatischen Duell zum FC Croatia. Zeitgleich erwartet der BSC den auf dem momentanen Relegationsplatz stehenden Aufsteiger GSU Hellas.\u00a0\u00a0<\/p>\n<p>\u00a0<\/p>\n<p>\u00a0<\/p>\n<p>\u00a0<\/p>\n<p>\u00a0<\/p>\n<p>\u00a0<\/p>\n<p>\u00a0<\/p>\n\n\n<figure class=\"wp-block-pullquote\"><blockquote><p><strong>&#8222;Wir merken von Woche zu Woche, dass wir nicht mehr die Qualit\u00e4t haben.&#8220;<\/strong><\/p><cite><strong>BSC-Trainer Eleyas Kahsay<\/strong><\/cite><\/blockquote><\/figure>\n\n\n<h3><span style=\"text-decoration: underline;\">Schiedsrichter: Maximilian Lau (FC Gie\u00dfen). Zuschauer: 70. <\/span><\/h3>\n<h3><span style=\"text-decoration: underline;\">Tore: 1:0 Daniel Filipovic (30.), 2:0 Alen Tahirovic (43.), 2:1 Sebhat Kahsay (57.\/Foulelfmeter), 2:2 Tskaloba Zhgenti (58.), 3:2 Kristijan Bejic (71.).<\/span><\/h3>","protected":false},"excerpt":{"rendered":"<p>Der FC Posavina gewann gegen den BSC Schwarz-Wei\u00df 19 mit 3:2, \u00fcberholte den Kontrahenten in der Tabelle, gegen den nach dem 3:1 im Hinspiel auch der direkte Vergleich gewonnen wurde und verwies die d\u00fcnn besetzten G\u00e4ste auf Rang sechs.\u00a0 FC Posavina &#8211; BSC Schwarz-Wei\u00df 19 3:2 (2:0) Posavina verzeichnete viel Ballbesitz und ging durch den [&hellip;]<\/p>\n","protected":false},"author":1,"featured_media":31046,"comment_status":"closed","ping_status":"closed","sticky":true,"template":"","format":"standard","meta":{"footnotes":""},"categories":[2],"tags":[],"class_list":["post-31045","post","type-post","status-publish","format-standard","has-post-thumbnail","hentry","category-kreisoberliga-frankfurt"],"_links":{"self":[{"href":"https:\/\/insideamateurfussball-ffm.de\/index.php?rest_route=\/wp\/v2\/posts\/31045","targetHints":{"allow":["GET"]}}],"collection":[{"href":"https:\/\/insideamateurfussball-ffm.de\/index.php?rest_route=\/wp\/v2\/posts"}],"about":[{"href":"https:\/\/insideamateurfussball-ffm.de\/index.php?rest_route=\/wp\/v2\/types\/post"}],"author":[{"embeddable":true,"href":"https:\/\/insideamateurfussball-ffm.de\/index.php?rest_route=\/wp\/v2\/users\/1"}],"replies":[{"embeddable":true,"href":"https:\/\/insideamateurfussball-ffm.de\/index.php?rest_route=%2Fwp%2Fv2%2Fcomments&post=31045"}],"version-history":[{"count":1,"href":"https:\/\/insideamateurfussball-ffm.de\/index.php?rest_route=\/wp\/v2\/posts\/31045\/revisions"}],"predecessor-version":[{"id":31047,"href":"https:\/\/insideamateurfussball-ffm.de\/index.php?rest_route=\/wp\/v2\/posts\/31045\/revisions\/31047"}],"wp:featuredmedia":[{"embeddable":true,"href":"https:\/\/insideamateurfussball-ffm.de\/index.php?rest_route=\/wp\/v2\/media\/31046"}],"wp:attachment":[{"href":"https:\/\/insideamateurfussball-ffm.de\/index.php?rest_route=%2Fwp%2Fv2%2Fmedia&parent=31045"}],"wp:term":[{"taxonomy":"category","embeddable":true,"href":"https:\/\/insideamateurfussball-ffm.de\/index.php?rest_route=%2Fwp%2Fv2%2Fcategories&post=31045"},{"taxonomy":"post_tag","embeddable":true,"href":"https:\/\/insideamateurfussball-ffm.de\/index.php?rest_route=%2Fwp%2Fv2%2Ftags&post=31045"}],"curies":[{"name":"wp","href":"https:\/\/api.w.org\/{rel}","templated":true}]}}