{"id":31029,"date":"2026-03-16T18:39:36","date_gmt":"2026-03-16T17:39:36","guid":{"rendered":"https:\/\/insideamateurfussball-ffm.de\/?p=31029"},"modified":"2026-03-16T20:41:39","modified_gmt":"2026-03-16T19:41:39","slug":"seckbach-bleibt-oben-dran","status":"publish","type":"post","link":"https:\/\/insideamateurfussball-ffm.de\/?p=31029","title":{"rendered":"Seckbach bleibt oben dran"},"content":{"rendered":"<h4>Mit dem 3:2-Sieg beim FV Stierstadt verteidigte die FG Seckbach ihren dritten Tabellenplatz und hat weiterhin gute Chancen, den Relegationsplatz zu erreichen.<\/h4>\n<figure id=\"attachment_27339\" aria-describedby=\"caption-attachment-27339\" style=\"width: 2016px\" class=\"wp-caption alignnone\"><img loading=\"lazy\" decoding=\"async\" class=\"wp-image-27339 size-full\" src=\"http:\/\/insideamateurfussball-ffm.de\/wp-content\/uploads\/2025\/08\/seckbachfriedrichsdorf08.jpg\" alt=\"\" width=\"2016\" height=\"1512\" srcset=\"https:\/\/insideamateurfussball-ffm.de\/wp-content\/uploads\/2025\/08\/seckbachfriedrichsdorf08.jpg 2016w, https:\/\/insideamateurfussball-ffm.de\/wp-content\/uploads\/2025\/08\/seckbachfriedrichsdorf08-300x225.jpg 300w, https:\/\/insideamateurfussball-ffm.de\/wp-content\/uploads\/2025\/08\/seckbachfriedrichsdorf08-1024x768.jpg 1024w, https:\/\/insideamateurfussball-ffm.de\/wp-content\/uploads\/2025\/08\/seckbachfriedrichsdorf08-768x576.jpg 768w, https:\/\/insideamateurfussball-ffm.de\/wp-content\/uploads\/2025\/08\/seckbachfriedrichsdorf08-1536x1152.jpg 1536w\" sizes=\"auto, (max-width: 2016px) 100vw, 2016px\" \/><figcaption id=\"caption-attachment-27339\" class=\"wp-caption-text\">Florian Schuberth erzielte kurz vor der Halbzeit per Elfmeter den wichtigen Ausgleich zum 1:1. Foto Archiv MZ<\/figcaption><\/figure>\n<h4>FV Stierstadt &#8211; FG Seckbach 2:3 (1:1)<\/h4>\n<p><img loading=\"lazy\" decoding=\"async\" class=\"alignnone size-full wp-image-3054\" src=\"http:\/\/insideamateurfussball-ffm.de\/wp-content\/uploads\/2022\/10\/Stierstadt.png\" alt=\"\" width=\"80\" height=\"80\" \/><img loading=\"lazy\" decoding=\"async\" class=\"alignnone size-full wp-image-544\" src=\"http:\/\/insideamateurfussball-ffm.de\/wp-content\/uploads\/2022\/06\/Seckbach.jpg\" alt=\"\" width=\"80\" height=\"80\" \/><\/p>\n<p>Nach der Niederlage letzte Woche gegen den FC Tempo und dem Pokalaus unter der Woche gegen die SG Bornheim reiste die FG Seckbach mit gemischten Gef\u00fchlen zum FV Stierstadt, bei dem man oft nicht besonders gut ausgesehen hat, auch das Hinspiel ging mit 1:4 verloren. Doch die Seckbacher zeigten K\u00e4mpferqualit\u00e4ten und steckten auch das 0:1 aus der 26.Minute weg, in der Christian Kaus die Gastgeber in F\u00fchrung brachte. Kurz vor der Pause konnten die Seckbacher ausgleichen, Nick B\u00f6ff wurde im Strafraum gelegt und Florian Schuberth verwandelte den Elfmeter zum Halbzeitstand von 1:1.<\/p>\n<p>In der zweiten H\u00e4lfte kamen die G\u00e4ste besser aus der Kabine und gingen in der 54.Minute mit 2:1 in F\u00fchrung, nach einer Flanke von B\u00f6ff war Adnan Allali erfolgreich. Nach seinen zwei Assists war B\u00f6ff dann in der 58.Minute selbst erfolgreich und erh\u00f6hte auf 3:1, ehe die Gastgeber in der 68.Minute durch Dejan Misic auf 2:3 verk\u00fcrzten. In der Folgezeit versuchte Stierstadt, noch zum Ausgleich zu kommen, doch Seckbach lie\u00df nichts Z\u00e4hlbares mehr zu und brachte die 3 Punkte sicher nach Hause.<\/p>\n<p>Spielausschuss-Vorsitzender Jo Nareike: \u201ewir haben in der zweiten Halbzeit noch reichlich liegenlassen, aus meiner Sicht ein hochverdienter Sieg. Insgesamt eine durchwachsene Leistung von beiden Mannschaften, aber wir nehmen die drei Punkte gerne mit, zumal wir in Stierstadt eigentlich immer schlecht ausgesehen haben die letzten Jahre.\u201c<\/p>\n<h4>Schiedsrichter: Yannick Schweitzer (FC Werdorf). Zuschauer: 70.<\/h4>\n<h4>Tore: 0:1 Christian Kaus (26.), 1:1 Florian Schuberth (41., Elfmeter), 1:2 Adnan Allali (54.), 1:3 Nick B\u00f6ff (58.), 2:3 Dejan Misic (68.)<\/h4>\n","protected":false},"excerpt":{"rendered":"<p>Mit dem 3:2-Sieg beim FV Stierstadt verteidigte die FG Seckbach ihren dritten Tabellenplatz und hat weiterhin gute Chancen, den Relegationsplatz zu erreichen. FV Stierstadt &#8211; FG Seckbach 2:3 (1:1) Nach der Niederlage letzte Woche gegen den FC Tempo und dem Pokalaus unter der Woche gegen die SG Bornheim reiste die FG Seckbach mit gemischten Gef\u00fchlen [&hellip;]<\/p>\n","protected":false},"author":3,"featured_media":27339,"comment_status":"closed","ping_status":"open","sticky":true,"template":"","format":"standard","meta":{"footnotes":""},"categories":[13],"tags":[],"class_list":["post-31029","post","type-post","status-publish","format-standard","has-post-thumbnail","hentry","category-gruppenliga-frankfurt-west"],"_links":{"self":[{"href":"https:\/\/insideamateurfussball-ffm.de\/index.php?rest_route=\/wp\/v2\/posts\/31029","targetHints":{"allow":["GET"]}}],"collection":[{"href":"https:\/\/insideamateurfussball-ffm.de\/index.php?rest_route=\/wp\/v2\/posts"}],"about":[{"href":"https:\/\/insideamateurfussball-ffm.de\/index.php?rest_route=\/wp\/v2\/types\/post"}],"author":[{"embeddable":true,"href":"https:\/\/insideamateurfussball-ffm.de\/index.php?rest_route=\/wp\/v2\/users\/3"}],"replies":[{"embeddable":true,"href":"https:\/\/insideamateurfussball-ffm.de\/index.php?rest_route=%2Fwp%2Fv2%2Fcomments&post=31029"}],"version-history":[{"count":3,"href":"https:\/\/insideamateurfussball-ffm.de\/index.php?rest_route=\/wp\/v2\/posts\/31029\/revisions"}],"predecessor-version":[{"id":31040,"href":"https:\/\/insideamateurfussball-ffm.de\/index.php?rest_route=\/wp\/v2\/posts\/31029\/revisions\/31040"}],"wp:featuredmedia":[{"embeddable":true,"href":"https:\/\/insideamateurfussball-ffm.de\/index.php?rest_route=\/wp\/v2\/media\/27339"}],"wp:attachment":[{"href":"https:\/\/insideamateurfussball-ffm.de\/index.php?rest_route=%2Fwp%2Fv2%2Fmedia&parent=31029"}],"wp:term":[{"taxonomy":"category","embeddable":true,"href":"https:\/\/insideamateurfussball-ffm.de\/index.php?rest_route=%2Fwp%2Fv2%2Fcategories&post=31029"},{"taxonomy":"post_tag","embeddable":true,"href":"https:\/\/insideamateurfussball-ffm.de\/index.php?rest_route=%2Fwp%2Fv2%2Ftags&post=31029"}],"curies":[{"name":"wp","href":"https:\/\/api.w.org\/{rel}","templated":true}]}}