{"id":31004,"date":"2026-03-16T18:24:54","date_gmt":"2026-03-16T17:24:54","guid":{"rendered":"https:\/\/insideamateurfussball-ffm.de\/?p=31004"},"modified":"2026-03-17T22:25:25","modified_gmt":"2026-03-17T21:25:25","slug":"kosova-mit-spaetem-punkt-gegen-beienheim","status":"publish","type":"post","link":"https:\/\/insideamateurfussball-ffm.de\/?p=31004","title":{"rendered":"Kosova mit sp\u00e4tem Punkt gegen Beienheim"},"content":{"rendered":"<h4>Der FC Kosova belohnte sich gegen den seit 9 Spielen ungeschlagenen SKV Beienheim f\u00fcr seinen Kampfgeist und konnte in der Nachspielzeit per Elfmeter das 2:2 erzielen.<\/h4>\n<figure id=\"attachment_30694\" aria-describedby=\"caption-attachment-30694\" style=\"width: 1636px\" class=\"wp-caption alignnone\"><img loading=\"lazy\" decoding=\"async\" class=\"wp-image-30694 size-full\" src=\"http:\/\/insideamateurfussball-ffm.de\/wp-content\/uploads\/2026\/03\/kosovagraefenrode04.jpg\" alt=\"\" width=\"1636\" height=\"848\" srcset=\"https:\/\/insideamateurfussball-ffm.de\/wp-content\/uploads\/2026\/03\/kosovagraefenrode04.jpg 1636w, https:\/\/insideamateurfussball-ffm.de\/wp-content\/uploads\/2026\/03\/kosovagraefenrode04-300x156.jpg 300w, https:\/\/insideamateurfussball-ffm.de\/wp-content\/uploads\/2026\/03\/kosovagraefenrode04-1024x531.jpg 1024w, https:\/\/insideamateurfussball-ffm.de\/wp-content\/uploads\/2026\/03\/kosovagraefenrode04-768x398.jpg 768w, https:\/\/insideamateurfussball-ffm.de\/wp-content\/uploads\/2026\/03\/kosovagraefenrode04-1536x796.jpg 1536w\" sizes=\"auto, (max-width: 1636px) 100vw, 1636px\" \/><figcaption id=\"caption-attachment-30694\" class=\"wp-caption-text\">Der FC Kosova trotze dem SKV Beienheim einen Punkt ab. Foto: Verein<\/figcaption><\/figure>\n<h4>FC Kosova &#8211; SKV Beienheim 2:2 (1:1)<\/h4>\n<p><img loading=\"lazy\" decoding=\"async\" class=\"alignnone size-full wp-image-9\" src=\"http:\/\/insideamateurfussball-ffm.de\/wp-content\/uploads\/2021\/11\/Kosova.jpg\" alt=\"\" width=\"65\" height=\"80\" \/><img loading=\"lazy\" decoding=\"async\" class=\"alignnone size-full wp-image-545\" src=\"http:\/\/insideamateurfussball-ffm.de\/wp-content\/uploads\/2022\/06\/SKV-Beienh.jpg\" alt=\"\" width=\"79\" height=\"80\" \/><\/p>\n<p>Der SKV Beienheim holte aus den letzten 9 Spielen 25 Punkte und wollte auch beim FC Kosova gewinnen, doch die Gastgeber hielten stark dagegen und es entwickelte sich ein abwechslungsreiches Spiel mit Chancen auf beiden Seiten. Nachdem beide Mannschaften gute Chancen verpassten, gab es in der 27.Minute Elfmeter f\u00fcr die G\u00e4ste nach einem Handspiel von Perparim Islami, doch der wieder spielberechtigte Torwart Blend Bajraktari hielt den Strafsto\u00df von Andrei Dogot, der Nachschuss von S\u00f6ren Reich landete an der Latte. Doch nur zwei Minuten sp\u00e4ter die F\u00fchrung f\u00fcr Beienheim durch Cristian Vasile-Bodea, dessen Schuss aus 12 Metern im Winkel landete. Die Gastgeber vom FC Kosova schlugen in der 40.Minute zur\u00fcck, Islami, der noch den Elfmeter verschuldet hatte, erzielte mit einem Volleyschuss den Ausgleich zum 1:1, der auch den Halbzeitstand bedeutete.<\/p>\n<p>Auch in der zweiten Halbzeit ging es hin und her in einem ausgeglichenen Spiel und die G\u00e4ste sahen in der 87.Minute wie der Sieger aus, als der gerade erst eingewechselte Luca Bauer nach einem Freisto\u00df per Kopf die 2:1-F\u00fchrung erzielen konnte, doch in der 6.Minute der Nachspielzeit belohnten sich die Gastgeber f\u00fcr ihren gro\u00dfen Einsatz. Nachdem Islami im gegnerischen Strafraum abger\u00e4umt wurde, gab es Elfmeter f\u00fcr den FC Kosova, und Raisi Zalla behielt die Nerven und erzielte mit dem Schlusspfiff den verdienten Ausgleich. \u00a0Kosovas Trainer Erc\u00fcment Sahin: \u201edas Spiel hatte keinen Sieger verdient, das 2:2 war f\u00fcr beide gerecht. Ein gro\u00dfes Lob an meinen Co-Trainer Albion Bitiqi, der mit seinen guten Ideen heute viel zum Unentschieden beigetragen hat. Ein Trainer ist nur so gut wie sein Team, am 2:2 hatte die Mannschaft heute 70% Anteil, Albion 30%.\u201c<\/p>\n<p>Am n\u00e4chsten Wochenende muss der FC Kosova zum Spiel beim FC Tempo antreten, sicherlich ein stimmungsvolles Spiel beim derzeitigen Tabellenzweiten.<\/p>\n<h4>Schiedsrichter: Jason Horneck (SV 1907 Geinsheim). Zuschauer: 150.<\/h4>\n<h4>Tore: 0:1Cristian-Vasile Bodea (29.), 1:1 Perparim Islami (40.), 1:2 Luca Bauer (87.), 2:2 Raisi Zalla (90.+6, Elfmeter)<\/h4>\n","protected":false},"excerpt":{"rendered":"<p>Der FC Kosova belohnte sich gegen den seit 9 Spielen ungeschlagenen SKV Beienheim f\u00fcr seinen Kampfgeist und konnte in der Nachspielzeit per Elfmeter das 2:2 erzielen. FC Kosova &#8211; SKV Beienheim 2:2 (1:1) Der SKV Beienheim holte aus den letzten 9 Spielen 25 Punkte und wollte auch beim FC Kosova gewinnen, doch die Gastgeber hielten [&hellip;]<\/p>\n","protected":false},"author":3,"featured_media":30694,"comment_status":"closed","ping_status":"open","sticky":true,"template":"","format":"standard","meta":{"footnotes":""},"categories":[13],"tags":[],"class_list":["post-31004","post","type-post","status-publish","format-standard","has-post-thumbnail","hentry","category-gruppenliga-frankfurt-west"],"_links":{"self":[{"href":"https:\/\/insideamateurfussball-ffm.de\/index.php?rest_route=\/wp\/v2\/posts\/31004","targetHints":{"allow":["GET"]}}],"collection":[{"href":"https:\/\/insideamateurfussball-ffm.de\/index.php?rest_route=\/wp\/v2\/posts"}],"about":[{"href":"https:\/\/insideamateurfussball-ffm.de\/index.php?rest_route=\/wp\/v2\/types\/post"}],"author":[{"embeddable":true,"href":"https:\/\/insideamateurfussball-ffm.de\/index.php?rest_route=\/wp\/v2\/users\/3"}],"replies":[{"embeddable":true,"href":"https:\/\/insideamateurfussball-ffm.de\/index.php?rest_route=%2Fwp%2Fv2%2Fcomments&post=31004"}],"version-history":[{"count":4,"href":"https:\/\/insideamateurfussball-ffm.de\/index.php?rest_route=\/wp\/v2\/posts\/31004\/revisions"}],"predecessor-version":[{"id":31082,"href":"https:\/\/insideamateurfussball-ffm.de\/index.php?rest_route=\/wp\/v2\/posts\/31004\/revisions\/31082"}],"wp:featuredmedia":[{"embeddable":true,"href":"https:\/\/insideamateurfussball-ffm.de\/index.php?rest_route=\/wp\/v2\/media\/30694"}],"wp:attachment":[{"href":"https:\/\/insideamateurfussball-ffm.de\/index.php?rest_route=%2Fwp%2Fv2%2Fmedia&parent=31004"}],"wp:term":[{"taxonomy":"category","embeddable":true,"href":"https:\/\/insideamateurfussball-ffm.de\/index.php?rest_route=%2Fwp%2Fv2%2Fcategories&post=31004"},{"taxonomy":"post_tag","embeddable":true,"href":"https:\/\/insideamateurfussball-ffm.de\/index.php?rest_route=%2Fwp%2Fv2%2Ftags&post=31004"}],"curies":[{"name":"wp","href":"https:\/\/api.w.org\/{rel}","templated":true}]}}