{"id":31001,"date":"2026-03-16T18:17:47","date_gmt":"2026-03-16T17:17:47","guid":{"rendered":"https:\/\/insideamateurfussball-ffm.de\/?p=31001"},"modified":"2026-03-16T20:39:07","modified_gmt":"2026-03-16T19:39:07","slug":"tempo-untermauert-platz-2-durch-sieg-in-oberrad","status":"publish","type":"post","link":"https:\/\/insideamateurfussball-ffm.de\/?p=31001","title":{"rendered":"Tempo untermauert Platz 2 durch Sieg in Oberrad"},"content":{"rendered":"<h4>Der FC Tempo ist weiterhin auf einem guten Weg, am Ende der Saison den Relegationsplatz zu erreichen, bei der Spvgg. 05 Oberrad gewannen die Ginnheimer mit 3:0.<\/h4>\n<figure id=\"attachment_26602\" aria-describedby=\"caption-attachment-26602\" style=\"width: 1600px\" class=\"wp-caption alignnone\"><img loading=\"lazy\" decoding=\"async\" class=\"wp-image-26602 size-full\" src=\"http:\/\/insideamateurfussball-ffm.de\/wp-content\/uploads\/2025\/07\/Mannschaft-Tempo.jpg\" alt=\"\" width=\"1600\" height=\"1067\" srcset=\"https:\/\/insideamateurfussball-ffm.de\/wp-content\/uploads\/2025\/07\/Mannschaft-Tempo.jpg 1600w, https:\/\/insideamateurfussball-ffm.de\/wp-content\/uploads\/2025\/07\/Mannschaft-Tempo-300x200.jpg 300w, https:\/\/insideamateurfussball-ffm.de\/wp-content\/uploads\/2025\/07\/Mannschaft-Tempo-1024x683.jpg 1024w, https:\/\/insideamateurfussball-ffm.de\/wp-content\/uploads\/2025\/07\/Mannschaft-Tempo-768x512.jpg 768w, https:\/\/insideamateurfussball-ffm.de\/wp-content\/uploads\/2025\/07\/Mannschaft-Tempo-1536x1024.jpg 1536w\" sizes=\"auto, (max-width: 1600px) 100vw, 1600px\" \/><figcaption id=\"caption-attachment-26602\" class=\"wp-caption-text\">Die Mannschaft des FC Tempo kann weiterfeiern und belegt Platz 2. Foto: Archiv Verein<\/figcaption><\/figure>\n<h4>Spvgg. 05 Oberrad &#8211; FC Tempo 0:3 (0:1)<\/h4>\n<p><img loading=\"lazy\" decoding=\"async\" class=\"alignnone size-full wp-image-137\" src=\"http:\/\/insideamateurfussball-ffm.de\/wp-content\/uploads\/2022\/05\/Oberrad05.jpg\" alt=\"\" width=\"79\" height=\"80\" \/><img loading=\"lazy\" decoding=\"async\" class=\"alignnone size-full wp-image-31\" src=\"http:\/\/insideamateurfussball-ffm.de\/wp-content\/uploads\/2021\/11\/Tempo.jpg\" alt=\"\" width=\"80\" height=\"80\" \/><\/p>\n<p>Die Spvgg. 05 Oberrad musste erneut auf zwei rotgesperrte Spieler und die drei Neuzug\u00e4nge verzichten, wollte aber gegen den FC Tempo das Spitzenspiel gewinnen und 2026 den ersten Sieg erringen. Am Ende aber gab es eine erneute Niederlage und der FC Tempo untermauert damit den Tabellenplatz 2. Oberrad hatte in der ersten Halbzeit mehr Ballbesitz, kam aber offensiv kaum zu nennenswerten Torchancen. Der FC Tempo spielte wie gewohnt aus einer starken Abwehr und lauerte immer wieder auf Konter, einer f\u00fchrte dann in der 37.Minute auch zur 1:0-Halbzeitf\u00fchrung, eine Hereingabe wurde von Oberrads Sergen Bayraktar unhaltbar ins eigene Tor abgef\u00e4lscht.<\/p>\n<p>Auch in der zweiten Halbzeit waren die G\u00e4ste torgef\u00e4hrlicher und erh\u00f6hten durch einen Kopfball von Tomislav Stekovic in der 51.Minute auf 2:0, ehe Goran Grijak nach einem Alleingang in der 68.Minute den Endstand von 3:0 erzielte. Tempos Sportlicher Leiter Zoran Marcetic: \u201edas war eine reife Leistung von uns, nach 25 Minuten war Oberrad nicht mehr im Spiel. Wir hatten viele Torchancen und der Sieg h\u00e4tte auch h\u00f6her ausgehen k\u00f6nnen.\u201c Oberrads Trainer Maximilian Schmidt nach dem dritten sieglosen Spiel nach der Winterpause: \u201ewir haben es nicht geschafft, offensiv Gefahr zu entwickeln, hatten zwar mehr Ballbesitz, wurden aber nur nach Ecken etwas gef\u00e4hrlich. Tempo hat tief gestanden und auf Konter gesetzt, der Sieg geht voll in Ordnung.\u201c<\/p>\n<p>W\u00e4hrend der FC Tempo mit dem Sieg seinen zweiten Tabellenplatz untermauerte, liegt Oberrad jetzt bereits 5 Punkte hinter dem Relegationsrang zur\u00fcck und wartet weiter auf den ersten Sieg im Jahr 2026. Am kommenden Wochenende geht es zum Tabellendritten FG Seckbach, w\u00e4hrend der FC Tempo zu Hause den FC Kosova empf\u00e4ngt.<\/p>\n<h4>Schiedsrichter: Benedict Mayer (Hellas R\u00fcsselsheim). Zuschauer: 180.<\/h4>\n<h4>Tore: 0:1 Sergen Bayraktar (37., Eigentor), 0:2 Tomislav Stekovic (51.), 0:3 Goran Grijak (68.)<\/h4>\n","protected":false},"excerpt":{"rendered":"<p>Der FC Tempo ist weiterhin auf einem guten Weg, am Ende der Saison den Relegationsplatz zu erreichen, bei der Spvgg. 05 Oberrad gewannen die Ginnheimer mit 3:0. Spvgg. 05 Oberrad &#8211; FC Tempo 0:3 (0:1) Die Spvgg. 05 Oberrad musste erneut auf zwei rotgesperrte Spieler und die drei Neuzug\u00e4nge verzichten, wollte aber gegen den FC [&hellip;]<\/p>\n","protected":false},"author":3,"featured_media":26602,"comment_status":"closed","ping_status":"open","sticky":true,"template":"","format":"standard","meta":{"footnotes":""},"categories":[13],"tags":[],"class_list":["post-31001","post","type-post","status-publish","format-standard","has-post-thumbnail","hentry","category-gruppenliga-frankfurt-west"],"_links":{"self":[{"href":"https:\/\/insideamateurfussball-ffm.de\/index.php?rest_route=\/wp\/v2\/posts\/31001","targetHints":{"allow":["GET"]}}],"collection":[{"href":"https:\/\/insideamateurfussball-ffm.de\/index.php?rest_route=\/wp\/v2\/posts"}],"about":[{"href":"https:\/\/insideamateurfussball-ffm.de\/index.php?rest_route=\/wp\/v2\/types\/post"}],"author":[{"embeddable":true,"href":"https:\/\/insideamateurfussball-ffm.de\/index.php?rest_route=\/wp\/v2\/users\/3"}],"replies":[{"embeddable":true,"href":"https:\/\/insideamateurfussball-ffm.de\/index.php?rest_route=%2Fwp%2Fv2%2Fcomments&post=31001"}],"version-history":[{"count":3,"href":"https:\/\/insideamateurfussball-ffm.de\/index.php?rest_route=\/wp\/v2\/posts\/31001\/revisions"}],"predecessor-version":[{"id":31038,"href":"https:\/\/insideamateurfussball-ffm.de\/index.php?rest_route=\/wp\/v2\/posts\/31001\/revisions\/31038"}],"wp:featuredmedia":[{"embeddable":true,"href":"https:\/\/insideamateurfussball-ffm.de\/index.php?rest_route=\/wp\/v2\/media\/26602"}],"wp:attachment":[{"href":"https:\/\/insideamateurfussball-ffm.de\/index.php?rest_route=%2Fwp%2Fv2%2Fmedia&parent=31001"}],"wp:term":[{"taxonomy":"category","embeddable":true,"href":"https:\/\/insideamateurfussball-ffm.de\/index.php?rest_route=%2Fwp%2Fv2%2Fcategories&post=31001"},{"taxonomy":"post_tag","embeddable":true,"href":"https:\/\/insideamateurfussball-ffm.de\/index.php?rest_route=%2Fwp%2Fv2%2Ftags&post=31001"}],"curies":[{"name":"wp","href":"https:\/\/api.w.org\/{rel}","templated":true}]}}