{"id":30966,"date":"2026-03-14T15:07:55","date_gmt":"2026-03-14T14:07:55","guid":{"rendered":"https:\/\/insideamateurfussball-ffm.de\/?p=30966"},"modified":"2026-03-14T15:07:55","modified_gmt":"2026-03-14T14:07:55","slug":"germania-schockt-auch-bad-nauheim-und-siegt-mit-21","status":"publish","type":"post","link":"https:\/\/insideamateurfussball-ffm.de\/?p=30966","title":{"rendered":"Germania schockt auch Bad Nauheim und siegt mit 2:1"},"content":{"rendered":"<h4>Auch im Ausw\u00e4rtsspiel beim T\u00fcrkischen SV Bad Nauheim war der VfL Germania 94 erfolgreich, beim Aspiranten f\u00fcr den Relegationsplatz gewannen die abstiegsbedrohten G\u00e4ste durch ein sp\u00e4tes Tor in Unterzahl mit 2:1.<\/h4>\n<figure id=\"attachment_30365\" aria-describedby=\"caption-attachment-30365\" style=\"width: 886px\" class=\"wp-caption alignnone\"><img loading=\"lazy\" decoding=\"async\" class=\"wp-image-30365 size-full\" src=\"http:\/\/insideamateurfussball-ffm.de\/wp-content\/uploads\/2026\/02\/tguec-germ2.jpg\" alt=\"\" width=\"886\" height=\"608\" srcset=\"https:\/\/insideamateurfussball-ffm.de\/wp-content\/uploads\/2026\/02\/tguec-germ2.jpg 886w, https:\/\/insideamateurfussball-ffm.de\/wp-content\/uploads\/2026\/02\/tguec-germ2-300x206.jpg 300w, https:\/\/insideamateurfussball-ffm.de\/wp-content\/uploads\/2026\/02\/tguec-germ2-768x527.jpg 768w\" sizes=\"auto, (max-width: 886px) 100vw, 886px\" \/><figcaption id=\"caption-attachment-30365\" class=\"wp-caption-text\">Germanias Trainer Siar Daudi konnte durch ein erneut sp\u00e4tes Tor mit seiner Mannschaft einen Sieg in Bad Nauheim feiern. Foto: Archiv Mithat G\u00fcrser<\/figcaption><\/figure>\n<h4>T\u00fcrkischer SV Bad Nauheim &#8211; VfL Germania 94 1:2 (0:1)<\/h4>\n<p><img loading=\"lazy\" decoding=\"async\" class=\"alignnone size-full wp-image-25899\" src=\"http:\/\/insideamateurfussball-ffm.de\/wp-content\/uploads\/2025\/05\/Tuerkischer-SV.jpg\" alt=\"\" width=\"99\" height=\"99\" \/><img loading=\"lazy\" decoding=\"async\" class=\"alignnone size-full wp-image-11577\" src=\"http:\/\/insideamateurfussball-ffm.de\/wp-content\/uploads\/2023\/08\/Germania-94.jpg\" alt=\"\" width=\"80\" height=\"80\" \/><\/p>\n<p>Der VfL Germania 94 ist derzeit in einem Flow gegen die Mannschaften von der Tabellenspitze, nach dem sp\u00e4ten Sieg beim FC Tempo und dem sp\u00e4ten Remis gegen den Tabellenf\u00fchrer SV Bosnien\/Herzegowina gewann die Germania jetzt auch beim Tabellenvierten T\u00fcrkischer SV Bad Nauheim sp\u00e4t mit 2:1 und holte gegen die drei Topteams 7 Punkte aus 3 Spielen. Der Favorit aus Bad Nauheim begann das Spiel gem\u00e4\u00df seiner Favoritenrolle und lief die G\u00e4ste hoch an, presste fr\u00fch und hatte in der ersten Viertelstunde die Dominanz im Spiel. Doch die G\u00e4ste hielten gut dagegen und haben nach den Worten ihres Trainers Siar Daudi \u201edas Spiel angenommen und h\u00e4tten in F\u00fchrung gehen m\u00fcssen, wir h\u00e4tten zur Halbzeit mindestens mit zwei Toren f\u00fchren m\u00fcssen\u201c. Es reichte aber immerhin zum 1:0, was Jean Bosco Makengo in der 28.Minute erzielte.<\/p>\n<p>Auch zu Beginn der zweiten Halbzeit machte Bad Nauheim wieder viel Druck, doch die besseren Chancen hatten nach Ansicht ihres Trainers die G\u00e4ste, die ab der 70.Minute in Unterzahl spielen mussten, da der Torsch\u00fctze Makengo nach einem Foul die gelb-rote Karte erhielt. Das nutzten die Gastgeber schnell, Ali \u00dczer erzielte in der 74.Minute den 1:1-Ausgleich und dr\u00e4ngte die G\u00e4ste in \u00dcberzahl in die eigene H\u00e4lfte. Daudi: \u201eauch zu zehnt haben wir es taktisch \u00fcberragend gemacht und nichts Gro\u00dfartiges zugelassen au\u00dfer Standards.\u201c Nach einem Konter war die Germania dann wieder einmal sp\u00e4t erfolgreich, in der 87.Minute schloss Adnan Nurudeen Hafiz den Konter mit dem 2:1-Siegtreffer ab, die Gastgeber, die in der ersten Minute der Nachspielzeit auch noch einen Spieler mit gelb-rot verloren, konnten in der 7-min\u00fctigen Nachspielzeit nichts Z\u00e4hlbares mehr erzielen.<\/p>\n<p>Daudi: \u201ees war ein sehr intensives Spiel, wenn es Unentschieden ausgeht, ist es auch in Ordnung, ich w\u00fcnsche den Bad Nauheimern viel Erfolg auf dem weiteren Weg, das ist eine tolle Mannschaft, und ich denke auch, dass sie den Relegationsplatz erreichen werden.\u201c Wenn man die noch drei ausstehenden und noch nicht in der Tabelle ber\u00fccksichtigten weiteren drei Minuspunkte ber\u00fccksichtigt, verbesserte sich die Germania auf den derzeitigen Relegationsplatz, hat aber bereits zwei Spiele mehr ausgetragen als die dahinterstehenden Mannschaften aus Wehrheim und Burg-Gr\u00e4fenrode.<\/p>\n<p>Am n\u00e4chsten Wochenende ist die Germania spielfrei.<\/p>\n<h4>Schiedsrichter: Moritz H\u00e4mel (TSV Michelbach). Zuschauer: 70.<\/h4>\n<h4>Tore: 0:1 Jean Bosco Makengo (28.), 1:1 Ali \u00dczer (74.), 1:2 Adnan Nurudeen Hafiz (87.)<\/h4>\n","protected":false},"excerpt":{"rendered":"<p>Auch im Ausw\u00e4rtsspiel beim T\u00fcrkischen SV Bad Nauheim war der VfL Germania 94 erfolgreich, beim Aspiranten f\u00fcr den Relegationsplatz gewannen die abstiegsbedrohten G\u00e4ste durch ein sp\u00e4tes Tor in Unterzahl mit 2:1. T\u00fcrkischer SV Bad Nauheim &#8211; VfL Germania 94 1:2 (0:1) Der VfL Germania 94 ist derzeit in einem Flow gegen die Mannschaften von der [&hellip;]<\/p>\n","protected":false},"author":3,"featured_media":30365,"comment_status":"closed","ping_status":"open","sticky":true,"template":"","format":"standard","meta":{"footnotes":""},"categories":[13],"tags":[],"class_list":["post-30966","post","type-post","status-publish","format-standard","has-post-thumbnail","hentry","category-gruppenliga-frankfurt-west"],"_links":{"self":[{"href":"https:\/\/insideamateurfussball-ffm.de\/index.php?rest_route=\/wp\/v2\/posts\/30966","targetHints":{"allow":["GET"]}}],"collection":[{"href":"https:\/\/insideamateurfussball-ffm.de\/index.php?rest_route=\/wp\/v2\/posts"}],"about":[{"href":"https:\/\/insideamateurfussball-ffm.de\/index.php?rest_route=\/wp\/v2\/types\/post"}],"author":[{"embeddable":true,"href":"https:\/\/insideamateurfussball-ffm.de\/index.php?rest_route=\/wp\/v2\/users\/3"}],"replies":[{"embeddable":true,"href":"https:\/\/insideamateurfussball-ffm.de\/index.php?rest_route=%2Fwp%2Fv2%2Fcomments&post=30966"}],"version-history":[{"count":2,"href":"https:\/\/insideamateurfussball-ffm.de\/index.php?rest_route=\/wp\/v2\/posts\/30966\/revisions"}],"predecessor-version":[{"id":30968,"href":"https:\/\/insideamateurfussball-ffm.de\/index.php?rest_route=\/wp\/v2\/posts\/30966\/revisions\/30968"}],"wp:featuredmedia":[{"embeddable":true,"href":"https:\/\/insideamateurfussball-ffm.de\/index.php?rest_route=\/wp\/v2\/media\/30365"}],"wp:attachment":[{"href":"https:\/\/insideamateurfussball-ffm.de\/index.php?rest_route=%2Fwp%2Fv2%2Fmedia&parent=30966"}],"wp:term":[{"taxonomy":"category","embeddable":true,"href":"https:\/\/insideamateurfussball-ffm.de\/index.php?rest_route=%2Fwp%2Fv2%2Fcategories&post=30966"},{"taxonomy":"post_tag","embeddable":true,"href":"https:\/\/insideamateurfussball-ffm.de\/index.php?rest_route=%2Fwp%2Fv2%2Ftags&post=30966"}],"curies":[{"name":"wp","href":"https:\/\/api.w.org\/{rel}","templated":true}]}}