{"id":30953,"date":"2026-03-13T18:18:06","date_gmt":"2026-03-13T17:18:06","guid":{"rendered":"https:\/\/insideamateurfussball-ffm.de\/?p=30953"},"modified":"2026-03-13T18:19:13","modified_gmt":"2026-03-13T17:19:13","slug":"bornheim-verpflichtet-trainer-christian-bader-aus-der-walldorf-u19","status":"publish","type":"post","link":"https:\/\/insideamateurfussball-ffm.de\/?p=30953","title":{"rendered":"Bornheim verpflichtet Trainer Christian Bader aus der Walldorf-U19"},"content":{"rendered":"<h3>Im Rahmen des Pokalspiels in Seckbach wurde der Nachfolger von Taner Yalcin auf der Trainerposition bei der SG Bornheim\/Gr\u00fcn-Wei\u00df f\u00fcr die kommende Saison bekannt. Von der U19 von Rot-Wei\u00df Walldorf \u00fcbernimmt Christian Bader.\u00a0<\/h3>\n<figure id=\"attachment_30954\" aria-describedby=\"caption-attachment-30954\" style=\"width: 640px\" class=\"wp-caption alignright\"><img loading=\"lazy\" decoding=\"async\" class=\"wp-image-30954 size-large\" src=\"http:\/\/insideamateurfussball-ffm.de\/wp-content\/uploads\/2026\/03\/Symb-1024x768.jpg\" alt=\"\" width=\"640\" height=\"480\" srcset=\"https:\/\/insideamateurfussball-ffm.de\/wp-content\/uploads\/2026\/03\/Symb-1024x768.jpg 1024w, https:\/\/insideamateurfussball-ffm.de\/wp-content\/uploads\/2026\/03\/Symb-300x225.jpg 300w, https:\/\/insideamateurfussball-ffm.de\/wp-content\/uploads\/2026\/03\/Symb-768x576.jpg 768w, https:\/\/insideamateurfussball-ffm.de\/wp-content\/uploads\/2026\/03\/Symb-1536x1152.jpg 1536w, https:\/\/insideamateurfussball-ffm.de\/wp-content\/uploads\/2026\/03\/Symb.jpg 2048w\" sizes=\"auto, (max-width: 640px) 100vw, 640px\" \/><figcaption id=\"caption-attachment-30954\" class=\"wp-caption-text\">Foto: Archiv PA.<\/figcaption><\/figure>\n<p><img loading=\"lazy\" decoding=\"async\" class=\"alignnone size-full wp-image-119\" src=\"http:\/\/insideamateurfussball-ffm.de\/wp-content\/uploads\/2022\/05\/Bornheim.jpg\" alt=\"\" width=\"80\" height=\"80\" \/><\/p>\n<p>Auch die SG Bornheim\/Gr\u00fcn-Wei\u00df bleibt im Pokalwettbewerb ohne Gegentor, das 2:0 vor beeindruckender Kulisse in Seckbach wurde durch die Tore von Joel Tewelde (29.) und den Foulelfmeter von Patrick Albert (61.) souver\u00e4n herausgespielt.<\/p>\n<p>&#8222;Eine geschlossene Mannschaftsleistung, die Jungs waren sehr mutig und der Einsatz hat gestimmt&#8220;, freute sich Bornheims Trainer Taner Yalcin, der bekanntlich mit dem ehemaligen Bornheimer Trainer Sascha Volk zum Hessenligisten Rot-Wei\u00df Walldorf wechselt.<\/p>\n<p>Von diesem Verein kommt auch sein Nachfolger f\u00fcr die kommende Saison, denn wie der Sportliche Leiter Daniel Lieberich im Vorfeld des Pokalspiels mitteilte, wird Christian Bader den Verbandsligisten ab Juli \u00fcbernehmen. Aktuell ist Bader noch recht erfolgreich Trainer der U19 der Walldorfer, die als Tabellenf\u00fchrer der Hessenliga in die DFB-Junioren-Nachwuchsliga einstieg und dort die Gruppe L als Spitzenreiter anf\u00fchrt. &#8222;Gemeinsame Bekannte aus dem Fu\u00dfballkreis haben mir Christian Bader empfohlen. Ich kannte ihn erhrlich gesagt vorher nicht und hatte im ersten Gespr\u00e4ch schon das Gef\u00fchl, dass das richtig gut passen kann. Wir sind seitdem in fast t\u00e4glichem Austausch und ich merke seine Vorfreude auf seine erste Station im Seniorenbereich. Ich glaube wir haben hier eine klassische Win-Win-Situation, an der beide Seiten richtig Spa\u00df haben werden&#8220;, kommentierte Lieberich.<\/p>\n<p>Im Heimspiel gegen den Tabellenzweiten SV Unter-Flockenbach (15.30 Uhr) kann Bader gleich vorbeischauen, denn sein Team gastiert um 11 Uhr bei Eintracht Frankfurt am Riederwald. Der noch amtierende Trainer Yalcin erwartet gegen den seit acht Spielen siegreichen Hessenliga-Absteiger: &#8222;Das ist ein Ausrufezeichen! Aber auch die m\u00fcssen in Bornheim an ihre Leistungsgrenze gehen, um uns zu schlagen. Wir freuen uns auf ein Topspiel.&#8220;<\/p>\n\n\n<figure class=\"wp-block-pullquote\"><blockquote><p><strong>&#8222;Gemeinsame Bekannte aus dem Fu\u00dfballkreis haben mir Christian Bader empfohlen.&#8220;<\/strong><\/p><cite><strong>Bornheims Sportlicher Leiter Daniel Lieberich<\/strong><\/cite><\/blockquote><\/figure>\n","protected":false},"excerpt":{"rendered":"<p>Im Rahmen des Pokalspiels in Seckbach wurde der Nachfolger von Taner Yalcin auf der Trainerposition bei der SG Bornheim\/Gr\u00fcn-Wei\u00df f\u00fcr die kommende Saison bekannt. Von der U19 von Rot-Wei\u00df Walldorf \u00fcbernimmt Christian Bader.\u00a0 Auch die SG Bornheim\/Gr\u00fcn-Wei\u00df bleibt im Pokalwettbewerb ohne Gegentor, das 2:0 vor beeindruckender Kulisse in Seckbach wurde durch die Tore von Joel [&hellip;]<\/p>\n","protected":false},"author":1,"featured_media":30954,"comment_status":"closed","ping_status":"closed","sticky":true,"template":"","format":"standard","meta":{"footnotes":""},"categories":[10],"tags":[],"class_list":["post-30953","post","type-post","status-publish","format-standard","has-post-thumbnail","hentry","category-verbandsliga-sued"],"_links":{"self":[{"href":"https:\/\/insideamateurfussball-ffm.de\/index.php?rest_route=\/wp\/v2\/posts\/30953","targetHints":{"allow":["GET"]}}],"collection":[{"href":"https:\/\/insideamateurfussball-ffm.de\/index.php?rest_route=\/wp\/v2\/posts"}],"about":[{"href":"https:\/\/insideamateurfussball-ffm.de\/index.php?rest_route=\/wp\/v2\/types\/post"}],"author":[{"embeddable":true,"href":"https:\/\/insideamateurfussball-ffm.de\/index.php?rest_route=\/wp\/v2\/users\/1"}],"replies":[{"embeddable":true,"href":"https:\/\/insideamateurfussball-ffm.de\/index.php?rest_route=%2Fwp%2Fv2%2Fcomments&post=30953"}],"version-history":[{"count":2,"href":"https:\/\/insideamateurfussball-ffm.de\/index.php?rest_route=\/wp\/v2\/posts\/30953\/revisions"}],"predecessor-version":[{"id":30956,"href":"https:\/\/insideamateurfussball-ffm.de\/index.php?rest_route=\/wp\/v2\/posts\/30953\/revisions\/30956"}],"wp:featuredmedia":[{"embeddable":true,"href":"https:\/\/insideamateurfussball-ffm.de\/index.php?rest_route=\/wp\/v2\/media\/30954"}],"wp:attachment":[{"href":"https:\/\/insideamateurfussball-ffm.de\/index.php?rest_route=%2Fwp%2Fv2%2Fmedia&parent=30953"}],"wp:term":[{"taxonomy":"category","embeddable":true,"href":"https:\/\/insideamateurfussball-ffm.de\/index.php?rest_route=%2Fwp%2Fv2%2Fcategories&post=30953"},{"taxonomy":"post_tag","embeddable":true,"href":"https:\/\/insideamateurfussball-ffm.de\/index.php?rest_route=%2Fwp%2Fv2%2Ftags&post=30953"}],"curies":[{"name":"wp","href":"https:\/\/api.w.org\/{rel}","templated":true}]}}