{"id":30938,"date":"2026-03-12T17:24:00","date_gmt":"2026-03-12T16:24:00","guid":{"rendered":"https:\/\/insideamateurfussball-ffm.de\/?p=30938"},"modified":"2026-03-12T17:24:00","modified_gmt":"2026-03-12T16:24:00","slug":"kalbach-stuermt-ohne-gegentor-ins-halbfinale","status":"publish","type":"post","link":"https:\/\/insideamateurfussball-ffm.de\/?p=30938","title":{"rendered":"Kalbach st\u00fcrmt ohne Gegentor ins Halbfinale"},"content":{"rendered":"<h3>Verbandsligist FC Kalbach zog im Kreispokal beim Gruppenliga-Aufsteiger FC Kosova mit einem 7:0-Kantersieg ins Halbfinale ein und muss dort beim Sieger der heutigen Begegnung zwischen der FG Seckbach und der SG Bornheim\/Gr\u00fcn-Wei\u00df antreten.<\/h3>\n<figure id=\"attachment_30940\" aria-describedby=\"caption-attachment-30940\" style=\"width: 640px\" class=\"wp-caption alignright\"><img loading=\"lazy\" decoding=\"async\" class=\"wp-image-30940 size-large\" src=\"http:\/\/insideamateurfussball-ffm.de\/wp-content\/uploads\/2026\/03\/Ko-Kalb-1024x577.jpg\" alt=\"\" width=\"640\" height=\"361\" srcset=\"https:\/\/insideamateurfussball-ffm.de\/wp-content\/uploads\/2026\/03\/Ko-Kalb-1024x577.jpg 1024w, https:\/\/insideamateurfussball-ffm.de\/wp-content\/uploads\/2026\/03\/Ko-Kalb-300x169.jpg 300w, https:\/\/insideamateurfussball-ffm.de\/wp-content\/uploads\/2026\/03\/Ko-Kalb-768x432.jpg 768w, https:\/\/insideamateurfussball-ffm.de\/wp-content\/uploads\/2026\/03\/Ko-Kalb-1536x865.jpg 1536w, https:\/\/insideamateurfussball-ffm.de\/wp-content\/uploads\/2026\/03\/Ko-Kalb.jpg 2048w\" sizes=\"auto, (max-width: 640px) 100vw, 640px\" \/><figcaption id=\"caption-attachment-30940\" class=\"wp-caption-text\">Kalbachs Kapit\u00e4n Oliver Pauls (links) mit Kosovas Syvler Kadrijaj. Foto: PA.\u00a0<\/figcaption><\/figure>\n<h3><span style=\"font-size: 16px;\">FC Kosova &#8211; FC Kalbach 0:7 (0:4)<\/span><\/h3>\n<p><img loading=\"lazy\" decoding=\"async\" class=\"alignnone size-full wp-image-9\" src=\"http:\/\/insideamateurfussball-ffm.de\/wp-content\/uploads\/2021\/11\/Kosova.jpg\" alt=\"\" width=\"65\" height=\"80\" \/><img loading=\"lazy\" decoding=\"async\" class=\"alignnone size-full wp-image-16\" src=\"http:\/\/insideamateurfussball-ffm.de\/wp-content\/uploads\/2021\/11\/kalbach-wappen.jpg\" alt=\"\" width=\"80\" height=\"80\" \/><\/p>\n<p>Vor zwei Jahren trafen sich beide Vereine im Halbfinale an der Wilhelm-Epstein-Stra\u00dfe. Am 1. Mai 2024 gewannen die Kalbacher mit 3:0 vor 150 Zuschauern und gewannen im Endspiel gegen den seinerzeitigen B-Ligisten SC Riedberg (7:1) zum dritten Mal den Kreispokal.<\/p>\n<p>Diesmal waren es auf der momentanen Spielst\u00e4tte der Kosovaren in Praunheim nur 32 Zuschauer bei Dauerregen, der im zweiten Abschnitt aufh\u00f6rte. Kalbach setzte mit dem erst kurz vor Spielbeginn von einem Trainerlehrgang angekommenen Aaz-Dine Zarioh, der die Verantwortung an Co-Trainer Dennis Blum abgab, seine beeindruckende Pokalserie fort. Nach dem kampflosen 3:0 in der 1. Runde beim nicht angetretenen C-Klasse-Neuling FC Markaz, gab es in der 2. Runde bei Gruppenligist T\u00fcrkg\u00fcc\u00fc Frankfurt (3:0), im Achtelfinale bei A-Ligist FC Heisenrath Goldstein (13:0) und jetzt mit dem 7:0 bei Kosova noch kein Gegentor. &#8222;Wir wollen nach dem verlorenen Pokalfinale gegen Seckbach letztes Jahr den Cup wieder zur\u00fcck nach Kalbach holen. Die Null hinten wollen wir auch weiter halten&#8220;, sagte Blum unmissverst\u00e4ndlich.<\/p>\n<h3><span style=\"text-decoration: underline;\">Petrovic mit zwei Toren vor der Halbzeit<\/span><\/h3>\n<p>In die Karten spielte den G\u00e4sten das fr\u00fche Tor durch Imad Eljazouli nach 52 Sekunden. Lennard Marschik erh\u00f6hte nach acht Minuten, ehe die ersatzgeschw\u00e4chten Kosovaren fast ein Eigentor an die Unterkante der Latte fabrizierten. Konstantin Petrovic markierte noch zwei Tore vor der Halbzeit zum 4:0 (33.\/41.). Das Spiel war damit entschieden, doch die Gastgeber spielten ohne zu Murren weiter. &#8222;Lob an den Gegner, der bei dem klarer werdenden Spielstand nicht unfair geworden ist&#8220;, lobte Blum. Trotz zahlreicher Wechsel nahm der Spielfluss nicht ab und die souver\u00e4nen Kalbacher erh\u00f6hten durch Marschik (52.), Oliver Pauls (67.) und Samuel Adu (77.). Kosova-Trainer Erc\u00fcment Sahin hatte einige Erkl\u00e4rungen, warum der Gruppenligist das Pokalspiel in keinster Weise spannend gestalten konnte: &#8222;Dieses fr\u00fche Tor hat uns nicht gut getan. Wir haben die ersten Minuten verpasst, waren nicht da und auch nicht aktiv. Wir waren nicht online. Gegen einen ligah\u00f6heren Gegner kann man sich das nicht erlauben. Wir konnten in der Breite des Kaders nicht viel gestalten und hatten einen unausgebildeten Torwart im Kasten. Keine Schuld an Leart Hoxha, der sich zur Verf\u00fcgung stellt. Aber ein anderer Torwart w\u00fcrde solche Fehler nicht machen, sondern den Ball auf den anderen Fl\u00fcgel schlagen. Das ist bei diesem Ligaunterschied nicht zu kompensieren.&#8220;<\/p>\n<p>F\u00fcr Kosova geht es in der Gruppenliga gegen den SKV Beienheim am Sonntag weiter, w\u00e4hrend Kalbach in der Verbandsliga S\u00fcd den SKV Rot-Wei\u00df Darmstadt erwartet.<\/p>\n<h3><span style=\"text-decoration: underline;\">Schiedsrichter: Rajinder Mahey (Concordia Eschersheim). Zuschauer: 32. <\/span><\/h3>\n<h3><span style=\"text-decoration: underline;\">Tore: 0:1 Imad Eljazouli (1.), 0:2 Lennard Marschik (8.), 0:3, 0:4 Konstantin Petrovic (33.\/41.), 0:5 Lennard Marschik (52.), 0:6 Oliver Pauls (67.), 0:7 Samuel Adu (77.).<\/span><\/h3>\n","protected":false},"excerpt":{"rendered":"<p>Verbandsligist FC Kalbach zog im Kreispokal beim Gruppenliga-Aufsteiger FC Kosova mit einem 7:0-Kantersieg ins Halbfinale ein und muss dort beim Sieger der heutigen Begegnung zwischen der FG Seckbach und der SG Bornheim\/Gr\u00fcn-Wei\u00df antreten. FC Kosova &#8211; FC Kalbach 0:7 (0:4) Vor zwei Jahren trafen sich beide Vereine im Halbfinale an der Wilhelm-Epstein-Stra\u00dfe. Am 1. Mai [&hellip;]<\/p>\n","protected":false},"author":1,"featured_media":30940,"comment_status":"closed","ping_status":"closed","sticky":true,"template":"","format":"standard","meta":{"footnotes":""},"categories":[9],"tags":[],"class_list":["post-30938","post","type-post","status-publish","format-standard","has-post-thumbnail","hentry","category-kreispokal"],"_links":{"self":[{"href":"https:\/\/insideamateurfussball-ffm.de\/index.php?rest_route=\/wp\/v2\/posts\/30938","targetHints":{"allow":["GET"]}}],"collection":[{"href":"https:\/\/insideamateurfussball-ffm.de\/index.php?rest_route=\/wp\/v2\/posts"}],"about":[{"href":"https:\/\/insideamateurfussball-ffm.de\/index.php?rest_route=\/wp\/v2\/types\/post"}],"author":[{"embeddable":true,"href":"https:\/\/insideamateurfussball-ffm.de\/index.php?rest_route=\/wp\/v2\/users\/1"}],"replies":[{"embeddable":true,"href":"https:\/\/insideamateurfussball-ffm.de\/index.php?rest_route=%2Fwp%2Fv2%2Fcomments&post=30938"}],"version-history":[{"count":2,"href":"https:\/\/insideamateurfussball-ffm.de\/index.php?rest_route=\/wp\/v2\/posts\/30938\/revisions"}],"predecessor-version":[{"id":30941,"href":"https:\/\/insideamateurfussball-ffm.de\/index.php?rest_route=\/wp\/v2\/posts\/30938\/revisions\/30941"}],"wp:featuredmedia":[{"embeddable":true,"href":"https:\/\/insideamateurfussball-ffm.de\/index.php?rest_route=\/wp\/v2\/media\/30940"}],"wp:attachment":[{"href":"https:\/\/insideamateurfussball-ffm.de\/index.php?rest_route=%2Fwp%2Fv2%2Fmedia&parent=30938"}],"wp:term":[{"taxonomy":"category","embeddable":true,"href":"https:\/\/insideamateurfussball-ffm.de\/index.php?rest_route=%2Fwp%2Fv2%2Fcategories&post=30938"},{"taxonomy":"post_tag","embeddable":true,"href":"https:\/\/insideamateurfussball-ffm.de\/index.php?rest_route=%2Fwp%2Fv2%2Ftags&post=30938"}],"curies":[{"name":"wp","href":"https:\/\/api.w.org\/{rel}","templated":true}]}}