{"id":30928,"date":"2026-03-12T14:52:45","date_gmt":"2026-03-12T13:52:45","guid":{"rendered":"https:\/\/insideamateurfussball-ffm.de\/?p=30928"},"modified":"2026-03-12T16:44:06","modified_gmt":"2026-03-12T15:44:06","slug":"nachholspiel-ungefaehrdeter-sieg-fuer-bosnien","status":"publish","type":"post","link":"https:\/\/insideamateurfussball-ffm.de\/?p=30928","title":{"rendered":"Nachholspiel: ungef\u00e4hrdeter Sieg f\u00fcr Bosnien"},"content":{"rendered":"<h4>Der SV Bosnien\/Herzegowina konnte im dritten Anlauf das Spiel bei der FSG Burg-Gr\u00e4fenrode bestreiten und siegte in dem einseitigen Nachholspiel souver\u00e4n mit 2:0.<\/h4>\n<figure id=\"attachment_30931\" aria-describedby=\"caption-attachment-30931\" style=\"width: 2016px\" class=\"wp-caption alignnone\"><img loading=\"lazy\" decoding=\"async\" class=\"wp-image-30931 size-full\" src=\"http:\/\/insideamateurfussball-ffm.de\/wp-content\/uploads\/2026\/03\/graefenrodebosnien01.jpg\" alt=\"\" width=\"2016\" height=\"1512\" srcset=\"https:\/\/insideamateurfussball-ffm.de\/wp-content\/uploads\/2026\/03\/graefenrodebosnien01.jpg 2016w, https:\/\/insideamateurfussball-ffm.de\/wp-content\/uploads\/2026\/03\/graefenrodebosnien01-300x225.jpg 300w, https:\/\/insideamateurfussball-ffm.de\/wp-content\/uploads\/2026\/03\/graefenrodebosnien01-1024x768.jpg 1024w, https:\/\/insideamateurfussball-ffm.de\/wp-content\/uploads\/2026\/03\/graefenrodebosnien01-768x576.jpg 768w, https:\/\/insideamateurfussball-ffm.de\/wp-content\/uploads\/2026\/03\/graefenrodebosnien01-1536x1152.jpg 1536w\" sizes=\"auto, (max-width: 2016px) 100vw, 2016px\" \/><figcaption id=\"caption-attachment-30931\" class=\"wp-caption-text\">Bei Dauerregen betraten beide Mannschaften das Spielfeld. Foto: MZ<\/figcaption><\/figure>\n<h4>FSG Burg-Gr\u00e4fenrode &#8211; SV Bosnien\/Herzegowina 0:2 (0:1)<\/h4>\n<p><img loading=\"lazy\" decoding=\"async\" class=\"alignnone size-full wp-image-1337\" src=\"http:\/\/insideamateurfussball-ffm.de\/wp-content\/uploads\/2022\/07\/FSGB.png\" alt=\"\" width=\"80\" height=\"80\" \/><img loading=\"lazy\" decoding=\"async\" class=\"alignnone size-full wp-image-139\" src=\"http:\/\/insideamateurfussball-ffm.de\/wp-content\/uploads\/2022\/05\/Bosnien.jpg\" alt=\"\" width=\"79\" height=\"80\" \/><\/p>\n<p>Dauerregen, doch trotzdem konnte diesmal auf dem Rasenplatz der FSG Burg-Gr\u00e4fenrode gespielt werden, auch wenn die Platzbedingungen schwierig waren. Die abstiegsbedrohten Gastgeber empfingen den souver\u00e4nen Tabellenf\u00fchrer, der sofort die Spielkontrolle \u00fcbernahm und ca. 80% Ballbesitz verzeichnen konnte. Doch die G\u00e4ste konnten sich keine gro\u00dfen Torchancen erspielen, meistens fehlte der letzte Pass. Burg-Gr\u00e4fenrode versuchte es \u00fcber Standards und hatte in der 42.Minute eine Chance, doch nach einem Freisto\u00df fast von der Mittellinie schoss der St\u00fcrmer aus 8 Metern vorbei. Die Bosnier hatten bis dahin nur eine Kopfballchance nach einer Ecke, der Ball strich aber am Tor vorbei. In der 45.Minute dann die verdiente F\u00fchrung f\u00fcr die G\u00e4ste, eine Flanke von Almir Derdemez landete in der Mitte bei Kapit\u00e4n Husejn Mevkic, dessen Schuss vom Innenpfosten ins Tor sprang zur Halbzeitf\u00fchrung.<\/p>\n<p>In der zweiten Halbzeit wurde die Partie noch einseitiger, bei jetzt gef\u00fchlten 90% Ballbesitz war es ein Spiel auf ein Tor, die Bosnier belohnten sich in der 55.Minute mit dem 2:0. Eine Flanke wurde abgewehrt, der Abpraller landete bei Selim Zuna, der aus 12 Metern souver\u00e4n abschloss. Danach lie\u00dfen die G\u00e4ste viele weiter Chancen liegen, mit dem 2:0-Ausw\u00e4rtssieg vergr\u00f6\u00dferten die Bosnier ihren Vorsprung in der Tabelle auf 16 Punkte, es scheint nur noch eine Frage zu sein, wann der Aufstieg perfekt gemacht wird.<\/p>\n<p>Amir Mustafic, der das Spiel nach seiner roten Karte nach dem Spiel beim VfL Germania 94 hinter der Bande verbrachte und als Trainer von Admir Malohodzic vertreten wurde, meinte: \u201ePflichtsieg\u201c. Malohodzic: \u201edas Spiel war sehr einseitig, wir haben gef\u00fchlt weitaus den meisten Ballbesitz gehabt, haben Torchancen herausgespielt und auf ein Tor gespielt. Mit dem Dreier k\u00f6nnen wir zufrieden sein, nichtsdestotrotz glaube ich, dass der Gegner mit 2:0 gut davongekommen ist. Es war eine gute Leistung der Mannschaft.\u201c Am Wochenende beendet der SV Bosnien\/Herzegowina gegen den FC Olympia Fauerbach die Wochen mit den Spielen gegen die Aufsteiger.<\/p>\n<h4>Schiedsrichter: Malte Sattler (JFV Stadtallendorf). Zuschauer: 60.<\/h4>\n<h4>Tore: 0:1 Husejn Mevkic (45.), 0:2 Selim Zuna (55.)<\/h4>\n\n\n<figure class=\"wp-block-image size-large\"><img loading=\"lazy\" decoding=\"async\" width=\"1024\" height=\"768\" src=\"http:\/\/insideamateurfussball-ffm.de\/wp-content\/uploads\/2026\/03\/graefenrodebosnien00-1024x768.jpg\" alt=\"\" class=\"wp-image-30930\" srcset=\"https:\/\/insideamateurfussball-ffm.de\/wp-content\/uploads\/2026\/03\/graefenrodebosnien00-1024x768.jpg 1024w, https:\/\/insideamateurfussball-ffm.de\/wp-content\/uploads\/2026\/03\/graefenrodebosnien00-300x225.jpg 300w, https:\/\/insideamateurfussball-ffm.de\/wp-content\/uploads\/2026\/03\/graefenrodebosnien00-768x576.jpg 768w, https:\/\/insideamateurfussball-ffm.de\/wp-content\/uploads\/2026\/03\/graefenrodebosnien00-1536x1152.jpg 1536w, https:\/\/insideamateurfussball-ffm.de\/wp-content\/uploads\/2026\/03\/graefenrodebosnien00.jpg 2016w\" sizes=\"auto, (max-width: 1024px) 100vw, 1024px\" \/><\/figure>\n\n\n\n<figure class=\"wp-block-image size-large\"><img loading=\"lazy\" decoding=\"async\" width=\"1024\" height=\"768\" src=\"http:\/\/insideamateurfussball-ffm.de\/wp-content\/uploads\/2026\/03\/graefenrodebosnien02-1024x768.jpg\" alt=\"\" class=\"wp-image-30932\" srcset=\"https:\/\/insideamateurfussball-ffm.de\/wp-content\/uploads\/2026\/03\/graefenrodebosnien02-1024x768.jpg 1024w, https:\/\/insideamateurfussball-ffm.de\/wp-content\/uploads\/2026\/03\/graefenrodebosnien02-300x225.jpg 300w, https:\/\/insideamateurfussball-ffm.de\/wp-content\/uploads\/2026\/03\/graefenrodebosnien02-768x576.jpg 768w, https:\/\/insideamateurfussball-ffm.de\/wp-content\/uploads\/2026\/03\/graefenrodebosnien02-1536x1152.jpg 1536w, https:\/\/insideamateurfussball-ffm.de\/wp-content\/uploads\/2026\/03\/graefenrodebosnien02.jpg 2016w\" sizes=\"auto, (max-width: 1024px) 100vw, 1024px\" \/><\/figure>\n\n\n\n<figure class=\"wp-block-image size-large\"><img loading=\"lazy\" decoding=\"async\" width=\"1024\" height=\"768\" src=\"http:\/\/insideamateurfussball-ffm.de\/wp-content\/uploads\/2026\/03\/graefenrodebosnien03-1024x768.jpg\" alt=\"\" class=\"wp-image-30933\" srcset=\"https:\/\/insideamateurfussball-ffm.de\/wp-content\/uploads\/2026\/03\/graefenrodebosnien03-1024x768.jpg 1024w, https:\/\/insideamateurfussball-ffm.de\/wp-content\/uploads\/2026\/03\/graefenrodebosnien03-300x225.jpg 300w, https:\/\/insideamateurfussball-ffm.de\/wp-content\/uploads\/2026\/03\/graefenrodebosnien03-768x576.jpg 768w, https:\/\/insideamateurfussball-ffm.de\/wp-content\/uploads\/2026\/03\/graefenrodebosnien03-1536x1152.jpg 1536w, https:\/\/insideamateurfussball-ffm.de\/wp-content\/uploads\/2026\/03\/graefenrodebosnien03.jpg 2016w\" sizes=\"auto, (max-width: 1024px) 100vw, 1024px\" \/><\/figure>\n\n\n\n<figure class=\"wp-block-image size-large\"><img loading=\"lazy\" decoding=\"async\" width=\"1024\" height=\"768\" src=\"http:\/\/insideamateurfussball-ffm.de\/wp-content\/uploads\/2026\/03\/graefenrodebosnien04-1024x768.jpg\" alt=\"\" class=\"wp-image-30934\" srcset=\"https:\/\/insideamateurfussball-ffm.de\/wp-content\/uploads\/2026\/03\/graefenrodebosnien04-1024x768.jpg 1024w, https:\/\/insideamateurfussball-ffm.de\/wp-content\/uploads\/2026\/03\/graefenrodebosnien04-300x225.jpg 300w, https:\/\/insideamateurfussball-ffm.de\/wp-content\/uploads\/2026\/03\/graefenrodebosnien04-768x576.jpg 768w, https:\/\/insideamateurfussball-ffm.de\/wp-content\/uploads\/2026\/03\/graefenrodebosnien04-1536x1152.jpg 1536w, https:\/\/insideamateurfussball-ffm.de\/wp-content\/uploads\/2026\/03\/graefenrodebosnien04.jpg 2016w\" sizes=\"auto, (max-width: 1024px) 100vw, 1024px\" \/><\/figure>\n","protected":false},"excerpt":{"rendered":"<p>Der SV Bosnien\/Herzegowina konnte im dritten Anlauf das Spiel bei der FSG Burg-Gr\u00e4fenrode bestreiten und siegte in dem einseitigen Nachholspiel souver\u00e4n mit 2:0. FSG Burg-Gr\u00e4fenrode &#8211; SV Bosnien\/Herzegowina 0:2 (0:1) Dauerregen, doch trotzdem konnte diesmal auf dem Rasenplatz der FSG Burg-Gr\u00e4fenrode gespielt werden, auch wenn die Platzbedingungen schwierig waren. Die abstiegsbedrohten Gastgeber empfingen den souver\u00e4nen [&hellip;]<\/p>\n","protected":false},"author":3,"featured_media":30931,"comment_status":"closed","ping_status":"open","sticky":true,"template":"","format":"standard","meta":{"footnotes":""},"categories":[13],"tags":[],"class_list":["post-30928","post","type-post","status-publish","format-standard","has-post-thumbnail","hentry","category-gruppenliga-frankfurt-west"],"_links":{"self":[{"href":"https:\/\/insideamateurfussball-ffm.de\/index.php?rest_route=\/wp\/v2\/posts\/30928","targetHints":{"allow":["GET"]}}],"collection":[{"href":"https:\/\/insideamateurfussball-ffm.de\/index.php?rest_route=\/wp\/v2\/posts"}],"about":[{"href":"https:\/\/insideamateurfussball-ffm.de\/index.php?rest_route=\/wp\/v2\/types\/post"}],"author":[{"embeddable":true,"href":"https:\/\/insideamateurfussball-ffm.de\/index.php?rest_route=\/wp\/v2\/users\/3"}],"replies":[{"embeddable":true,"href":"https:\/\/insideamateurfussball-ffm.de\/index.php?rest_route=%2Fwp%2Fv2%2Fcomments&post=30928"}],"version-history":[{"count":3,"href":"https:\/\/insideamateurfussball-ffm.de\/index.php?rest_route=\/wp\/v2\/posts\/30928\/revisions"}],"predecessor-version":[{"id":30937,"href":"https:\/\/insideamateurfussball-ffm.de\/index.php?rest_route=\/wp\/v2\/posts\/30928\/revisions\/30937"}],"wp:featuredmedia":[{"embeddable":true,"href":"https:\/\/insideamateurfussball-ffm.de\/index.php?rest_route=\/wp\/v2\/media\/30931"}],"wp:attachment":[{"href":"https:\/\/insideamateurfussball-ffm.de\/index.php?rest_route=%2Fwp%2Fv2%2Fmedia&parent=30928"}],"wp:term":[{"taxonomy":"category","embeddable":true,"href":"https:\/\/insideamateurfussball-ffm.de\/index.php?rest_route=%2Fwp%2Fv2%2Fcategories&post=30928"},{"taxonomy":"post_tag","embeddable":true,"href":"https:\/\/insideamateurfussball-ffm.de\/index.php?rest_route=%2Fwp%2Fv2%2Ftags&post=30928"}],"curies":[{"name":"wp","href":"https:\/\/api.w.org\/{rel}","templated":true}]}}