{"id":309,"date":"2022-05-22T21:04:10","date_gmt":"2022-05-22T21:04:10","guid":{"rendered":"http:\/\/insideamateurfussball-ffm.de\/?p=309"},"modified":"2024-12-17T12:49:06","modified_gmt":"2024-12-17T10:49:06","slug":"bad-vilbels-abstieg-besiegelt","status":"publish","type":"post","link":"https:\/\/insideamateurfussball-ffm.de\/?p=309","title":{"rendered":"Bad Vilbels Abstieg besiegelt"},"content":{"rendered":"<p><img loading=\"lazy\" decoding=\"async\" class=\"alignnone size-medium wp-image-310\" src=\"http:\/\/insideamateurfussball-ffm.de\/wp-content\/uploads\/2022\/05\/IMG_0131-3-300x225.jpg\" alt=\"\" width=\"300\" height=\"225\" \/><\/p>\n<h4>Hessenliga Abstiegsrunde:\u00a0<\/h4>\n<h4>KSV Baunatal &#8211; FV Bad Vilbel 1:2 (0:0)<\/h4>\n<p><img loading=\"lazy\" decoding=\"async\" class=\"alignnone size-full wp-image-154\" src=\"http:\/\/insideamateurfussball-ffm.de\/wp-content\/uploads\/2022\/05\/KSV-Baunatal.jpg\" alt=\"\" width=\"60\" height=\"80\" \/><img loading=\"lazy\" decoding=\"async\" class=\"alignnone size-full wp-image-146\" src=\"http:\/\/insideamateurfussball-ffm.de\/wp-content\/uploads\/2022\/05\/FV-Bad-Vilbel.jpg\" alt=\"\" width=\"80\" height=\"80\" \/><\/p>\n<h4 data-canvas-width=\"742.2653333333328\">Im letzten Ausw\u00e4rtsspiel ging es f\u00fcr den FV Bad Vilbel mit l\u00e4ngerer Anreise zum KSV Baunatal nach Nordhessen. Durch das sp\u00e4te 2:1 von Mario Shuteriqi waren die Quellenst\u00e4dter zumindest bis Sonntagnachmittag noch im Spiel um den Klassenerhalt. Im wundersch\u00f6nen Parkstadion im Stadtpark fanden sich am vorletzten Spieltag trotz Bundesligasommerpause nur 168 Zuschauer ein. Diese sahen in der ersten Halbzeit ein chancenarmes Spiel.<\/h4>\n<div data-canvas-width=\"742.2653333333328\">Bad Vilbel hatte einige Standardsituation Baunatal dagegen eine gute M\u00f6glichkeit, wo aber ein Querpass zu viel gespielt wurde. Mit 0:0 ging es entsprechend in die Halbzeitpause. Im zweiten Durchgang agierten die Gastgeber etwas mutiger und Julian Berninger-Bosshammer erzielte folgerichtig das 1:0 per Kopf (57.). Die in den gr\u00fcn-wei\u00dfen Trikots brauchten etwas, um sich von dem Schock zu erholen.<\/div>\n<div data-canvas-width=\"87.56\">\u00a0<\/div>\n<div data-canvas-width=\"87.56\">Viel wollte nicht gelingen, doch nach einer tollen Einzelleistung von Verteidiger Vladimiros Safaridis k\u00f6pfte Maximilian Boeger dessen Flanke zum Ausgleich ins Tor (74.). Kurze Zeit sp\u00e4ter gab es nach einem Konter Elfmeter f\u00fcr Baunatal. Der eingewechselte Sebastian Schmeer trat an, doch G\u00e4stetorwart Robin Orband parierte nicht nur den Elfmeter, sondern auch den Nachschuss und das sensationell. So hielt er seine Mannschaft im Spiel.<\/div>\n<div data-canvas-width=\"87.56\">\u00a0<\/div>\n<div data-canvas-width=\"87.56\">Bis in die 90.+1 musste gezittert werden. Als keiner mehr mit einem weiteren Tor rechnete, kam Mario Shuteriqi an der Strafraumgrenze frei zum Abschluss. Sein Schuss wurde noch abgef\u00e4lscht und landete so zum viel umjubelten 2:1 in den Maschen. Am Sonntag galt es f\u00fcr den FV Bad Vilbel, bei aller sportlichen Fairness, dem VfB Ginsheim die Daumen zu dr\u00fccken, dass sie drei Punkte in Steinbach holen. Dann h\u00e4tte es am Sonntag kommender Woche ein Fernduell mit den Osthessen gegeben. Doch es nutzte nichts: Durch das 1:1 hat der SV Steinbach aufgrund der drei Punkte Vorsprung und des gewonnenen direkten Vergleichs die Nase vorne. Bad Vilbel muss leider nach vier Jahren zur\u00fcck in die Verbandsliga S\u00fcd.\u00a0<\/div>\n<div data-canvas-width=\"87.56\">\u00a0<\/div>\n<div data-canvas-width=\"87.56\">\u00a0<\/div>\n<p>\u00a0<\/p>\n\n\n<figure class=\"wp-block-gallery has-nested-images columns-default is-cropped wp-block-gallery-1 is-layout-flex wp-block-gallery-is-layout-flex\">\n<figure class=\"wp-block-image size-large is-style-default\"><img decoding=\"async\" data-id=\"311\" src=\"http:\/\/insideamateurfussball-ffm.de\/wp-content\/uploads\/2022\/05\/IMG_0157-2-1024x683.jpg\" alt=\"\" class=\"wp-image-311\"\/><\/figure>\n\n\n\n<figure class=\"wp-block-image size-large is-style-default\"><img decoding=\"async\" data-id=\"312\" src=\"http:\/\/insideamateurfussball-ffm.de\/wp-content\/uploads\/2022\/05\/IMG_0063-3.jpg\" alt=\"\" class=\"wp-image-312\"\/><\/figure>\n\n\n\n<figure class=\"wp-block-image size-large is-style-default\"><img decoding=\"async\" data-id=\"313\" src=\"http:\/\/insideamateurfussball-ffm.de\/wp-content\/uploads\/2022\/05\/IMG_0043-3.jpg\" alt=\"\" class=\"wp-image-313\"\/><\/figure>\n<figcaption class=\"blocks-gallery-caption\"><strong>Fotos und Text: Jan W. (FV Bad Vilbel).<\/strong><\/figcaption><\/figure>\n","protected":false},"excerpt":{"rendered":"<p>Hessenliga Abstiegsrunde:\u00a0 KSV Baunatal &#8211; FV Bad Vilbel 1:2 (0:0) Im letzten Ausw\u00e4rtsspiel ging es f\u00fcr den FV Bad Vilbel mit l\u00e4ngerer Anreise zum KSV Baunatal nach Nordhessen. Durch das sp\u00e4te 2:1 von Mario Shuteriqi waren die Quellenst\u00e4dter zumindest bis Sonntagnachmittag noch im Spiel um den Klassenerhalt. Im wundersch\u00f6nen Parkstadion im Stadtpark fanden sich am [&hellip;]<\/p>\n","protected":false},"author":1,"featured_media":0,"comment_status":"open","ping_status":"open","sticky":false,"template":"","format":"standard","meta":{"footnotes":""},"categories":[8],"tags":[],"class_list":["post-309","post","type-post","status-publish","format-standard","hentry","category-hessenliga"],"_links":{"self":[{"href":"https:\/\/insideamateurfussball-ffm.de\/index.php?rest_route=\/wp\/v2\/posts\/309","targetHints":{"allow":["GET"]}}],"collection":[{"href":"https:\/\/insideamateurfussball-ffm.de\/index.php?rest_route=\/wp\/v2\/posts"}],"about":[{"href":"https:\/\/insideamateurfussball-ffm.de\/index.php?rest_route=\/wp\/v2\/types\/post"}],"author":[{"embeddable":true,"href":"https:\/\/insideamateurfussball-ffm.de\/index.php?rest_route=\/wp\/v2\/users\/1"}],"replies":[{"embeddable":true,"href":"https:\/\/insideamateurfussball-ffm.de\/index.php?rest_route=%2Fwp%2Fv2%2Fcomments&post=309"}],"version-history":[{"count":1,"href":"https:\/\/insideamateurfussball-ffm.de\/index.php?rest_route=\/wp\/v2\/posts\/309\/revisions"}],"predecessor-version":[{"id":314,"href":"https:\/\/insideamateurfussball-ffm.de\/index.php?rest_route=\/wp\/v2\/posts\/309\/revisions\/314"}],"wp:attachment":[{"href":"https:\/\/insideamateurfussball-ffm.de\/index.php?rest_route=%2Fwp%2Fv2%2Fmedia&parent=309"}],"wp:term":[{"taxonomy":"category","embeddable":true,"href":"https:\/\/insideamateurfussball-ffm.de\/index.php?rest_route=%2Fwp%2Fv2%2Fcategories&post=309"},{"taxonomy":"post_tag","embeddable":true,"href":"https:\/\/insideamateurfussball-ffm.de\/index.php?rest_route=%2Fwp%2Fv2%2Ftags&post=309"}],"curies":[{"name":"wp","href":"https:\/\/api.w.org\/{rel}","templated":true}]}}