{"id":304,"date":"2022-05-19T18:17:11","date_gmt":"2022-05-19T18:17:11","guid":{"rendered":"http:\/\/insideamateurfussball-ffm.de\/?p=304"},"modified":"2024-12-17T12:49:14","modified_gmt":"2024-12-17T10:49:14","slug":"toni-reljic-verstaerkt-tuerk-guecue-friedberg","status":"publish","type":"post","link":"https:\/\/insideamateurfussball-ffm.de\/?p=304","title":{"rendered":"Toni Reljic verst\u00e4rkt T\u00fcrk G\u00fcc\u00fc Friedberg"},"content":{"rendered":"<h4>Nach dem gegl\u00fcckten Klassenerhalt in der Fu\u00dfball-Hessenliga schreiten die Personalplanungen bei T\u00fcrk G\u00fcc\u00fc Friedberg voran. Der Club konnte am Donnerstagabend bereits den ersten Neuzugang f\u00fcr die kommende Saison bekanntgeben. Vom SC Hessen Dreieich, der seine Mannschaft bekanntlich zum Saisonende zur\u00fcckgezogen hat, kommt Mittelfeldregisseur Toni Reljic zu den Kreisst\u00e4dtern.<\/h4>\n<p><img loading=\"lazy\" decoding=\"async\" class=\"alignnone size-medium wp-image-305\" src=\"http:\/\/insideamateurfussball-ffm.de\/wp-content\/uploads\/2022\/05\/Reljic-II-300x194.jpg\" alt=\"\" width=\"300\" height=\"194\" \/><\/p>\n<p><img loading=\"lazy\" decoding=\"async\" class=\"alignnone size-full wp-image-155\" src=\"http:\/\/insideamateurfussball-ffm.de\/wp-content\/uploads\/2022\/05\/TGF.jpg\" alt=\"\" width=\"76\" height=\"80\" \/><\/p>\n<p>Der 29-j\u00e4hrige in Split geborene Kroate wurde nach seinen ersten Jugenderfahrungen im Kreis Offenbach bei der SG Egelsbach und bei der SG Rosenh\u00f6he im Nachwuchsleistungszentrum von Bundesligist FSV Mainz 05 ausgebildet. Danach spielte er sowohl bei der Zweiten Mannschaft von Mainz 05 wie bei Eintracht Frankfurt, ehe es ihn f\u00fcr ein halbes Jahr zum damaligen Regionalligisten SVN Zweibr\u00fccken ins Saarland verschlug. \u00dcber den seinerzeit noch in der Hessenliga spielenden SV Wiesbaden kam Reljic 2016 nach Dreieich, wo er an zwei Hessenliga-Meisterschaften und einem damit verbundenen Regionalliga-Aufstieg beteiligt war.<\/p>\n<p>In der laufenden Saison kommt Reljic auf 27 Eins\u00e4tze und sechs Tore. \u201eIch bin gl\u00fccklich, dass das Ganze schnell \u00fcber die B\u00fchne gegangen ist. Ich hatte gestern ein sehr gutes Gespr\u00e4ch mit Trainer Enis Dzihic, dem Sportlichen Leiter Sinan Karanfil und dem Pr\u00e4sidenten Ramazan Kaplan und am Ende bin ich froh das wir uns einigen konnten. Ich freue mich auf die Jungs und will n\u00e4chstes Jahr den maximalen Erfolg f\u00fcr den Verein, das hei\u00dft definitiv um die ersten beiden Pl\u00e4tze zu spielen\u201c&#8220;, l\u00e4sst Reljic schon die ehrgeizigen Pl\u00e4ne des t\u00fcrkischst\u00e4mmigen Vereins aus der Wetterau durchblicken.<\/p>\n","protected":false},"excerpt":{"rendered":"<p>Nach dem gegl\u00fcckten Klassenerhalt in der Fu\u00dfball-Hessenliga schreiten die Personalplanungen bei T\u00fcrk G\u00fcc\u00fc Friedberg voran. Der Club konnte am Donnerstagabend bereits den ersten Neuzugang f\u00fcr die kommende Saison bekanntgeben. Vom SC Hessen Dreieich, der seine Mannschaft bekanntlich zum Saisonende zur\u00fcckgezogen hat, kommt Mittelfeldregisseur Toni Reljic zu den Kreisst\u00e4dtern. Der 29-j\u00e4hrige in Split geborene Kroate wurde [&hellip;]<\/p>\n","protected":false},"author":1,"featured_media":0,"comment_status":"open","ping_status":"open","sticky":false,"template":"","format":"standard","meta":{"footnotes":""},"categories":[8],"tags":[],"class_list":["post-304","post","type-post","status-publish","format-standard","hentry","category-hessenliga"],"_links":{"self":[{"href":"https:\/\/insideamateurfussball-ffm.de\/index.php?rest_route=\/wp\/v2\/posts\/304","targetHints":{"allow":["GET"]}}],"collection":[{"href":"https:\/\/insideamateurfussball-ffm.de\/index.php?rest_route=\/wp\/v2\/posts"}],"about":[{"href":"https:\/\/insideamateurfussball-ffm.de\/index.php?rest_route=\/wp\/v2\/types\/post"}],"author":[{"embeddable":true,"href":"https:\/\/insideamateurfussball-ffm.de\/index.php?rest_route=\/wp\/v2\/users\/1"}],"replies":[{"embeddable":true,"href":"https:\/\/insideamateurfussball-ffm.de\/index.php?rest_route=%2Fwp%2Fv2%2Fcomments&post=304"}],"version-history":[{"count":1,"href":"https:\/\/insideamateurfussball-ffm.de\/index.php?rest_route=\/wp\/v2\/posts\/304\/revisions"}],"predecessor-version":[{"id":307,"href":"https:\/\/insideamateurfussball-ffm.de\/index.php?rest_route=\/wp\/v2\/posts\/304\/revisions\/307"}],"wp:attachment":[{"href":"https:\/\/insideamateurfussball-ffm.de\/index.php?rest_route=%2Fwp%2Fv2%2Fmedia&parent=304"}],"wp:term":[{"taxonomy":"category","embeddable":true,"href":"https:\/\/insideamateurfussball-ffm.de\/index.php?rest_route=%2Fwp%2Fv2%2Fcategories&post=304"},{"taxonomy":"post_tag","embeddable":true,"href":"https:\/\/insideamateurfussball-ffm.de\/index.php?rest_route=%2Fwp%2Fv2%2Ftags&post=304"}],"curies":[{"name":"wp","href":"https:\/\/api.w.org\/{rel}","templated":true}]}}