{"id":30227,"date":"2026-01-29T21:43:56","date_gmt":"2026-01-29T20:43:56","guid":{"rendered":"https:\/\/insideamateurfussball-ffm.de\/?p=30227"},"modified":"2026-01-29T21:46:06","modified_gmt":"2026-01-29T20:46:06","slug":"lal-fuer-zimmermann-trainerwechsel-beim-fc-fortuna","status":"publish","type":"post","link":"https:\/\/insideamateurfussball-ffm.de\/?p=30227","title":{"rendered":"Lal f\u00fcr Zimmermann: Trainerwechsel beim FC Fortuna"},"content":{"rendered":"<h5><span style=\"font-size: 16px;\">Der FC Fortuna hat in der Winterpause den Trainer gewechselt. Der Tabellen-15. der Kreisliga A Frankfurt (Gruppe 2) hat sich nach dreieinhalb Jahren an der Seitenlinie von Christian Zimmermann getrennt.<\/span><\/h5>\n<h5><span style=\"font-size: 16px;\" data-wp-editing=\"1\"><img loading=\"lazy\" decoding=\"async\" class=\"alignnone size-large wp-image-30228\" src=\"http:\/\/insideamateurfussball-ffm.de\/wp-content\/uploads\/2026\/01\/Lal-819x1024.jpg\" alt=\"\" width=\"640\" height=\"800\" srcset=\"https:\/\/insideamateurfussball-ffm.de\/wp-content\/uploads\/2026\/01\/Lal-819x1024.jpg 819w, https:\/\/insideamateurfussball-ffm.de\/wp-content\/uploads\/2026\/01\/Lal-240x300.jpg 240w, https:\/\/insideamateurfussball-ffm.de\/wp-content\/uploads\/2026\/01\/Lal-768x960.jpg 768w, https:\/\/insideamateurfussball-ffm.de\/wp-content\/uploads\/2026\/01\/Lal.jpg 1080w\" sizes=\"auto, (max-width: 640px) 100vw, 640px\" \/>\u00a0<\/span><\/h5>\n<p>Neuer Fortuna-Trainer Ramon Lal. Foto: Social Media FC Fortuna.<\/p>\n<p><img loading=\"lazy\" decoding=\"async\" class=\"alignnone size-full wp-image-19823\" src=\"http:\/\/insideamateurfussball-ffm.de\/wp-content\/uploads\/2024\/07\/fortuna-neu.png\" alt=\"\" width=\"80\" height=\"80\" \/><\/p>\n<p><span style=\"font-size: 16px;\">H\u00f6hepunkt seines Wirkens an der Gerberm\u00fchle war nat\u00fcrlich der Aufstieg von der Kreisliga B in die Kreisliga A im Jahr 2024. \u00a0&#8222;Mindestens genauso wertvoll sind die Strukturen, die auf und neben dem Platz aufgebaut wurden \u2013 davon wird die Fortuna nachhaltig profitieren&#8220;, bedankte sich der Sportliche Leiter Sebastian Christ bei Zimmermann, der unter dem Pseudonym &#8222;Worscht\u00b4dor&#8220; in der Groundhopperszene bekannt ist und bereits eine neue Aufgabe gefunden hat. <\/span><\/p>\n<p><span style=\"font-size: 16px;\">Beim FC Eddersheim wurde Zimmermann als neuer Trainer des Frauen-Verbandsliga-Teams vorgestellt.<\/span><\/p>\n<ul>\n<li><strong><span style=\"font-size: 16px;\">Lal kein Fortuna-Unbekannter<\/span><\/strong><\/li>\n<\/ul>\n<p><span style=\"font-size: 16px;\">Nach dem Klassenerhalt in dieser Saison gerieten die Fortunen in die untere Tabellenh\u00e4lfte und belegen derzeit nur den drittletzten Platz, der nur bei einem vermehrten Abstieg in die B-Klasse f\u00fchren w\u00fcrde. Verhindern soll den Abstieg der neue Trainer Christian Lal, der ab sofort die Verantwortung f\u00fcr die Erste Mannschaft \u00fcbernimmt. Der 30-J\u00e4hrige ist Inhaber der B-Lizenz und bringt Stationen bei der Spvgg. Oberrad, dem SC Dortelweil sowie dem Karbener SV mit. <\/span><\/p>\n<p><span style=\"font-size: 16px;\">Seine h\u00f6chste Trainererfahrung sammelte er in der Frauen-Regionalliga beim SC Dortelweil. Zudem ist Lal kein Unbekannter an der Gerberm\u00fchle, da er in der Vergangenheit bereits selbst das Fortuna-Trikot getragen hat. Neben Ramon Lal wird zuk\u00fcnftig Fortuna-Legende Felix Lisch als Unterst\u00fczung an der Seitenlinie stehen.<\/span><\/p>\n","protected":false},"excerpt":{"rendered":"<p>Der FC Fortuna hat in der Winterpause den Trainer gewechselt. Der Tabellen-15. der Kreisliga A Frankfurt (Gruppe 2) hat sich nach dreieinhalb Jahren an der Seitenlinie von Christian Zimmermann getrennt. \u00a0 Neuer Fortuna-Trainer Ramon Lal. Foto: Social Media FC Fortuna. H\u00f6hepunkt seines Wirkens an der Gerberm\u00fchle war nat\u00fcrlich der Aufstieg von der Kreisliga B in [&hellip;]<\/p>\n","protected":false},"author":1,"featured_media":30228,"comment_status":"closed","ping_status":"closed","sticky":true,"template":"","format":"standard","meta":{"footnotes":""},"categories":[14],"tags":[],"class_list":["post-30227","post","type-post","status-publish","format-standard","has-post-thumbnail","hentry","category-kreisliga-a2"],"_links":{"self":[{"href":"https:\/\/insideamateurfussball-ffm.de\/index.php?rest_route=\/wp\/v2\/posts\/30227","targetHints":{"allow":["GET"]}}],"collection":[{"href":"https:\/\/insideamateurfussball-ffm.de\/index.php?rest_route=\/wp\/v2\/posts"}],"about":[{"href":"https:\/\/insideamateurfussball-ffm.de\/index.php?rest_route=\/wp\/v2\/types\/post"}],"author":[{"embeddable":true,"href":"https:\/\/insideamateurfussball-ffm.de\/index.php?rest_route=\/wp\/v2\/users\/1"}],"replies":[{"embeddable":true,"href":"https:\/\/insideamateurfussball-ffm.de\/index.php?rest_route=%2Fwp%2Fv2%2Fcomments&post=30227"}],"version-history":[{"count":3,"href":"https:\/\/insideamateurfussball-ffm.de\/index.php?rest_route=\/wp\/v2\/posts\/30227\/revisions"}],"predecessor-version":[{"id":30231,"href":"https:\/\/insideamateurfussball-ffm.de\/index.php?rest_route=\/wp\/v2\/posts\/30227\/revisions\/30231"}],"wp:featuredmedia":[{"embeddable":true,"href":"https:\/\/insideamateurfussball-ffm.de\/index.php?rest_route=\/wp\/v2\/media\/30228"}],"wp:attachment":[{"href":"https:\/\/insideamateurfussball-ffm.de\/index.php?rest_route=%2Fwp%2Fv2%2Fmedia&parent=30227"}],"wp:term":[{"taxonomy":"category","embeddable":true,"href":"https:\/\/insideamateurfussball-ffm.de\/index.php?rest_route=%2Fwp%2Fv2%2Fcategories&post=30227"},{"taxonomy":"post_tag","embeddable":true,"href":"https:\/\/insideamateurfussball-ffm.de\/index.php?rest_route=%2Fwp%2Fv2%2Ftags&post=30227"}],"curies":[{"name":"wp","href":"https:\/\/api.w.org\/{rel}","templated":true}]}}