{"id":30205,"date":"2026-01-26T20:26:26","date_gmt":"2026-01-26T19:26:26","guid":{"rendered":"https:\/\/insideamateurfussball-ffm.de\/?p=30205"},"modified":"2026-01-26T20:26:26","modified_gmt":"2026-01-26T19:26:26","slug":"roedelheim-gewinnt-deutlich-bei-kosova","status":"publish","type":"post","link":"https:\/\/insideamateurfussball-ffm.de\/?p=30205","title":{"rendered":"R\u00f6delheim gewinnt deutlich bei Kosova"},"content":{"rendered":"<h4>Kaltstart f\u00fcr Gruppenliga-Aufsteiger FC Kosova! Im ersten Testspiel setzte es gegen Kreisoberligist 1. R\u00f6delheimer FC 02, den die Kosovaren vor vier Monaten noch mit einem klaren 7:2-Sieg in der 2. Runde des Kreispokals eliminierten, eine deutliche 1:4-Heimniederlage. Unser Fotograf Mithat G\u00fcrser war am Praunheimer Hohl vor Ort.\u00a0\u00a0<\/h4>\n<figure id=\"attachment_30206\" aria-describedby=\"caption-attachment-30206\" style=\"width: 886px\" class=\"wp-caption alignnone\"><img loading=\"lazy\" decoding=\"async\" class=\"wp-image-30206 size-full\" src=\"http:\/\/insideamateurfussball-ffm.de\/wp-content\/uploads\/2026\/01\/kos2-1.jpg\" alt=\"\" width=\"886\" height=\"629\" srcset=\"https:\/\/insideamateurfussball-ffm.de\/wp-content\/uploads\/2026\/01\/kos2-1.jpg 886w, https:\/\/insideamateurfussball-ffm.de\/wp-content\/uploads\/2026\/01\/kos2-1-300x213.jpg 300w, https:\/\/insideamateurfussball-ffm.de\/wp-content\/uploads\/2026\/01\/kos2-1-768x545.jpg 768w\" sizes=\"auto, (max-width: 886px) 100vw, 886px\" \/><figcaption id=\"caption-attachment-30206\" class=\"wp-caption-text\">Der R\u00f6delheimer Ertap Turgut (Nummer elf) erzielte ein Tor beim 4:1-Sieg beim FC Kosova. Foto: Mithat G\u00fcrser.<\/figcaption><\/figure>\n<h3>FC Kosova &#8211; 1. R\u00f6delheimer FC 1:4 (0:0)<\/h3>\n<p><img loading=\"lazy\" decoding=\"async\" class=\"alignnone size-full wp-image-9\" src=\"http:\/\/insideamateurfussball-ffm.de\/wp-content\/uploads\/2021\/11\/Kosova.jpg\" alt=\"\" width=\"65\" height=\"80\" \/><img loading=\"lazy\" decoding=\"async\" class=\"alignnone size-full wp-image-932\" src=\"http:\/\/insideamateurfussball-ffm.de\/wp-content\/uploads\/2022\/06\/Roedelheim.jpg\" alt=\"\" width=\"80\" height=\"73\" \/><\/p>\n<p>Das f\u00fcr den 18. Januar geplante Spiel gegen den BSC Schwarz-Wei\u00df 19 war abgesagt worden, somit war es f\u00fcr Kosova, das erst am 1. M\u00e4rz wieder in die Gruppenliga-Runde einsteigt, das erste Vorbereitungsspiel. Weiter waren da schon die R\u00f6delheimer, die ihre KOL-Saison schon am 14. Februar fortsetzen und letzten Sonntag schon mit 4:2 gegen den EFC Kronberg gewonnen hatten (wir berichteten). Kosova-Trainer Erc\u00fcment Sahin wollte das Ergebnis nicht in Relevanz bringen: &#8222;Das ist ein Testspiel, absolut unbedeutend. Unsere starken und erfahrenen Jungs sind noch gar nicht da. Einige Leistungstr\u00e4ger waren wegen Familie diese Woche sehr besch\u00e4ftigt, dann gibt es kranke und verletzte Spieler.&#8220;<\/p>\n<p>Aufgrund dieser Personallage konnte Sahin auch nur die erste Halbzeit bewerten, die torlos ausging. Der Kosova-Coach brachte f\u00fcnf Neuzug\u00e4nge, bescheinigte seinem Team &#8222;eine sehr gute Halbzeit mit \u00fcberragendem Pressing und Spielaufbau. Ohne St\u00fcrmer Chancen zu kreieren ist schwer, wir spielen uns gerade mit einem umgeschulten St\u00fcrmer ein. Das waren aber schon sehr gute Ans\u00e4tze.&#8220;<\/p>\n<h3><span style=\"text-decoration: underline;\">R\u00f6delheim wechselte nach 30 Minuten schon f\u00fcnfmal<\/span><\/h3>\n<p>In der Halbzeit wechselte Kosova &#8222;querbeet&#8220; durch und brachte alles und jeden, der auf der Bank zur Verf\u00fcgung stand, darunter zwei Akteure aus der in der C-Klasse spielenden Zweiten Mannschaft. &#8222;Da hat man gesehen, dass die Erfahrung fehlt&#8220;, meinte Sahin. R\u00f6delheim, das selbst nach einer halben Stunde f\u00fcnfmal wechselte, erkannte diese Schwachstellen \u00fcber die Fl\u00fcgel und kam in der Schlussphase zu seinen Toren durch Luka Duka (68.\/Neuzugang vom BSC Altenhain), Adam Zazoua (79.\/87.) und Ertap Turgut (82.).<\/p>\n<p>F\u00fcr Kosova traf nur Perparim Islami (90.). &#8222;Keiner ist b\u00f6se, das Ergebnis ist zu hoch ausgefallen. Wenn es unentschieden ausgeht, braucht sich keiner beschweren. Es war ein sehr faires und cooles Spiel. Das hat Spa\u00df gemacht&#8220;, sagte Sahin trotz der Niederlage. Auch R\u00f6delheims Pressesprecher Volker Flauaus wollte den zweiten Testerfolg in Serie nicht \u00fcberbewerten: &#8222;Alles nur Vorbereitungsspiele. Ernst wird es erst am 14. Februar.&#8220; Dann erwarten die R\u00f6delheimer Schlusslicht FFV Sportfreunde (Hinspiel 1:0).\u00a0<\/p>\n<h3><span style=\"text-decoration: underline;\">Schiedsrichter: Siar Djamsched (FG Seckbach). Zuschauer: 53. <\/span><\/h3>\n<h3><span style=\"text-decoration: underline;\">Tore: 0:1 Luka Duka (68.), 0:2 Adam Zazoua (79.), 0:3 Ertap Turgut (82.), 0:4 Adam Zazoua (87.), 1:4 Perparim Islami (90.). <\/span><\/h3>\n<h3><span style=\"text-decoration: underline;\">Bildergalerie: Mithat G\u00fcrser.<\/span><\/h3>\n\n\n<figure class=\"wp-block-image size-full\"><img loading=\"lazy\" decoding=\"async\" width=\"936\" height=\"691\" src=\"https:\/\/insideamateurfussball-ffm.de\/wp-content\/uploads\/2026\/01\/kos5-2.jpg\" alt=\"\" class=\"wp-image-30207\" srcset=\"https:\/\/insideamateurfussball-ffm.de\/wp-content\/uploads\/2026\/01\/kos5-2.jpg 936w, https:\/\/insideamateurfussball-ffm.de\/wp-content\/uploads\/2026\/01\/kos5-2-300x221.jpg 300w, https:\/\/insideamateurfussball-ffm.de\/wp-content\/uploads\/2026\/01\/kos5-2-768x567.jpg 768w\" sizes=\"auto, (max-width: 936px) 100vw, 936px\" \/><\/figure>\n\n\n\n<figure class=\"wp-block-gallery has-nested-images columns-default is-cropped wp-block-gallery-1 is-layout-flex wp-block-gallery-is-layout-flex\">\n<figure class=\"wp-block-image size-large\"><img loading=\"lazy\" decoding=\"async\" width=\"886\" height=\"598\" data-id=\"30208\" src=\"https:\/\/insideamateurfussball-ffm.de\/wp-content\/uploads\/2026\/01\/kos8-1.jpg\" alt=\"\" class=\"wp-image-30208\" srcset=\"https:\/\/insideamateurfussball-ffm.de\/wp-content\/uploads\/2026\/01\/kos8-1.jpg 886w, https:\/\/insideamateurfussball-ffm.de\/wp-content\/uploads\/2026\/01\/kos8-1-300x202.jpg 300w, https:\/\/insideamateurfussball-ffm.de\/wp-content\/uploads\/2026\/01\/kos8-1-768x518.jpg 768w\" sizes=\"auto, (max-width: 886px) 100vw, 886px\" \/><\/figure>\n<\/figure>\n\n\n\n<figure class=\"wp-block-image size-full\"><img loading=\"lazy\" decoding=\"async\" width=\"886\" height=\"661\" src=\"https:\/\/insideamateurfussball-ffm.de\/wp-content\/uploads\/2026\/01\/kos3-1.jpg\" alt=\"\" class=\"wp-image-30209\" srcset=\"https:\/\/insideamateurfussball-ffm.de\/wp-content\/uploads\/2026\/01\/kos3-1.jpg 886w, https:\/\/insideamateurfussball-ffm.de\/wp-content\/uploads\/2026\/01\/kos3-1-300x224.jpg 300w, https:\/\/insideamateurfussball-ffm.de\/wp-content\/uploads\/2026\/01\/kos3-1-768x573.jpg 768w\" sizes=\"auto, (max-width: 886px) 100vw, 886px\" \/><\/figure>\n\n\n\n<figure class=\"wp-block-image size-full\"><img loading=\"lazy\" decoding=\"async\" width=\"886\" height=\"664\" src=\"https:\/\/insideamateurfussball-ffm.de\/wp-content\/uploads\/2026\/01\/kos6-1.jpg\" alt=\"\" class=\"wp-image-30210\" srcset=\"https:\/\/insideamateurfussball-ffm.de\/wp-content\/uploads\/2026\/01\/kos6-1.jpg 886w, https:\/\/insideamateurfussball-ffm.de\/wp-content\/uploads\/2026\/01\/kos6-1-300x225.jpg 300w, https:\/\/insideamateurfussball-ffm.de\/wp-content\/uploads\/2026\/01\/kos6-1-768x576.jpg 768w\" sizes=\"auto, (max-width: 886px) 100vw, 886px\" \/><\/figure>\n\n\n\n<figure class=\"wp-block-image size-full\"><img loading=\"lazy\" decoding=\"async\" width=\"886\" height=\"624\" src=\"https:\/\/insideamateurfussball-ffm.de\/wp-content\/uploads\/2026\/01\/kos.jpg\" alt=\"\" class=\"wp-image-30211\" srcset=\"https:\/\/insideamateurfussball-ffm.de\/wp-content\/uploads\/2026\/01\/kos.jpg 886w, https:\/\/insideamateurfussball-ffm.de\/wp-content\/uploads\/2026\/01\/kos-300x211.jpg 300w, https:\/\/insideamateurfussball-ffm.de\/wp-content\/uploads\/2026\/01\/kos-768x541.jpg 768w\" sizes=\"auto, (max-width: 886px) 100vw, 886px\" \/><\/figure>\n\n\n\n<figure class=\"wp-block-image size-full\"><img loading=\"lazy\" decoding=\"async\" width=\"886\" height=\"648\" src=\"https:\/\/insideamateurfussball-ffm.de\/wp-content\/uploads\/2026\/01\/kos4-2.jpg\" alt=\"\" class=\"wp-image-30212\" srcset=\"https:\/\/insideamateurfussball-ffm.de\/wp-content\/uploads\/2026\/01\/kos4-2.jpg 886w, https:\/\/insideamateurfussball-ffm.de\/wp-content\/uploads\/2026\/01\/kos4-2-300x219.jpg 300w, https:\/\/insideamateurfussball-ffm.de\/wp-content\/uploads\/2026\/01\/kos4-2-768x562.jpg 768w\" sizes=\"auto, (max-width: 886px) 100vw, 886px\" \/><\/figure>\n\n\n\n<figure class=\"wp-block-image size-full\"><img loading=\"lazy\" decoding=\"async\" width=\"886\" height=\"663\" src=\"https:\/\/insideamateurfussball-ffm.de\/wp-content\/uploads\/2026\/01\/kos7-2.jpg\" alt=\"\" class=\"wp-image-30213\" srcset=\"https:\/\/insideamateurfussball-ffm.de\/wp-content\/uploads\/2026\/01\/kos7-2.jpg 886w, https:\/\/insideamateurfussball-ffm.de\/wp-content\/uploads\/2026\/01\/kos7-2-300x224.jpg 300w, https:\/\/insideamateurfussball-ffm.de\/wp-content\/uploads\/2026\/01\/kos7-2-768x575.jpg 768w\" sizes=\"auto, (max-width: 886px) 100vw, 886px\" \/><\/figure>\n\n\n\n<figure class=\"wp-block-image size-full\"><img loading=\"lazy\" decoding=\"async\" width=\"886\" height=\"606\" src=\"https:\/\/insideamateurfussball-ffm.de\/wp-content\/uploads\/2026\/01\/kos1-2.jpg\" alt=\"\" class=\"wp-image-30214\" srcset=\"https:\/\/insideamateurfussball-ffm.de\/wp-content\/uploads\/2026\/01\/kos1-2.jpg 886w, https:\/\/insideamateurfussball-ffm.de\/wp-content\/uploads\/2026\/01\/kos1-2-300x205.jpg 300w, https:\/\/insideamateurfussball-ffm.de\/wp-content\/uploads\/2026\/01\/kos1-2-768x525.jpg 768w\" sizes=\"auto, (max-width: 886px) 100vw, 886px\" \/><\/figure>\n","protected":false},"excerpt":{"rendered":"<p>Kaltstart f\u00fcr Gruppenliga-Aufsteiger FC Kosova! Im ersten Testspiel setzte es gegen Kreisoberligist 1. R\u00f6delheimer FC 02, den die Kosovaren vor vier Monaten noch mit einem klaren 7:2-Sieg in der 2. Runde des Kreispokals eliminierten, eine deutliche 1:4-Heimniederlage. Unser Fotograf Mithat G\u00fcrser war am Praunheimer Hohl vor Ort.\u00a0\u00a0 FC Kosova &#8211; 1. R\u00f6delheimer FC 1:4 (0:0) [&hellip;]<\/p>\n","protected":false},"author":1,"featured_media":30206,"comment_status":"closed","ping_status":"closed","sticky":true,"template":"","format":"standard","meta":{"footnotes":""},"categories":[21],"tags":[],"class_list":["post-30205","post","type-post","status-publish","format-standard","has-post-thumbnail","hentry","category-testspiele"],"_links":{"self":[{"href":"https:\/\/insideamateurfussball-ffm.de\/index.php?rest_route=\/wp\/v2\/posts\/30205","targetHints":{"allow":["GET"]}}],"collection":[{"href":"https:\/\/insideamateurfussball-ffm.de\/index.php?rest_route=\/wp\/v2\/posts"}],"about":[{"href":"https:\/\/insideamateurfussball-ffm.de\/index.php?rest_route=\/wp\/v2\/types\/post"}],"author":[{"embeddable":true,"href":"https:\/\/insideamateurfussball-ffm.de\/index.php?rest_route=\/wp\/v2\/users\/1"}],"replies":[{"embeddable":true,"href":"https:\/\/insideamateurfussball-ffm.de\/index.php?rest_route=%2Fwp%2Fv2%2Fcomments&post=30205"}],"version-history":[{"count":1,"href":"https:\/\/insideamateurfussball-ffm.de\/index.php?rest_route=\/wp\/v2\/posts\/30205\/revisions"}],"predecessor-version":[{"id":30215,"href":"https:\/\/insideamateurfussball-ffm.de\/index.php?rest_route=\/wp\/v2\/posts\/30205\/revisions\/30215"}],"wp:featuredmedia":[{"embeddable":true,"href":"https:\/\/insideamateurfussball-ffm.de\/index.php?rest_route=\/wp\/v2\/media\/30206"}],"wp:attachment":[{"href":"https:\/\/insideamateurfussball-ffm.de\/index.php?rest_route=%2Fwp%2Fv2%2Fmedia&parent=30205"}],"wp:term":[{"taxonomy":"category","embeddable":true,"href":"https:\/\/insideamateurfussball-ffm.de\/index.php?rest_route=%2Fwp%2Fv2%2Fcategories&post=30205"},{"taxonomy":"post_tag","embeddable":true,"href":"https:\/\/insideamateurfussball-ffm.de\/index.php?rest_route=%2Fwp%2Fv2%2Ftags&post=30205"}],"curies":[{"name":"wp","href":"https:\/\/api.w.org\/{rel}","templated":true}]}}