{"id":30148,"date":"2026-01-18T10:36:07","date_gmt":"2026-01-18T09:36:07","guid":{"rendered":"https:\/\/insideamateurfussball-ffm.de\/?p=30148"},"modified":"2026-01-19T14:42:42","modified_gmt":"2026-01-19T13:42:42","slug":"emotionale-ehrung-fuer-rainer-nagel","status":"publish","type":"post","link":"https:\/\/insideamateurfussball-ffm.de\/?p=30148","title":{"rendered":"Emotionale Ehrung f\u00fcr Rainer Nagel"},"content":{"rendered":"<h4>Mit einer emotionalen Ehrung f\u00fcr Rainer Nagel ist die R\u00fcckrundenbesprechung am Samstagmittag im Vereinsheim des FV Hausen \u00fcber die B\u00fchne gegangen. Der 81-j\u00e4hrige wurde nach einer Laudatio des ehemaligen DFB-Pressesprechers Harald Stenger zum Ehrenkreisfu\u00dfballwart ernannt.\u00a0<\/h4>\n<figure id=\"attachment_30149\" aria-describedby=\"caption-attachment-30149\" style=\"width: 719px\" class=\"wp-caption alignnone\"><img loading=\"lazy\" decoding=\"async\" class=\"wp-image-30149\" src=\"http:\/\/insideamateurfussball-ffm.de\/wp-content\/uploads\/2026\/01\/rei-13.jpg\" alt=\"\" width=\"719\" height=\"480\" srcset=\"https:\/\/insideamateurfussball-ffm.de\/wp-content\/uploads\/2026\/01\/rei-13.jpg 709w, https:\/\/insideamateurfussball-ffm.de\/wp-content\/uploads\/2026\/01\/rei-13-300x200.jpg 300w\" sizes=\"auto, (max-width: 719px) 100vw, 719px\" \/><figcaption id=\"caption-attachment-30149\" class=\"wp-caption-text\">Oben von links nach rechts Pokalspielleiter Pedro Acebes, die stellvertretende Kreisfu\u00dfballwartin Claudia Fleckenstein, der ehemalige DFB-Pressesprecher Harald Stenger und GSU Hellas-Pr\u00e4sident Kostas Samantas. Sitzend Ehrenkreisfu\u00dfballwart Rainer Nagel und Kreisfu\u00dfballwart Thorsten Bastian. Foto: Mithat G\u00fcrser.\u00a0\u00a0<\/figcaption><\/figure>\n<p>Als junger Mann spielte der 1945 geborene Nagel bei den Amateuren von Eintracht Frankfurt und arbeitete als Postbote in Bornheim, wo er aufwuchs. Sp\u00e4ter schlug Nagel auf Kreisebene die Trainerlaufbahn ein, wurde mit dem SV 07 Heddernheim (1992\/93 Bezirksliga-Meister), errang aber auch mit dem ehemaligen Postsportverein Blau-Gelb (heute SV Blau-Gelb) und dem BSC Schwarz-Wei\u00df 19 je eine Meisterschaft. Stenger, vor seinem Wirken beim DFB, wo der 74-j\u00e4hrige vor allem als Leiter der Pressekonferenzen der Nationalmannschaft bei EM- und WM-Turnieren bekannt wurde, &#8222;Fu\u00dfball-Chef&#8220; der Frankfurter Rundschau und seit 2017 wieder Mitglied des &#8222;Schlappekickers&#8220;-Vorstand, eine Initiative die sich f\u00fcr unverschuldet in Not geratene Sportler einsetzt, hob in seiner Laudatio hervor, dass Nagel trotz seiner zuweilen resoluten Art, immer der gleiche geblieben sei, eben ein Mensch.\u00a0<\/p>\n<p>2004 \u00fcbernahm Nagel den Posten des Kreisfu\u00dfballwartes und blieb 20 Jahre lang der &#8222;Chef&#8220; der Frankfurter Amateurfu\u00dfballvereine.<\/p>\n<blockquote>\n<h4>Wir w\u00fcnschen Rainer Nagel viel Kraft und Mut f\u00fcr die kommenden Lebensjahre<\/h4>\n<\/blockquote>\n<p>2024 stellte sich Nagel auf dem Kreisfu\u00dfballtag noch einmal zur Wahl, ehe ihn im Herbst jenes Jahres altersbedingte Krankheiten au\u00dfer Gefecht setzten. Nun befindet sich Nagel wieder auf dem Weg der Besserung, schreibt wieder flei\u00dfig Mails mit den aktuellen Tabellenst\u00e4nden an die Vereine und ist \u00fcber alle Geschehnisse im Kreis bestens informiert. Nach den Vortr\u00e4gen von Stenger und dem neuen Kreisfu\u00dfballwart Thorsten Bastian konnte sich Nagel, sichtlich emotional ber\u00fchrt, unter tosendem Applaus einige Tr\u00e4nen nicht verkneifen.<\/p>\n<p>Wir w\u00fcnschen Rainer Nagel viel Kraft und Mut f\u00fcr die kommenden Lebensjahre. Mit integriert in die R\u00fcckrundenbesprechung war die Auslosung f\u00fcr den weiteren Verlauf des Kreispokal-Wettbewerbes (wir berichteten bereits zeitnah). Au\u00dferdem wurde den Vereinen f\u00fcr n\u00e4chsten Winter die Organisation eines Hallen-Masters vorgeschlagen, wie in benachbarten Kreisen \u00fcblich. Hier k\u00f6nnen die Clubs in den kommenden Wochen ihr Feedback abgeben.\u00a0<\/p>\n<blockquote>\n<h4>Unser Fotograf Mithat G\u00fcrser nahm an der Sitzung teil und erstellte eine Bildergalerie! Vielen Dank!\u00a0\u00a0<\/h4>\n<\/blockquote>\n\n\n<figure class=\"wp-block-gallery has-nested-images columns-default is-cropped wp-block-gallery-1 is-layout-flex wp-block-gallery-is-layout-flex\">\n<figure class=\"wp-block-image size-large\"><img loading=\"lazy\" decoding=\"async\" width=\"709\" height=\"472\" data-id=\"30150\" src=\"https:\/\/insideamateurfussball-ffm.de\/wp-content\/uploads\/2026\/01\/rein-4.jpg\" alt=\"\" class=\"wp-image-30150\" srcset=\"https:\/\/insideamateurfussball-ffm.de\/wp-content\/uploads\/2026\/01\/rein-4.jpg 709w, https:\/\/insideamateurfussball-ffm.de\/wp-content\/uploads\/2026\/01\/rein-4-300x200.jpg 300w\" sizes=\"auto, (max-width: 709px) 100vw, 709px\" \/><\/figure>\n<\/figure>\n\n\n\n<figure class=\"wp-block-gallery has-nested-images columns-default is-cropped wp-block-gallery-2 is-layout-flex wp-block-gallery-is-layout-flex\">\n<figure class=\"wp-block-image size-large\"><img loading=\"lazy\" decoding=\"async\" width=\"1024\" height=\"683\" data-id=\"30151\" src=\"https:\/\/insideamateurfussball-ffm.de\/wp-content\/uploads\/2026\/01\/rein-8-1024x683.jpg\" alt=\"\" class=\"wp-image-30151\" srcset=\"https:\/\/insideamateurfussball-ffm.de\/wp-content\/uploads\/2026\/01\/rein-8-1024x683.jpg 1024w, https:\/\/insideamateurfussball-ffm.de\/wp-content\/uploads\/2026\/01\/rein-8-300x200.jpg 300w, https:\/\/insideamateurfussball-ffm.de\/wp-content\/uploads\/2026\/01\/rein-8-768x512.jpg 768w, https:\/\/insideamateurfussball-ffm.de\/wp-content\/uploads\/2026\/01\/rein-8.jpg 1122w\" sizes=\"auto, (max-width: 1024px) 100vw, 1024px\" \/><\/figure>\n<\/figure>\n\n\n\n<figure class=\"wp-block-gallery has-nested-images columns-default is-cropped wp-block-gallery-3 is-layout-flex wp-block-gallery-is-layout-flex\">\n<figure class=\"wp-block-image size-large\"><img loading=\"lazy\" decoding=\"async\" width=\"773\" height=\"502\" data-id=\"30152\" src=\"https:\/\/insideamateurfussball-ffm.de\/wp-content\/uploads\/2026\/01\/rein-12.jpg\" alt=\"\" class=\"wp-image-30152\" srcset=\"https:\/\/insideamateurfussball-ffm.de\/wp-content\/uploads\/2026\/01\/rein-12.jpg 773w, https:\/\/insideamateurfussball-ffm.de\/wp-content\/uploads\/2026\/01\/rein-12-300x195.jpg 300w, https:\/\/insideamateurfussball-ffm.de\/wp-content\/uploads\/2026\/01\/rein-12-768x499.jpg 768w\" sizes=\"auto, (max-width: 773px) 100vw, 773px\" \/><\/figure>\n<\/figure>\n\n\n\n<figure class=\"wp-block-gallery has-nested-images columns-default is-cropped wp-block-gallery-4 is-layout-flex wp-block-gallery-is-layout-flex\">\n<figure class=\"wp-block-image size-large\"><img loading=\"lazy\" decoding=\"async\" width=\"709\" height=\"510\" data-id=\"30153\" src=\"https:\/\/insideamateurfussball-ffm.de\/wp-content\/uploads\/2026\/01\/rein-1.jpg\" alt=\"\" class=\"wp-image-30153\" srcset=\"https:\/\/insideamateurfussball-ffm.de\/wp-content\/uploads\/2026\/01\/rein-1.jpg 709w, https:\/\/insideamateurfussball-ffm.de\/wp-content\/uploads\/2026\/01\/rein-1-300x216.jpg 300w\" sizes=\"auto, (max-width: 709px) 100vw, 709px\" \/><\/figure>\n<\/figure>\n\n\n\n<figure class=\"wp-block-gallery has-nested-images columns-default is-cropped wp-block-gallery-5 is-layout-flex wp-block-gallery-is-layout-flex\">\n<figure class=\"wp-block-image size-large\"><img loading=\"lazy\" decoding=\"async\" width=\"709\" height=\"475\" data-id=\"30154\" src=\"https:\/\/insideamateurfussball-ffm.de\/wp-content\/uploads\/2026\/01\/rein-5.jpg\" alt=\"\" class=\"wp-image-30154\" srcset=\"https:\/\/insideamateurfussball-ffm.de\/wp-content\/uploads\/2026\/01\/rein-5.jpg 709w, https:\/\/insideamateurfussball-ffm.de\/wp-content\/uploads\/2026\/01\/rein-5-300x201.jpg 300w\" sizes=\"auto, (max-width: 709px) 100vw, 709px\" \/><\/figure>\n<\/figure>\n\n\n\n<figure class=\"wp-block-gallery has-nested-images columns-default is-cropped wp-block-gallery-6 is-layout-flex wp-block-gallery-is-layout-flex\">\n<figure class=\"wp-block-image size-large\"><img loading=\"lazy\" decoding=\"async\" width=\"738\" height=\"527\" data-id=\"30155\" src=\"https:\/\/insideamateurfussball-ffm.de\/wp-content\/uploads\/2026\/01\/rein-9.jpg\" alt=\"\" class=\"wp-image-30155\" srcset=\"https:\/\/insideamateurfussball-ffm.de\/wp-content\/uploads\/2026\/01\/rein-9.jpg 738w, https:\/\/insideamateurfussball-ffm.de\/wp-content\/uploads\/2026\/01\/rein-9-300x214.jpg 300w\" sizes=\"auto, (max-width: 738px) 100vw, 738px\" \/><\/figure>\n<\/figure>\n\n\n\n<figure class=\"wp-block-gallery has-nested-images columns-default is-cropped wp-block-gallery-7 is-layout-flex wp-block-gallery-is-layout-flex\">\n<figure class=\"wp-block-image size-large\"><img loading=\"lazy\" decoding=\"async\" width=\"738\" height=\"512\" data-id=\"30156\" src=\"https:\/\/insideamateurfussball-ffm.de\/wp-content\/uploads\/2026\/01\/pok1-6.jpg\" alt=\"\" class=\"wp-image-30156\" srcset=\"https:\/\/insideamateurfussball-ffm.de\/wp-content\/uploads\/2026\/01\/pok1-6.jpg 738w, https:\/\/insideamateurfussball-ffm.de\/wp-content\/uploads\/2026\/01\/pok1-6-300x208.jpg 300w\" sizes=\"auto, (max-width: 738px) 100vw, 738px\" \/><\/figure>\n<\/figure>\n\n\n\n<figure class=\"wp-block-gallery has-nested-images columns-default is-cropped wp-block-gallery-8 is-layout-flex wp-block-gallery-is-layout-flex\">\n<figure class=\"wp-block-image size-large\"><img loading=\"lazy\" decoding=\"async\" width=\"484\" height=\"709\" data-id=\"30157\" src=\"https:\/\/insideamateurfussball-ffm.de\/wp-content\/uploads\/2026\/01\/rein-2.jpg\" alt=\"\" class=\"wp-image-30157\" srcset=\"https:\/\/insideamateurfussball-ffm.de\/wp-content\/uploads\/2026\/01\/rein-2.jpg 484w, https:\/\/insideamateurfussball-ffm.de\/wp-content\/uploads\/2026\/01\/rein-2-205x300.jpg 205w\" sizes=\"auto, (max-width: 484px) 100vw, 484px\" \/><\/figure>\n<\/figure>\n\n\n\n<figure class=\"wp-block-gallery has-nested-images columns-default is-cropped wp-block-gallery-9 is-layout-flex wp-block-gallery-is-layout-flex\">\n<figure class=\"wp-block-image size-large\"><img loading=\"lazy\" decoding=\"async\" width=\"709\" height=\"504\" data-id=\"30158\" src=\"https:\/\/insideamateurfussball-ffm.de\/wp-content\/uploads\/2026\/01\/rein-6.jpg\" alt=\"\" class=\"wp-image-30158\" srcset=\"https:\/\/insideamateurfussball-ffm.de\/wp-content\/uploads\/2026\/01\/rein-6.jpg 709w, https:\/\/insideamateurfussball-ffm.de\/wp-content\/uploads\/2026\/01\/rein-6-300x213.jpg 300w\" sizes=\"auto, (max-width: 709px) 100vw, 709px\" \/><\/figure>\n<\/figure>\n\n\n\n<figure class=\"wp-block-gallery has-nested-images columns-default is-cropped wp-block-gallery-10 is-layout-flex wp-block-gallery-is-layout-flex\">\n<figure class=\"wp-block-image size-large\"><img loading=\"lazy\" decoding=\"async\" width=\"738\" height=\"514\" data-id=\"30159\" src=\"https:\/\/insideamateurfussball-ffm.de\/wp-content\/uploads\/2026\/01\/rein-10.jpg\" alt=\"\" class=\"wp-image-30159\" srcset=\"https:\/\/insideamateurfussball-ffm.de\/wp-content\/uploads\/2026\/01\/rein-10.jpg 738w, https:\/\/insideamateurfussball-ffm.de\/wp-content\/uploads\/2026\/01\/rein-10-300x209.jpg 300w\" sizes=\"auto, (max-width: 738px) 100vw, 738px\" \/><\/figure>\n<\/figure>\n\n\n\n<figure class=\"wp-block-gallery has-nested-images columns-default is-cropped wp-block-gallery-11 is-layout-flex wp-block-gallery-is-layout-flex\">\n<figure class=\"wp-block-image size-large\"><img loading=\"lazy\" decoding=\"async\" width=\"709\" height=\"477\" data-id=\"30160\" src=\"https:\/\/insideamateurfussball-ffm.de\/wp-content\/uploads\/2026\/01\/pok-2.jpg\" alt=\"\" class=\"wp-image-30160\" srcset=\"https:\/\/insideamateurfussball-ffm.de\/wp-content\/uploads\/2026\/01\/pok-2.jpg 709w, https:\/\/insideamateurfussball-ffm.de\/wp-content\/uploads\/2026\/01\/pok-2-300x202.jpg 300w\" sizes=\"auto, (max-width: 709px) 100vw, 709px\" \/><\/figure>\n<\/figure>\n\n\n\n<figure class=\"wp-block-gallery has-nested-images columns-default is-cropped wp-block-gallery-12 is-layout-flex wp-block-gallery-is-layout-flex\">\n<figure class=\"wp-block-image size-large\"><img loading=\"lazy\" decoding=\"async\" width=\"709\" height=\"523\" data-id=\"30161\" src=\"https:\/\/insideamateurfussball-ffm.de\/wp-content\/uploads\/2026\/01\/rein-3.jpg\" alt=\"\" class=\"wp-image-30161\" srcset=\"https:\/\/insideamateurfussball-ffm.de\/wp-content\/uploads\/2026\/01\/rein-3.jpg 709w, https:\/\/insideamateurfussball-ffm.de\/wp-content\/uploads\/2026\/01\/rein-3-300x221.jpg 300w\" sizes=\"auto, (max-width: 709px) 100vw, 709px\" \/><\/figure>\n<\/figure>\n\n\n\n<figure class=\"wp-block-gallery has-nested-images columns-default is-cropped wp-block-gallery-13 is-layout-flex wp-block-gallery-is-layout-flex\">\n<figure class=\"wp-block-image size-large\"><img loading=\"lazy\" decoding=\"async\" width=\"735\" height=\"483\" data-id=\"30162\" src=\"https:\/\/insideamateurfussball-ffm.de\/wp-content\/uploads\/2026\/01\/rein-7.jpg\" alt=\"\" class=\"wp-image-30162\" srcset=\"https:\/\/insideamateurfussball-ffm.de\/wp-content\/uploads\/2026\/01\/rein-7.jpg 735w, https:\/\/insideamateurfussball-ffm.de\/wp-content\/uploads\/2026\/01\/rein-7-300x197.jpg 300w\" sizes=\"auto, (max-width: 735px) 100vw, 735px\" \/><\/figure>\n<\/figure>\n\n\n\n<figure class=\"wp-block-gallery has-nested-images columns-default is-cropped wp-block-gallery-14 is-layout-flex wp-block-gallery-is-layout-flex\">\n<figure class=\"wp-block-image size-large\"><img loading=\"lazy\" decoding=\"async\" width=\"752\" height=\"490\" data-id=\"30163\" src=\"https:\/\/insideamateurfussball-ffm.de\/wp-content\/uploads\/2026\/01\/rein-11.jpg\" alt=\"\" class=\"wp-image-30163\" srcset=\"https:\/\/insideamateurfussball-ffm.de\/wp-content\/uploads\/2026\/01\/rein-11.jpg 752w, https:\/\/insideamateurfussball-ffm.de\/wp-content\/uploads\/2026\/01\/rein-11-300x195.jpg 300w\" sizes=\"auto, (max-width: 752px) 100vw, 752px\" \/><\/figure>\n<\/figure>\n\n\n\n<figure class=\"wp-block-gallery has-nested-images columns-default is-cropped wp-block-gallery-15 is-layout-flex wp-block-gallery-is-layout-flex\">\n<figure class=\"wp-block-image size-large\"><img loading=\"lazy\" decoding=\"async\" width=\"709\" height=\"474\" data-id=\"30165\" src=\"https:\/\/insideamateurfussball-ffm.de\/wp-content\/uploads\/2026\/01\/rei13.jpg\" alt=\"\" class=\"wp-image-30165\" srcset=\"https:\/\/insideamateurfussball-ffm.de\/wp-content\/uploads\/2026\/01\/rei13.jpg 709w, https:\/\/insideamateurfussball-ffm.de\/wp-content\/uploads\/2026\/01\/rei13-300x201.jpg 300w\" sizes=\"auto, (max-width: 709px) 100vw, 709px\" \/><\/figure>\n<\/figure>\n","protected":false},"excerpt":{"rendered":"<p>Mit einer emotionalen Ehrung f\u00fcr Rainer Nagel ist die R\u00fcckrundenbesprechung am Samstagmittag im Vereinsheim des FV Hausen \u00fcber die B\u00fchne gegangen. Der 81-j\u00e4hrige wurde nach einer Laudatio des ehemaligen DFB-Pressesprechers Harald Stenger zum Ehrenkreisfu\u00dfballwart ernannt.\u00a0 Als junger Mann spielte der 1945 geborene Nagel bei den Amateuren von Eintracht Frankfurt und arbeitete als Postbote in Bornheim, [&hellip;]<\/p>\n","protected":false},"author":1,"featured_media":30149,"comment_status":"closed","ping_status":"closed","sticky":true,"template":"","format":"standard","meta":{"footnotes":""},"categories":[27],"tags":[],"class_list":["post-30148","post","type-post","status-publish","format-standard","has-post-thumbnail","hentry","category-bildergalerie"],"_links":{"self":[{"href":"https:\/\/insideamateurfussball-ffm.de\/index.php?rest_route=\/wp\/v2\/posts\/30148","targetHints":{"allow":["GET"]}}],"collection":[{"href":"https:\/\/insideamateurfussball-ffm.de\/index.php?rest_route=\/wp\/v2\/posts"}],"about":[{"href":"https:\/\/insideamateurfussball-ffm.de\/index.php?rest_route=\/wp\/v2\/types\/post"}],"author":[{"embeddable":true,"href":"https:\/\/insideamateurfussball-ffm.de\/index.php?rest_route=\/wp\/v2\/users\/1"}],"replies":[{"embeddable":true,"href":"https:\/\/insideamateurfussball-ffm.de\/index.php?rest_route=%2Fwp%2Fv2%2Fcomments&post=30148"}],"version-history":[{"count":3,"href":"https:\/\/insideamateurfussball-ffm.de\/index.php?rest_route=\/wp\/v2\/posts\/30148\/revisions"}],"predecessor-version":[{"id":30168,"href":"https:\/\/insideamateurfussball-ffm.de\/index.php?rest_route=\/wp\/v2\/posts\/30148\/revisions\/30168"}],"wp:featuredmedia":[{"embeddable":true,"href":"https:\/\/insideamateurfussball-ffm.de\/index.php?rest_route=\/wp\/v2\/media\/30149"}],"wp:attachment":[{"href":"https:\/\/insideamateurfussball-ffm.de\/index.php?rest_route=%2Fwp%2Fv2%2Fmedia&parent=30148"}],"wp:term":[{"taxonomy":"category","embeddable":true,"href":"https:\/\/insideamateurfussball-ffm.de\/index.php?rest_route=%2Fwp%2Fv2%2Fcategories&post=30148"},{"taxonomy":"post_tag","embeddable":true,"href":"https:\/\/insideamateurfussball-ffm.de\/index.php?rest_route=%2Fwp%2Fv2%2Ftags&post=30148"}],"curies":[{"name":"wp","href":"https:\/\/api.w.org\/{rel}","templated":true}]}}