{"id":30143,"date":"2026-01-17T09:27:53","date_gmt":"2026-01-17T08:27:53","guid":{"rendered":"https:\/\/insideamateurfussball-ffm.de\/?p=30143"},"modified":"2026-01-18T09:59:42","modified_gmt":"2026-01-18T08:59:42","slug":"union-niederrad-besiegt-gemischtes-tempo-team","status":"publish","type":"post","link":"https:\/\/insideamateurfussball-ffm.de\/?p=30143","title":{"rendered":"Union Niederrad besiegt gemischtes Tempo-Team"},"content":{"rendered":"<h4>Im ersten Testspiel konnte der abstiegsbedrohte Kreisoberligist FC Union Niederrad am Freitagabend \u00fcberzeugen und den mit einer gemischten Mannschaft auftretenden Gruppenligisten FC Tempo mit 3:1 (3:0) besiegen.\u00a0<\/h4>\n<figure id=\"attachment_30144\" aria-describedby=\"caption-attachment-30144\" style=\"width: 2048px\" class=\"wp-caption alignnone\"><img loading=\"lazy\" decoding=\"async\" class=\"wp-image-30144 size-full\" src=\"http:\/\/insideamateurfussball-ffm.de\/wp-content\/uploads\/2026\/01\/U-Tem.jpg\" alt=\"\" width=\"2048\" height=\"1536\" srcset=\"https:\/\/insideamateurfussball-ffm.de\/wp-content\/uploads\/2026\/01\/U-Tem.jpg 2048w, https:\/\/insideamateurfussball-ffm.de\/wp-content\/uploads\/2026\/01\/U-Tem-300x225.jpg 300w, https:\/\/insideamateurfussball-ffm.de\/wp-content\/uploads\/2026\/01\/U-Tem-1024x768.jpg 1024w, https:\/\/insideamateurfussball-ffm.de\/wp-content\/uploads\/2026\/01\/U-Tem-768x576.jpg 768w, https:\/\/insideamateurfussball-ffm.de\/wp-content\/uploads\/2026\/01\/U-Tem-1536x1152.jpg 1536w\" sizes=\"auto, (max-width: 2048px) 100vw, 2048px\" \/><figcaption id=\"caption-attachment-30144\" class=\"wp-caption-text\">Union-Kapit\u00e4n Kai Grossheim (links), in der Mitte Schiedsrichter Emrah Ertem und rechts Tempo-Spielf\u00fchrer Dejan Matijevic. Foto: PA.<\/figcaption><\/figure>\n<h4>FC Union Niederrad &#8211; FC Tempo 3:1 (3:0)<\/h4>\n<p><img loading=\"lazy\" decoding=\"async\" class=\"alignnone size-full wp-image-38\" src=\"http:\/\/insideamateurfussball-ffm.de\/wp-content\/uploads\/2021\/11\/Union-Niederrad.jpg\" alt=\"\" width=\"80\" height=\"80\" \/><img loading=\"lazy\" decoding=\"async\" class=\"alignnone size-full wp-image-31\" src=\"http:\/\/insideamateurfussball-ffm.de\/wp-content\/uploads\/2021\/11\/Tempo.jpg\" alt=\"\" width=\"80\" height=\"80\" \/><\/p>\n<p>Der neue Niederr\u00e4der Trainer Zeljko Sanjug stand noch nicht an der Seitenlinie, diese Rolle \u00fcbernahm Co-Trainer Dominik Abd Ala. Die Gastgeber starteten engagiert in die Begegnung, hatten gleich eine Gro\u00dfchance durch Antonio Anic und einen Pfostenschuss zu verzeichnen. Nach einem Freisto\u00df von Esmir Omerovic nutzte Hendrik Wolf die Verwirrung bei den G\u00e4sten und k\u00f6pfte aus kurzer Diatanz ein (25.). Auf Flanke von Mohamed Azeggaghe verdoppelte Anas Ouakil den Vorsprung (28.).<\/p>\n<p>Die immerhin 90 Zuschauer an der Heinrich-Seliger-Stra\u00dfe sahen wenige Offensivaktionen der Ginnheimer Serben, hingegen erh\u00f6hte der gut aufgelegte Wolf kurz vor der Pause auf 3:0 (43.). Nach dem Seitenwechsel und mit den in solchen Spielen \u00fcblichen zahlreichen Wechseln, kam Tempo besser ins Spiel, zu mehr als einem Elfmetertor durch den Ukrainer Arsen Kryvobedryi (65.) reichte es aber nicht mehr. Letztlich blieb es beim 3:1 und in der Schlussphase konstanten Spielerwechseln.<\/p>\n<p>Beide Teams sind schon am Sonntag wieder im Einsatz. Union Niederrad erwartet den Gruppenliga-Aufsteiger und S\u00fcd-Rivalen VfL Germania 94 (15 Uhr), den die Niederr\u00e4der vor drei Monaten mit 5:0 in der 2. Runde des Kreispokals wegfegten. Tempo spielt um 14.30 Uhr gegen den in die Kreisoberliga Friedberg abgestiegenen Traditionsverein FV Bad Vilbel. &#8222;F\u00fcr uns ist es nur wichtig, da rauszukommen&#8220;, hob Union-Pr\u00e4sident Khalid Lamjahed hervor.<\/p>\n<p>&#8222;Verdient verloren, auf jeden Fall. Aber das war nicht unsere Erste Mannschaft&#8220;, deutete Tempo-Sportchef Zoran Marcetic an. &#8222;50 % Erste, 50 % Zweite, so spielen wir noch am Sonntag und n\u00e4chste Woche wird dann getrennt. So k\u00f6nnen die Spieler der Zweiten, die immer hinten dran sind ihre Chance bekommen. Das machen wir immer so. Wir haben aber auch wie andere Mannschaften nach vier Einheiten schwere Beine&#8220;, erkl\u00e4rte Marcetic.\u00a0<\/p>\n\n\n<figure class=\"wp-block-pullquote\"><blockquote><p><strong>&#8222;F\u00fcr uns ist es nur wichtig, da rauszukommen.&#8220;<\/strong><\/p><cite><strong>Union-Pr\u00e4sident Khalid<\/strong> <strong>Lamjahed<\/strong><\/cite><\/blockquote><\/figure>\n\n\n<blockquote>\n<h4>Schiedsrichter: Emrah Ertem (SC Goldstein). Zuschauer: 90.<\/h4>\n<h4>Tore: 1:0 Hendrik Wolf (25.), 2:0 Anas Ouakil (28.), 3:0 Hendrik Wolf (43.), 3:1 Arsen Kryvobedryi (65.\/Foulelfmeter).<\/h4>\n<\/blockquote>","protected":false},"excerpt":{"rendered":"<p>Im ersten Testspiel konnte der abstiegsbedrohte Kreisoberligist FC Union Niederrad am Freitagabend \u00fcberzeugen und den mit einer gemischten Mannschaft auftretenden Gruppenligisten FC Tempo mit 3:1 (3:0) besiegen.\u00a0 FC Union Niederrad &#8211; FC Tempo 3:1 (3:0) Der neue Niederr\u00e4der Trainer Zeljko Sanjug stand noch nicht an der Seitenlinie, diese Rolle \u00fcbernahm Co-Trainer Dominik Abd Ala. Die [&hellip;]<\/p>\n","protected":false},"author":1,"featured_media":30144,"comment_status":"closed","ping_status":"closed","sticky":true,"template":"","format":"standard","meta":{"footnotes":""},"categories":[21],"tags":[],"class_list":["post-30143","post","type-post","status-publish","format-standard","has-post-thumbnail","hentry","category-testspiele"],"_links":{"self":[{"href":"https:\/\/insideamateurfussball-ffm.de\/index.php?rest_route=\/wp\/v2\/posts\/30143","targetHints":{"allow":["GET"]}}],"collection":[{"href":"https:\/\/insideamateurfussball-ffm.de\/index.php?rest_route=\/wp\/v2\/posts"}],"about":[{"href":"https:\/\/insideamateurfussball-ffm.de\/index.php?rest_route=\/wp\/v2\/types\/post"}],"author":[{"embeddable":true,"href":"https:\/\/insideamateurfussball-ffm.de\/index.php?rest_route=\/wp\/v2\/users\/1"}],"replies":[{"embeddable":true,"href":"https:\/\/insideamateurfussball-ffm.de\/index.php?rest_route=%2Fwp%2Fv2%2Fcomments&post=30143"}],"version-history":[{"count":3,"href":"https:\/\/insideamateurfussball-ffm.de\/index.php?rest_route=\/wp\/v2\/posts\/30143\/revisions"}],"predecessor-version":[{"id":30147,"href":"https:\/\/insideamateurfussball-ffm.de\/index.php?rest_route=\/wp\/v2\/posts\/30143\/revisions\/30147"}],"wp:featuredmedia":[{"embeddable":true,"href":"https:\/\/insideamateurfussball-ffm.de\/index.php?rest_route=\/wp\/v2\/media\/30144"}],"wp:attachment":[{"href":"https:\/\/insideamateurfussball-ffm.de\/index.php?rest_route=%2Fwp%2Fv2%2Fmedia&parent=30143"}],"wp:term":[{"taxonomy":"category","embeddable":true,"href":"https:\/\/insideamateurfussball-ffm.de\/index.php?rest_route=%2Fwp%2Fv2%2Fcategories&post=30143"},{"taxonomy":"post_tag","embeddable":true,"href":"https:\/\/insideamateurfussball-ffm.de\/index.php?rest_route=%2Fwp%2Fv2%2Ftags&post=30143"}],"curies":[{"name":"wp","href":"https:\/\/api.w.org\/{rel}","templated":true}]}}