{"id":30136,"date":"2026-01-16T17:52:25","date_gmt":"2026-01-16T16:52:25","guid":{"rendered":"https:\/\/insideamateurfussball-ffm.de\/?p=30136"},"modified":"2026-01-16T18:01:24","modified_gmt":"2026-01-16T17:01:24","slug":"bornheim-braucht-im-sommer-einen-neuen-trainer","status":"publish","type":"post","link":"https:\/\/insideamateurfussball-ffm.de\/?p=30136","title":{"rendered":"Bornheim braucht im Sommer einen neuen Trainer"},"content":{"rendered":"<h4>Jetzt ist es offiziell! Verbandsligist SG Bornheim\/Gr\u00fcn-Wei\u00df muss sich f\u00fcr die kommende Saison einen neuen Trainer suchen. Der erst vor der laufenden Runde verpflichtete Taner Yalcin wurde am vergangenen Dienstag beim Hessenligisten SV Rot-Wei\u00df Walldorf gemeinsam mit dem fr\u00fcheren Bornheimer Trainer Sascha Volk als gleichberechtigtes Trainerduo vorgestellt.\u00a0<\/h4>\n<figure id=\"attachment_28405\" aria-describedby=\"caption-attachment-28405\" style=\"width: 2560px\" class=\"wp-caption alignnone\"><img loading=\"lazy\" decoding=\"async\" class=\"wp-image-28405 size-full\" src=\"http:\/\/insideamateurfussball-ffm.de\/wp-content\/uploads\/2025\/10\/SGB-OFCII_251005-1084-scaled.jpg\" alt=\"\" width=\"2560\" height=\"1707\" srcset=\"https:\/\/insideamateurfussball-ffm.de\/wp-content\/uploads\/2025\/10\/SGB-OFCII_251005-1084-scaled.jpg 2560w, https:\/\/insideamateurfussball-ffm.de\/wp-content\/uploads\/2025\/10\/SGB-OFCII_251005-1084-300x200.jpg 300w, https:\/\/insideamateurfussball-ffm.de\/wp-content\/uploads\/2025\/10\/SGB-OFCII_251005-1084-1024x683.jpg 1024w, https:\/\/insideamateurfussball-ffm.de\/wp-content\/uploads\/2025\/10\/SGB-OFCII_251005-1084-768x512.jpg 768w, https:\/\/insideamateurfussball-ffm.de\/wp-content\/uploads\/2025\/10\/SGB-OFCII_251005-1084-1536x1024.jpg 1536w, https:\/\/insideamateurfussball-ffm.de\/wp-content\/uploads\/2025\/10\/SGB-OFCII_251005-1084-2048x1365.jpg 2048w\" sizes=\"auto, (max-width: 2560px) 100vw, 2560px\" \/><figcaption id=\"caption-attachment-28405\" class=\"wp-caption-text\">Bornheims Medienbeauftragter Tuncay Danis wird in der kommenden Saison nicht mehr Taner Yalcin, sondern einen anderen SGB-Coach interviewen. Foto: Archiv Andre Sturmeit.<\/figcaption><\/figure>\n<p><img loading=\"lazy\" decoding=\"async\" class=\"alignnone size-full wp-image-119\" src=\"http:\/\/insideamateurfussball-ffm.de\/wp-content\/uploads\/2022\/05\/Bornheim.jpg\" alt=\"\" width=\"80\" height=\"80\" \/><\/p>\n<p>Volk und Yalcin treten dann die Nachfolge von Artur Lemm an, der in Walldorf seit 2021 zun\u00e4chst als Sportdirektor und dann als Trainer f\u00fcr eine hervorragende Entwicklung zu einem Team im oberen Drittel der Hessenliga verantwortlich zeichnete. Mit dem neuen Duo setzt der Verein aus dem Kreis Gro\u00df-Gerau auf Erfahrung, Fachkompetenz und eine klare sportliche Handschrift. Sascha Volk war von Januar 2020 bis Juni 2024 bei der SG Bornheim\/Gr\u00fcn-Wei\u00df als Cheftrainer in der Verbandsliga S\u00fcd. In dieser Zeit belegte die Mannschaft zweimal den zweiten Tabellenplatz. Besonders knapp verpasste Bornheim in der Saison 2022\/23 den Aufstieg in die Hessenliga, als man erst in der Relegation scheiterte. Und das im denkw\u00fcrdigen Endspiel auf neutralem Platz in Fernwald gegen TuS Dietkirchen nach einem 1:1 in der Verl\u00e4ngerung im Elfmeterschie\u00dfen.<\/p>\n<p>Zuvor war Volk in der Hessenliga als Co-Trainer der U23 des SV Wehen Wiesbaden t\u00e4tig und arbeitete zudem als Videoanalyst beim FSV Frankfurt. Derzeit engagiert er sich in der Jugendarbeit beim SC Eintracht Sportfreunde Windecken und ist als Scout f\u00fcr die SG Dynamo Dresden aktiv. Taner Yalcin kann eine umfangreiche Trainerlaufbahn vorweisen. Neben Stationen beim FCA Darmstadt, dem VfR Bockenheim und den Hessenligisten SC Hessen Dreieich (mittlerweile aufgel\u00f6st) und SC 1960 Hanau war der A-Lizenz-Inhaber auch zweieinhalb Jahre Co-Trainer der Regionalliga-Mannschaft des FSV Frankfurt. In der aktuellen Runde hat Yalcin die Bornheimer zur Winterpause auf Rang vier gef\u00fchrt und verf\u00fcgt mit seinem Team durchaus \u00fcber Aufstiegschancen. Beide Trainer sind zusammen in Bornheim aufgewachsen und trainierten zusammen schon im Bornheimer Jugendbereich.<\/p>\n<figure id=\"attachment_30137\" aria-describedby=\"caption-attachment-30137\" style=\"width: 1440px\" class=\"wp-caption alignnone\"><img loading=\"lazy\" decoding=\"async\" class=\"wp-image-30137 size-full\" src=\"http:\/\/insideamateurfussball-ffm.de\/wp-content\/uploads\/2026\/01\/bild-fb.jpg\" alt=\"\" width=\"1440\" height=\"1440\" srcset=\"https:\/\/insideamateurfussball-ffm.de\/wp-content\/uploads\/2026\/01\/bild-fb.jpg 1440w, https:\/\/insideamateurfussball-ffm.de\/wp-content\/uploads\/2026\/01\/bild-fb-300x300.jpg 300w, https:\/\/insideamateurfussball-ffm.de\/wp-content\/uploads\/2026\/01\/bild-fb-1024x1024.jpg 1024w, https:\/\/insideamateurfussball-ffm.de\/wp-content\/uploads\/2026\/01\/bild-fb-150x150.jpg 150w, https:\/\/insideamateurfussball-ffm.de\/wp-content\/uploads\/2026\/01\/bild-fb-768x768.jpg 768w\" sizes=\"auto, (max-width: 1440px) 100vw, 1440px\" \/><figcaption id=\"caption-attachment-30137\" class=\"wp-caption-text\">Taner Yalcin und Sascha Volk \u00fcbernehmen RW Walldorf zur Saison 2026\/27. Foto: Facebook RW Walldorf.<\/figcaption><\/figure>\n<p>Nun ergab sich durch die Offerte aus Walldorf erstmals die M\u00f6glichkeit, auch im Seniorenbereich gemeinsam zu agieren. &#8222;Der Verein hat Kontakt zu mir aufgenommen und wollte einen neuen Weg einschlagen&#8220;, erkl\u00e4rt Volk, der dann das Angebot an Yalcin weiterleitete und seinen Jugendfreund davon \u00fcberzeugte, mit einzusteigen. &#8222;In Walldorf gibt es hervorragende Strukturen. Das ist ein gutes ambitioniertes Projekt, auf das wir Lust haben&#8220;, versichert Volk. Haupts\u00e4chlich der gute Unterbau mit der U23 in der Verbandsliga und der U19, sie sich als Hessenliga-Halbjahresmeister erneut f\u00fcr die bundesweite A-Liga qualifizierte, lieferten die besten Argumente, um in das Boot Walldorf einzusteigen. Yalcin fiel es aber nicht leicht, den Bornheimern f\u00fcr die kommende Saison abzusagen: &#8222;Ich bin Bernemer und habe Spieler, die Demut und Lernbereitschaft verk\u00f6rpern. Mit dem ganzen Drumherum mit dem F\u00f6rderkreis, den Anh\u00e4ngern und den helfenden H\u00e4nden ist das ein besonderer Verein.&#8220;<\/p>\n<p>Derzeit erlebe man in Bornheim auf Rang vier stehend &#8222;eine sch\u00f6ne Zeit mit tollen Jungs. Dass ich nach Walldorf gehe, hat nur etwas mit Sascha Volk zu tun, um das gemeinsame Projekt Wirklichkeit werden zu lassen.&#8220; Am 25. Januar wird mit einer lockeren Trainingseinheit mit Fr\u00fchst\u00fcck der Aufgalopp f\u00fcr die Restrunde starten, vier Tage sp\u00e4ter geht es zum ersten Testspiel nach Seckbach. Mit dabei dann die angek\u00fcndigten Neuzug\u00e4nge Teklu Tewelde (R\u00f6delheimer FC) und Felix Casalino (Spvgg. Fechenheim). Aaron Neu, Genki Yukinaga, Amir Amhouder und Jonathan H\u00f6ser sind dann nicht mehr mit dabei, sie haben den Verein verlassen.\u00a0<\/p>\n\n\n<figure class=\"wp-block-pullquote\"><blockquote><p><strong>&#8222;Das ist ein gutes ambitioniertes Projekt, auf das wir Lust haben.&#8220; <\/strong><\/p><cite><strong>Sascha VOLK <\/strong><\/cite><\/blockquote><\/figure>\n","protected":false},"excerpt":{"rendered":"<p>Jetzt ist es offiziell! Verbandsligist SG Bornheim\/Gr\u00fcn-Wei\u00df muss sich f\u00fcr die kommende Saison einen neuen Trainer suchen. Der erst vor der laufenden Runde verpflichtete Taner Yalcin wurde am vergangenen Dienstag beim Hessenligisten SV Rot-Wei\u00df Walldorf gemeinsam mit dem fr\u00fcheren Bornheimer Trainer Sascha Volk als gleichberechtigtes Trainerduo vorgestellt.\u00a0 Volk und Yalcin treten dann die Nachfolge von [&hellip;]<\/p>\n","protected":false},"author":1,"featured_media":28405,"comment_status":"closed","ping_status":"closed","sticky":true,"template":"","format":"standard","meta":{"footnotes":""},"categories":[10],"tags":[],"class_list":["post-30136","post","type-post","status-publish","format-standard","has-post-thumbnail","hentry","category-verbandsliga-sued"],"_links":{"self":[{"href":"https:\/\/insideamateurfussball-ffm.de\/index.php?rest_route=\/wp\/v2\/posts\/30136","targetHints":{"allow":["GET"]}}],"collection":[{"href":"https:\/\/insideamateurfussball-ffm.de\/index.php?rest_route=\/wp\/v2\/posts"}],"about":[{"href":"https:\/\/insideamateurfussball-ffm.de\/index.php?rest_route=\/wp\/v2\/types\/post"}],"author":[{"embeddable":true,"href":"https:\/\/insideamateurfussball-ffm.de\/index.php?rest_route=\/wp\/v2\/users\/1"}],"replies":[{"embeddable":true,"href":"https:\/\/insideamateurfussball-ffm.de\/index.php?rest_route=%2Fwp%2Fv2%2Fcomments&post=30136"}],"version-history":[{"count":2,"href":"https:\/\/insideamateurfussball-ffm.de\/index.php?rest_route=\/wp\/v2\/posts\/30136\/revisions"}],"predecessor-version":[{"id":30139,"href":"https:\/\/insideamateurfussball-ffm.de\/index.php?rest_route=\/wp\/v2\/posts\/30136\/revisions\/30139"}],"wp:featuredmedia":[{"embeddable":true,"href":"https:\/\/insideamateurfussball-ffm.de\/index.php?rest_route=\/wp\/v2\/media\/28405"}],"wp:attachment":[{"href":"https:\/\/insideamateurfussball-ffm.de\/index.php?rest_route=%2Fwp%2Fv2%2Fmedia&parent=30136"}],"wp:term":[{"taxonomy":"category","embeddable":true,"href":"https:\/\/insideamateurfussball-ffm.de\/index.php?rest_route=%2Fwp%2Fv2%2Fcategories&post=30136"},{"taxonomy":"post_tag","embeddable":true,"href":"https:\/\/insideamateurfussball-ffm.de\/index.php?rest_route=%2Fwp%2Fv2%2Ftags&post=30136"}],"curies":[{"name":"wp","href":"https:\/\/api.w.org\/{rel}","templated":true}]}}