{"id":30127,"date":"2026-01-15T15:09:20","date_gmt":"2026-01-15T14:09:20","guid":{"rendered":"https:\/\/insideamateurfussball-ffm.de\/?p=30127"},"modified":"2026-01-15T15:09:20","modified_gmt":"2026-01-15T14:09:20","slug":"winterfazit-vfl-germania-94","status":"publish","type":"post","link":"https:\/\/insideamateurfussball-ffm.de\/?p=30127","title":{"rendered":"Winterfazit VfL Germania 94"},"content":{"rendered":"<h4>Wir betrachten in der Winterpause der Saison 2025\/26 beim Fazit auch die Mannschaften der Gruppenliga Frankfurt West und gehen tabellarisch vor, als letztes werfen wir einen Blick auf den bisherigen Saisonverlauf vom Aufsteiger VfL Germania 94.<\/h4>\n<figure id=\"attachment_27425\" aria-describedby=\"caption-attachment-27425\" style=\"width: 886px\" class=\"wp-caption alignnone\"><img loading=\"lazy\" decoding=\"async\" class=\"wp-image-27425 size-full\" src=\"http:\/\/insideamateurfussball-ffm.de\/wp-content\/uploads\/2025\/08\/bos-germ94-4.jpg\" alt=\"\" width=\"886\" height=\"590\" srcset=\"https:\/\/insideamateurfussball-ffm.de\/wp-content\/uploads\/2025\/08\/bos-germ94-4.jpg 886w, https:\/\/insideamateurfussball-ffm.de\/wp-content\/uploads\/2025\/08\/bos-germ94-4-300x200.jpg 300w, https:\/\/insideamateurfussball-ffm.de\/wp-content\/uploads\/2025\/08\/bos-germ94-4-768x511.jpg 768w\" sizes=\"auto, (max-width: 886px) 100vw, 886px\" \/><figcaption id=\"caption-attachment-27425\" class=\"wp-caption-text\">Die Mannschaft vom VfL Germania 94 hofft noch auf den Klassenerhalt. Foto: Archiv Mithat G\u00fcrser<\/figcaption><\/figure>\n<p><img loading=\"lazy\" decoding=\"async\" class=\"alignnone size-full wp-image-508\" src=\"http:\/\/insideamateurfussball-ffm.de\/wp-content\/uploads\/2022\/05\/Germania-94.jpg\" alt=\"\" width=\"80\" height=\"80\" \/><\/p>\n<h3>Zielsetzung vor der Saison<\/h3>\n<p>Die Zielsetzung vom VfL Germania 94 war nach den Worten des damaligen Sportlichen Leiters und jetzigen Trainers Siar Daudi trotz des Punktabzugs der Klassenerhalt. Dieses Ziel ist immer noch erreichbar.<\/p>\n<h3>Tabellensituation<\/h3>\n<p>Platz16, 19 Spiele, 9 Punkte (8 S, 1 U, 10 N), Torverh\u00e4ltnis 30:40<\/p>\n<p>Auf direkten Abstiegsplatz, 1 Punkt hinter T\u00fcrkg\u00fcc\u00fc Frankfurt, 2 Punkte vor dem Tabellenletzten FC Kaichen<\/p>\n<p>Ohne den Abzug von 16 Punkten (15 Punkte wegen Passbetrug, 1 Punkt wegen Nichterf\u00fcllung des Schiedsrichter-Solls) w\u00fcrde Germania auf Platz 8 liegen.<\/p>\n<h3>Bisheriger Saisonverlauf<\/h3>\n<p>Nachdem Germania im Berufungsverfahren statt der halbj\u00e4hrigen Sperre mit einem Abzug von 15 Punkten belegt wurde, begann der Aufsteiger unter ihrem neuen Trainer S\u00fcleyman Keskin die Runde ohne Vorbereitungsspiele. Nachdem die ersten drei Spiele verloren wurden, trennte man sich vom Trainer Keskin und Aufstiegstrainer Siar Daudi, Sportlicher Leiter der Germania, \u00fcbernahm wieder die Verantwortung an der Au\u00dfenlinie. Auch er musste zuerst zwei Niederlagen einstecken, ehe im sechsten Spiel ein Achtungserfolg beim 2:2 gegen den T\u00fcrkischen SV Bad Nauheim die Wende einleitete.<\/p>\n<p>Im September blieb die Mannschaft ohne Niederlage und fuhr vier Siege ein, ehe es in Stierstadt Anfang Oktober einen kleinen R\u00fcckschlag gab. Nach einer weiteren Niederlage gegen Karben folgten zwei Siege gegen Mitaufsteiger, wodurch man den Punktabzug, der sich wegen Nichterf\u00fcllung des Schiedsrichter-Solls auf 16 Punkte erh\u00f6hte, wettmachen konnte und endlich in den positiven Punkten landete. Bis zur Winterpause gab es noch drei Niederlagen und zwei weitere Siege, u.a. auch gegen Oberrad, sodass man jetzt mit 9 Punkten auf dem vorletzten Platz steht.<\/p>\n<h3>Torsch\u00fctzen (Quelle: fussball.de)<\/h3>\n<p>6 Sunny Sallah<\/p>\n<p>5 Onur G\u00f6t\u00fcrmen<\/p>\n<p>4 Hamza Tmimi<\/p>\n<h3>Eins\u00e4tze (Quelle: fussball.de)<\/h3>\n<p>19 Sunny Sallah, Zie Moussa Quattara<\/p>\n<p>18 Emre Kir, Koukou Barrista Nkingue Fiankeu, Komy Casia Lancine Camara<\/p>\n<p>16 Onur G\u00f6t\u00fcrmen<\/p>\n<h3>Statistiken<\/h3>\n<p>H\u00f6chster Sieg: 4:1 gegen die FSG Burg-Gr\u00e4fenrode<\/p>\n<p>H\u00f6chste Niederlage: 1:7 bei der Spvgg. 05 Oberrad<\/p>\n<p>L\u00e4ngste Serie ungeschlagen: 5 Spiele (4S, 1U) vom 6.-10.Spieltag<\/p>\n<p>L\u00e4ngste Serie ohne Sieg: 5 Spiele (5N) vom 1.-5. Spieltag<\/p>\n<h3>Pokal<\/h3>\n<p>Im Kreispokal gewann der VfL Germania 94 in der ersten Runde knapp mit 2:1 beim Kreisoberligisten SV 07 Heddernheim, in der zweiten Runde war dann bei einem weiteren Kreisoberligisten Endstation, man verlor mit 0:5 beim FC Union Niederrad.<\/p>\n<h3>Aussichten<\/h3>\n<p>Wieviel direkte Absteiger es in der Gruppenliga geben wird, h\u00e4ngt vom Abstiegskampf in der Verbandsliga S\u00fcd ab, in den mit dem FC Kalbach und dem FC Neu-Anspach zwei Mannschaften verstrickt sind, die in die Gruppenliga Frankfurt West zur\u00fcckkehren w\u00fcrden. Sollten beide Mannschaften absteigen, g\u00e4be es in der Gruppenliga vier direkte Absteiger. Die letzten f\u00fcnf Mannschaften sind in der Gruppenliga schon etwas abgeschlagen, noch bedeutet Platz 14 den Relegationsplatz, auf dem die FSG Burg-Gr\u00e4fenrode derzeit 2 Punkte vor der Germania liegt, wobei der VfL von den f\u00fcnf bedrohten Mannschaften schon die meisten Spiele bestritten hat.<\/p>\n<p>Germania hat nach der Winterpause ein schwieriges Startprogramm mit Spielen gegen den FC Tempo, Bosnien\/Herzegowina und Bad Nauheim, Anfang M\u00e4rz muss man dann sehen, wie gut die Chancen f\u00fcr den Klassenerhalt bei dann noch ausstehenden 10 Spielen sind.<\/p>\n<h3>Bisher bekannte Testspiele vor Fortsetzung (Quelle fussball.de):<\/h3>\n<p>Sonntag, 18.01.26, 15:00: Union Niederrad \u2013 VfL Germania 94<\/p>\n<p>Sonntag, 25.01.26, 15:00: VfB Unterliederbach \u2013 VfL Germania 94<\/p>\n<p>Sonntag, 01.02.26, 15:00: SC Eschborn \u2013 VfL Germania 94<\/p>\n<p>Sonntag, 22.02.26, 15:00: SG Nassau Diedenbergen \u2013 VfL Germania 94<\/p>\n<p>Erstes Pflichtspiel:<\/p>\n<p>Vorauss. 01.03.26: FC Tempo \u2013 VfL Germania 94<\/p>\n\n\n<p><\/p>\n","protected":false},"excerpt":{"rendered":"<p>Wir betrachten in der Winterpause der Saison 2025\/26 beim Fazit auch die Mannschaften der Gruppenliga Frankfurt West und gehen tabellarisch vor, als letztes werfen wir einen Blick auf den bisherigen Saisonverlauf vom Aufsteiger VfL Germania 94. Zielsetzung vor der Saison Die Zielsetzung vom VfL Germania 94 war nach den Worten des damaligen Sportlichen Leiters und [&hellip;]<\/p>\n","protected":false},"author":3,"featured_media":27425,"comment_status":"closed","ping_status":"open","sticky":true,"template":"","format":"standard","meta":{"footnotes":""},"categories":[13],"tags":[],"class_list":["post-30127","post","type-post","status-publish","format-standard","has-post-thumbnail","hentry","category-gruppenliga-frankfurt-west"],"_links":{"self":[{"href":"https:\/\/insideamateurfussball-ffm.de\/index.php?rest_route=\/wp\/v2\/posts\/30127","targetHints":{"allow":["GET"]}}],"collection":[{"href":"https:\/\/insideamateurfussball-ffm.de\/index.php?rest_route=\/wp\/v2\/posts"}],"about":[{"href":"https:\/\/insideamateurfussball-ffm.de\/index.php?rest_route=\/wp\/v2\/types\/post"}],"author":[{"embeddable":true,"href":"https:\/\/insideamateurfussball-ffm.de\/index.php?rest_route=\/wp\/v2\/users\/3"}],"replies":[{"embeddable":true,"href":"https:\/\/insideamateurfussball-ffm.de\/index.php?rest_route=%2Fwp%2Fv2%2Fcomments&post=30127"}],"version-history":[{"count":3,"href":"https:\/\/insideamateurfussball-ffm.de\/index.php?rest_route=\/wp\/v2\/posts\/30127\/revisions"}],"predecessor-version":[{"id":30130,"href":"https:\/\/insideamateurfussball-ffm.de\/index.php?rest_route=\/wp\/v2\/posts\/30127\/revisions\/30130"}],"wp:featuredmedia":[{"embeddable":true,"href":"https:\/\/insideamateurfussball-ffm.de\/index.php?rest_route=\/wp\/v2\/media\/27425"}],"wp:attachment":[{"href":"https:\/\/insideamateurfussball-ffm.de\/index.php?rest_route=%2Fwp%2Fv2%2Fmedia&parent=30127"}],"wp:term":[{"taxonomy":"category","embeddable":true,"href":"https:\/\/insideamateurfussball-ffm.de\/index.php?rest_route=%2Fwp%2Fv2%2Fcategories&post=30127"},{"taxonomy":"post_tag","embeddable":true,"href":"https:\/\/insideamateurfussball-ffm.de\/index.php?rest_route=%2Fwp%2Fv2%2Ftags&post=30127"}],"curies":[{"name":"wp","href":"https:\/\/api.w.org\/{rel}","templated":true}]}}