{"id":30124,"date":"2026-01-14T15:31:06","date_gmt":"2026-01-14T14:31:06","guid":{"rendered":"https:\/\/insideamateurfussball-ffm.de\/?p=30124"},"modified":"2026-01-14T15:31:06","modified_gmt":"2026-01-14T14:31:06","slug":"winterfazit-tuerkguecue-frankfurt","status":"publish","type":"post","link":"https:\/\/insideamateurfussball-ffm.de\/?p=30124","title":{"rendered":"Winterfazit T\u00fcrkg\u00fcc\u00fc Frankfurt"},"content":{"rendered":"<h4>Wir besch\u00e4ftigen uns in der Winterpause der Saison 2025\/26 beim Fazit auch mit den Mannschaften der Gruppenliga Frankfurt West und gehen tabellarisch vor, als n\u00e4chstes betrachten wir den bisherigen Saisonverlauf von T\u00fcrkg\u00fcc\u00fc Frankfurt.<\/h4>\n<figure id=\"attachment_27105\" aria-describedby=\"caption-attachment-27105\" style=\"width: 886px\" class=\"wp-caption alignnone\"><img loading=\"lazy\" decoding=\"async\" class=\"wp-image-27105 size-full\" src=\"http:\/\/insideamateurfussball-ffm.de\/wp-content\/uploads\/2025\/08\/kaichen11.jpg\" alt=\"\" width=\"886\" height=\"654\" srcset=\"https:\/\/insideamateurfussball-ffm.de\/wp-content\/uploads\/2025\/08\/kaichen11.jpg 886w, https:\/\/insideamateurfussball-ffm.de\/wp-content\/uploads\/2025\/08\/kaichen11-300x221.jpg 300w, https:\/\/insideamateurfussball-ffm.de\/wp-content\/uploads\/2025\/08\/kaichen11-768x567.jpg 768w\" sizes=\"auto, (max-width: 886px) 100vw, 886px\" \/><figcaption id=\"caption-attachment-27105\" class=\"wp-caption-text\">Viel zu jubeln wie hier beim Spiel gegen den FC Kaichen hatten die Mannen um Kapit\u00e4n Emre Kadimli (links im Bild) bis zum Winter nicht. Foto: Archiv Mithat G\u00fcrser<\/figcaption><\/figure>\n<p><img loading=\"lazy\" decoding=\"async\" class=\"alignnone size-full wp-image-17\" src=\"http:\/\/insideamateurfussball-ffm.de\/wp-content\/uploads\/2021\/11\/Tuerkguecue.jpg\" alt=\"\" width=\"72\" height=\"80\" \/><\/p>\n<h3>Zielsetzung vor der Saison<\/h3>\n<p>Die Zielsetzung von T\u00fcrkg\u00fcc\u00fc Frankfurt war nach Aussagen ihres neuen Trainers Murtaza Taher, nach dem gro\u00dfen Umbruch eine gute Saison zu spielen und eine stabile Basis f\u00fcr die Zukunft zu schaffen.<\/p>\n<h3>Tabellensituation<\/h3>\n<p>Platz15, 17 Spiele, 10 Punkte (3 S, 1 U, 13 N), Torverh\u00e4ltnis 22:47<\/p>\n<p>Auf erstem direkten Abstiegsplatz, 1 Punkt hinter der FSG Burg-Gr\u00e4fenrode, 1 Punkt vor dem VfL Germania 94<\/p>\n<h3>Bisheriger Saisonverlauf<\/h3>\n<p>Der Saisonstart von T\u00fcrkg\u00fcc\u00fc mit dem neuen Trainer Murtaza Taher verlief gl\u00e4nzend, erst gelang ein \u00fcberraschender Starterfolg in Seckbach und nach einem Remis gegen Kaichen wurde auch in Stierstadt gewonnen. Es folgten drei Niederlagen in Folge, ehe man das Duell gegen Aufsteiger Burg-Gr\u00e4fenrode am 07.September mit 1:0 gewinnen konnte. Danach gab es in 10 Spielen keinen einzigen Punktgewinn mehr, sodass die Mannschaft auf den ersten direkten Abstiegsplatz rutschte. \u00a0Inmitten der Niederlagenserie bot Trainer Taher Mitte Oktober nach der Niederlage gegen Oberrad seinen R\u00fccktritt an, der vom Verein angenommen wurde. Aber auch unter Interimstrainer Murat Tiryaki gab es nachfolgend noch 4 Niederlagen.<\/p>\n<h3>Torsch\u00fctzen (Quelle: fussball.de)<\/h3>\n<p>5 Terry Danso, Emre Kadimli<\/p>\n<p>4 Ventsislav Rusev<\/p>\n<p>3 Cem Bagdu<\/p>\n<h3>Eins\u00e4tze (Quelle: fussball.de)<\/h3>\n<p>17 Dusan Zbiljic, Emre Kadimli<\/p>\n<p>16 Erol G\u00fcler<\/p>\n<p>15 Mostafa Youssef<\/p>\n<h3>Statistiken<\/h3>\n<p>H\u00f6chster Sieg: 4:2 bei der FG Seckbach<\/p>\n<p>H\u00f6chste Niederlage: 1:5 gegen den SV Bosnien\/Herzegowina<\/p>\n<p>L\u00e4ngste Serie ungeschlagen: 3 Spiele (2S, 1U) vom 1.-3.Spieltag<\/p>\n<p>L\u00e4ngste Serie ohne Sieg: 10 Spiele (10N) vom 8.-17. Spieltag<\/p>\n<h3>Pokal<\/h3>\n<p>Im Kreispokal war kam T\u00fcrkg\u00fcc\u00fc Frankfurt kampflos in die zweite Runde, B-Ligist Frankfurter FC Viktoria trat nicht an. In der zweiten Runde war dann Endstation, Verbandsligist FC Kalbach erwies sich beim 0:3 als eine Nummer zu gro\u00df.<\/p>\n<h3>Aussichten<\/h3>\n<p>Mit dem neuen Trainer Artug \u00d6zbakir und einigen neuen Spielern (insideamateurfussball berichtete) will der Verein dem drohenden Abstieg noch entgehen, mit 17 Spielen hat man bisher die wenigsten Partien gespielt und Burg-Gr\u00e4fenrode liegt bei einem Spiel mehr mit nur einen Punkt mehr auf dem Relegationsplatz, auch Platz 13 ist nur 3 Punkte entfernt. Die Restrunde startet mit einem Nachholspiel, beim FC Kaichen geht es darum, wichtige Punkte zu holen und den Gegner auf Distanz zu halten.<\/p>\n<h3>Bisher bekannte Testspiele vor Fortsetzung (Quelle fussball.de):<\/h3>\n<p>Sonntag, 25.01.26, 15:00: DJK Spfr. Bad Homburg \u2013 T\u00fcrkg\u00fcc\u00fc Frankfurt<\/p>\n<p>Sonntag, 01.02.26, 15:00: T\u00fcrkg\u00fcc\u00fc Frankfurt \u2013 FFV Sportfreunde 04<\/p>\n<p>Sonntag, 15.02.26, 15:30: SG 01 H\u00f6chst \u2013 T\u00fcrkg\u00fcc\u00fc Frankfurt<\/p>\n<p>Erstes Pflichtspiel:<\/p>\n<p>Vorauss. 20.02.26: FC Kaichen \u2013 T\u00fcrkg\u00fcc\u00fc Frankfurt<\/p>\n\n\n<p><\/p>\n\n\n\n<p><\/p>\n","protected":false},"excerpt":{"rendered":"<p>Wir besch\u00e4ftigen uns in der Winterpause der Saison 2025\/26 beim Fazit auch mit den Mannschaften der Gruppenliga Frankfurt West und gehen tabellarisch vor, als n\u00e4chstes betrachten wir den bisherigen Saisonverlauf von T\u00fcrkg\u00fcc\u00fc Frankfurt. Zielsetzung vor der Saison Die Zielsetzung von T\u00fcrkg\u00fcc\u00fc Frankfurt war nach Aussagen ihres neuen Trainers Murtaza Taher, nach dem gro\u00dfen Umbruch eine [&hellip;]<\/p>\n","protected":false},"author":3,"featured_media":27105,"comment_status":"closed","ping_status":"open","sticky":true,"template":"","format":"standard","meta":{"footnotes":""},"categories":[13],"tags":[],"class_list":["post-30124","post","type-post","status-publish","format-standard","has-post-thumbnail","hentry","category-gruppenliga-frankfurt-west"],"_links":{"self":[{"href":"https:\/\/insideamateurfussball-ffm.de\/index.php?rest_route=\/wp\/v2\/posts\/30124","targetHints":{"allow":["GET"]}}],"collection":[{"href":"https:\/\/insideamateurfussball-ffm.de\/index.php?rest_route=\/wp\/v2\/posts"}],"about":[{"href":"https:\/\/insideamateurfussball-ffm.de\/index.php?rest_route=\/wp\/v2\/types\/post"}],"author":[{"embeddable":true,"href":"https:\/\/insideamateurfussball-ffm.de\/index.php?rest_route=\/wp\/v2\/users\/3"}],"replies":[{"embeddable":true,"href":"https:\/\/insideamateurfussball-ffm.de\/index.php?rest_route=%2Fwp%2Fv2%2Fcomments&post=30124"}],"version-history":[{"count":2,"href":"https:\/\/insideamateurfussball-ffm.de\/index.php?rest_route=\/wp\/v2\/posts\/30124\/revisions"}],"predecessor-version":[{"id":30126,"href":"https:\/\/insideamateurfussball-ffm.de\/index.php?rest_route=\/wp\/v2\/posts\/30124\/revisions\/30126"}],"wp:featuredmedia":[{"embeddable":true,"href":"https:\/\/insideamateurfussball-ffm.de\/index.php?rest_route=\/wp\/v2\/media\/27105"}],"wp:attachment":[{"href":"https:\/\/insideamateurfussball-ffm.de\/index.php?rest_route=%2Fwp%2Fv2%2Fmedia&parent=30124"}],"wp:term":[{"taxonomy":"category","embeddable":true,"href":"https:\/\/insideamateurfussball-ffm.de\/index.php?rest_route=%2Fwp%2Fv2%2Fcategories&post=30124"},{"taxonomy":"post_tag","embeddable":true,"href":"https:\/\/insideamateurfussball-ffm.de\/index.php?rest_route=%2Fwp%2Fv2%2Ftags&post=30124"}],"curies":[{"name":"wp","href":"https:\/\/api.w.org\/{rel}","templated":true}]}}