{"id":30120,"date":"2026-01-13T16:14:51","date_gmt":"2026-01-13T15:14:51","guid":{"rendered":"https:\/\/insideamateurfussball-ffm.de\/?p=30120"},"modified":"2026-01-16T16:17:26","modified_gmt":"2026-01-16T15:17:26","slug":"winterfazit-fc-kosova","status":"publish","type":"post","link":"https:\/\/insideamateurfussball-ffm.de\/?p=30120","title":{"rendered":"Winterfazit FC Kosova"},"content":{"rendered":"<h4>Wir schauen in der Winterpause der Saison 2025\/26 beim Fazit auch auf die Mannschaften der Gruppenliga Frankfurt West und gehen tabellarisch vor, als n\u00e4chstes betrachten wir den bisherigen Saisonverlauf des FC Kosova.<\/h4>\n<figure id=\"attachment_28744\" aria-describedby=\"caption-attachment-28744\" style=\"width: 868px\" class=\"wp-caption alignnone\"><img loading=\"lazy\" decoding=\"async\" class=\"wp-image-28744 size-full\" src=\"http:\/\/insideamateurfussball-ffm.de\/wp-content\/uploads\/2025\/10\/koso-temp11.jpg\" alt=\"\" width=\"868\" height=\"609\" srcset=\"https:\/\/insideamateurfussball-ffm.de\/wp-content\/uploads\/2025\/10\/koso-temp11.jpg 868w, https:\/\/insideamateurfussball-ffm.de\/wp-content\/uploads\/2025\/10\/koso-temp11-300x210.jpg 300w, https:\/\/insideamateurfussball-ffm.de\/wp-content\/uploads\/2025\/10\/koso-temp11-768x539.jpg 768w\" sizes=\"auto, (max-width: 868px) 100vw, 868px\" \/><figcaption id=\"caption-attachment-28744\" class=\"wp-caption-text\">Die Mannschaft des FC Kosova mit ihren Interimstrainern Sinani\/Bytyqi vor dem Spiel gegen den FC Tempo- Foto: Archiv Mithat G\u00fcrser<\/figcaption><\/figure>\n<p><img loading=\"lazy\" decoding=\"async\" class=\"alignnone size-full wp-image-9\" src=\"http:\/\/insideamateurfussball-ffm.de\/wp-content\/uploads\/2021\/11\/Kosova.jpg\" alt=\"\" width=\"65\" height=\"80\" \/><\/p>\n<h3>Zielsetzung vor der Saison<\/h3>\n<p>Die Zielsetzung des Aufsteigers FC Kosova war nach den Worten ihres damaligen Trainers Jorge Huberman, in der Gruppenliga anzukommen.<\/p>\n<h3>Tabellensituation<\/h3>\n<p>Platz11, 19 Spiele, 24 Punkte (7 S, 3 U, 9 N), Torverh\u00e4ltnis 46:51<\/p>\n<p>5 Punkte hinter dem Tabellensiebten FV Stierstadt, punktgleich mit drei weiteren Mannschaften, 13 Punkte vor dem derzeitigen Relegationsrang<\/p>\n<h3>Bisheriger Saisonverlauf<\/h3>\n<p>Aufsteiger Kosova begann die Gruppenliga mit zwei Niederlagen gegen Fechenheim und bei Burg-Gr\u00e4fenrode, nach einem Sieg gegen Mitaufsteiger Germania folgte erneut eine Niederlage in Karben, danach trennte der Club sich im Einvernehmen von Aufstiegscoach Jorge Huberman. In den folgenden 5 Spielen holte die Mannschaft unter dem Interims-Trainerduo Ismail Sinani und Albion Bytyqi zwei Siege, 1 Remis und zwei Niederlagen, ehe die Verpflichtung von Erc\u00fcment Sahin als neuer Trainer bekanntgegeben wurde. Der neue Trainer begann dann nach der Niederlage gegen Seckbach mit einer neuen Vorbereitung, die zwei kommenden Gegner von Bosnien\/Herzegowina und Bad Nauheim sowie ein spielfreies Wochenende wurde f\u00fcr eine kompletten Neuaufbau genutzt, und trotzdem holte die Mannschaft neben vielen Trainingseinheiten beim T\u00fcrkischen SV Bad Nauheim \u00fcberraschend einen Sieg.<\/p>\n<p>Danach folgten zwei wichtige Siege und zwei Unentschieden, ehe es gegen Karben eine ungl\u00fcckliche Niederlage mit einigen roten Karten setzte. Ersatzgeschw\u00e4cht folgte eine Niederlage in Fechenheim, ehe zum Jahresabschluss noch drei wichtige Punkte gegen Germania eingefahren werden konnten.<\/p>\n<h3>Torsch\u00fctzen (Quelle: fussball.de)<\/h3>\n<p>14 Flakron Thaci (bei 13 Eins\u00e4tzen)<\/p>\n<p>5 Argjend Mustafa<\/p>\n<p>3 Samir Ramadani, Raisi Zalla<\/p>\n<h3>Eins\u00e4tze (Quelle: fussball.de)<\/h3>\n<p>19 Blend Bajraktari, Perparim Islami<\/p>\n<p>17 Syvler Kadrijai<\/p>\n<p>16 Rejan Dervisholli, Samir Ramadani<\/p>\n<h3>Statistiken<\/h3>\n<p>H\u00f6chster Sieg: 5:0 bei der SG Wehrheim\/Pfaffenwiesbach<\/p>\n<p>H\u00f6chste Niederlage: 1:6 bei der Spvgg. 05 Oberrad<\/p>\n<p>L\u00e4ngste Serie ungeschlagen: 5 Spiele (3S, 2U) vom 13.-16.Spieltag<\/p>\n<p>L\u00e4ngste Serie ohne Sieg: 4 Spiele (4N) vom 8.-11. Spieltag<\/p>\n<h3>Pokal<\/h3>\n<p>Im Kreispokal war kam der FC Kosova kampflos in die zweite Runde, A-Ligist MKSV Makedonja trat nicht an. In der zweiten Runde gewann man mit 7:2 beim Kreisoberligisten 1. R\u00f6delheimer FC 02, im Achtelfinale bezwang man Kreisoberligist \u00a0FC Germania 08 Ginnheim knapp mit 3:2 und wartet jetzt bei der Auslosung am 17.01. auf den Gegner im Viertelfinale.<\/p>\n<h3>Aussichten<\/h3>\n<p>15 Punkte hat Kosova R\u00fcckstand auf den Aufstiegs-Relegationsplatz, 13 Punkte Vorsprung auf den Abstiegs-Relegationsplatz, da scheint ein Mittelfeldplatz am Ende vorprogrammiert. Trainer Sahin m\u00f6chte aber m\u00f6glichst viele Spiele gewinnen, muss dabei aber auf seinen Toptorsch\u00fctzen verzichten, der wahrscheinlich verletzt bis zum Ende der Saison ausfallen wird, Flakron Thaci hat in 13 Eins\u00e4tzen bei nur 615 Spielminuten bereits 14 Tore erzielt. Wichtig ist, dass man gegen die Aufsteiger Burg-Gr\u00e4fenrode und Fauerbach gut aus den Startl\u00f6chern kommt, damit nach hinten nichts mehr anbrennt. Ein weiteres Ziel sollte es sein, den vorletzten Tabellenplatz in der Fairness-Tabelle zu verlassen.<\/p>\n<h3>Bisher bekannte Testspiele vor Fortsetzung (Quelle fussball.de):<\/h3>\n<p>Sonntag, 18.01.26, 18:00: FC Kosova \u2013 BSC SW 1919<\/p>\n<p>Sonntag, 25.01.26, 15:00: FC Kosova \u2013 1. R\u00f6delheimer FC 02<\/p>\n<p>Sonntag, 01.02.26, 18:00: FC Kosova \u2013 SG Westend<\/p>\n<p>Sonntag, 08.02.26, 15:00: T\u00fcrk FC Hattersheim \u2013 FC Kosova<\/p>\n<p>Sonntag, 22.02.26, 15:00: FC T\u00fcrk G\u00fcc\u00fc R\u00fcsselsheim \u2013 FC Kosova<\/p>\n<p>Erstes Pflichtspiel:<\/p>\n<p>Vorauss. 01.03.26: FC Kosova \u2013 FSG Burg-Gr\u00e4fenrode<\/p>\n","protected":false},"excerpt":{"rendered":"<p>Wir schauen in der Winterpause der Saison 2025\/26 beim Fazit auch auf die Mannschaften der Gruppenliga Frankfurt West und gehen tabellarisch vor, als n\u00e4chstes betrachten wir den bisherigen Saisonverlauf des FC Kosova. Zielsetzung vor der Saison Die Zielsetzung des Aufsteigers FC Kosova war nach den Worten ihres damaligen Trainers Jorge Huberman, in der Gruppenliga anzukommen. [&hellip;]<\/p>\n","protected":false},"author":3,"featured_media":28744,"comment_status":"closed","ping_status":"open","sticky":true,"template":"","format":"standard","meta":{"footnotes":""},"categories":[13],"tags":[],"class_list":["post-30120","post","type-post","status-publish","format-standard","has-post-thumbnail","hentry","category-gruppenliga-frankfurt-west"],"_links":{"self":[{"href":"https:\/\/insideamateurfussball-ffm.de\/index.php?rest_route=\/wp\/v2\/posts\/30120","targetHints":{"allow":["GET"]}}],"collection":[{"href":"https:\/\/insideamateurfussball-ffm.de\/index.php?rest_route=\/wp\/v2\/posts"}],"about":[{"href":"https:\/\/insideamateurfussball-ffm.de\/index.php?rest_route=\/wp\/v2\/types\/post"}],"author":[{"embeddable":true,"href":"https:\/\/insideamateurfussball-ffm.de\/index.php?rest_route=\/wp\/v2\/users\/3"}],"replies":[{"embeddable":true,"href":"https:\/\/insideamateurfussball-ffm.de\/index.php?rest_route=%2Fwp%2Fv2%2Fcomments&post=30120"}],"version-history":[{"count":4,"href":"https:\/\/insideamateurfussball-ffm.de\/index.php?rest_route=\/wp\/v2\/posts\/30120\/revisions"}],"predecessor-version":[{"id":30132,"href":"https:\/\/insideamateurfussball-ffm.de\/index.php?rest_route=\/wp\/v2\/posts\/30120\/revisions\/30132"}],"wp:featuredmedia":[{"embeddable":true,"href":"https:\/\/insideamateurfussball-ffm.de\/index.php?rest_route=\/wp\/v2\/media\/28744"}],"wp:attachment":[{"href":"https:\/\/insideamateurfussball-ffm.de\/index.php?rest_route=%2Fwp%2Fv2%2Fmedia&parent=30120"}],"wp:term":[{"taxonomy":"category","embeddable":true,"href":"https:\/\/insideamateurfussball-ffm.de\/index.php?rest_route=%2Fwp%2Fv2%2Fcategories&post=30120"},{"taxonomy":"post_tag","embeddable":true,"href":"https:\/\/insideamateurfussball-ffm.de\/index.php?rest_route=%2Fwp%2Fv2%2Ftags&post=30120"}],"curies":[{"name":"wp","href":"https:\/\/api.w.org\/{rel}","templated":true}]}}