{"id":30117,"date":"2026-01-12T12:27:12","date_gmt":"2026-01-12T11:27:12","guid":{"rendered":"https:\/\/insideamateurfussball-ffm.de\/?p=30117"},"modified":"2026-01-12T12:27:12","modified_gmt":"2026-01-12T11:27:12","slug":"winterfazit-spvgg-03-fechenheim","status":"publish","type":"post","link":"https:\/\/insideamateurfussball-ffm.de\/?p=30117","title":{"rendered":"Winterfazit Spvgg. 03 Fechenheim"},"content":{"rendered":"<h4>Wir machen in der Winterpause der Saison 2025\/26 beim Fazit auch mit den Mannschaften der Gruppenliga Frankfurt West weiter und gehen tabellarisch vor, als n\u00e4chstes betrachten wir den bisherigen Saisonverlauf der Spvgg. 03 Fechenheim.<\/h4>\n<figure id=\"attachment_27352\" aria-describedby=\"caption-attachment-27352\" style=\"width: 811px\" class=\"wp-caption alignnone\"><img loading=\"lazy\" decoding=\"async\" class=\"wp-image-27352 size-full\" src=\"http:\/\/insideamateurfussball-ffm.de\/wp-content\/uploads\/2025\/08\/mannschaft.jpg\" alt=\"\" width=\"811\" height=\"540\" srcset=\"https:\/\/insideamateurfussball-ffm.de\/wp-content\/uploads\/2025\/08\/mannschaft.jpg 811w, https:\/\/insideamateurfussball-ffm.de\/wp-content\/uploads\/2025\/08\/mannschaft-300x200.jpg 300w, https:\/\/insideamateurfussball-ffm.de\/wp-content\/uploads\/2025\/08\/mannschaft-768x511.jpg 768w\" sizes=\"auto, (max-width: 811px) 100vw, 811px\" \/><figcaption id=\"caption-attachment-27352\" class=\"wp-caption-text\">Die Mannschaft der Spvgg. 03 Fechenheim hatte sich zu beginn der Saison mehr ausgerechnet. Foto: Verein<\/figcaption><\/figure>\n<p><img loading=\"lazy\" decoding=\"async\" class=\"alignnone size-full wp-image-603\" src=\"http:\/\/insideamateurfussball-ffm.de\/wp-content\/uploads\/2022\/06\/Fech03.jpg\" alt=\"\" width=\"52\" height=\"80\" \/><\/p>\n<h3>Zielsetzung vor der Saison<\/h3>\n<p>Die Zielsetzung der Spvgg. 03 Fechenheim war nach den Worten ihres neuen Trainers Necip Incesu ein Platz unter den ersten 5, durch viele Neuzug\u00e4nge sollte sich eine neue Mannschaftshierarchie entwickeln. Dass das Ziel bisher nicht erreicht werden konnte, lag an der fehlenden Konstanz und der Defensivschw\u00e4che.<\/p>\n<h3>Tabellensituation<\/h3>\n<p>Platz 8, 19 Spiele, 24 Punkte (7 S, 3 U, 9 N), Torverh\u00e4ltnis 62:66<\/p>\n<p>5 Punkte hinter dem Tabellensiebten FV Stierstadt, punktgleich mit drei weiteren Mannschaften, 13 Punkte vor dem derzeitigen Relegationsrang<\/p>\n<h3>Bisheriger Saisonverlauf<\/h3>\n<p>Zu Saisonauftakt setzte es gegen den alten Trainer eine 3:7-Klatsche gegen Oberrad, sch\u00f6n fr\u00fch ein Hinweis auf das Motto der Fechenheimer bis zur Winterpause: \u201evorne hui, hinten pfui\u201c. Denn es folgte dann ein 7:4 beim FC Kosova, eine Niederlage gegen die Bosnier und ein Sieg gegen Beienheim. Die Fechenheimer bekamen keine Konstanz in die Saison, einigen Niederlagen folgten auch einige Siege, den Vogel schoss die Mannschaft beim 7:7 in Fauerbach ab. 62 Tore nach 19 Spielen ist offensiv eine sehr gute Quote, was die Mannschaft aber ins Mittelfeld abrutschen lie\u00df sind die 66 Gegentore, der gr\u00f6\u00dfte Wert in der Gruppenliga.<\/p>\n<h3>Torsch\u00fctzen (Quelle: fussball.de)<\/h3>\n<p>16 Yassin Chaouki<\/p>\n<p>13 Ihab Suleiman<\/p>\n<p>12 Felix Casalino<\/p>\n<h3>Eins\u00e4tze<\/h3>\n<p>Liegen nicht vor<\/p>\n<h3>Statistiken<\/h3>\n<p>H\u00f6chster Sieg: 5:1 gegen T\u00fcrkg\u00fcc\u00fc Frankfurt<\/p>\n<p>H\u00f6chste Niederlage: 0:5 beim T\u00fcrkischen SV Bad Nauheim<\/p>\n<p>L\u00e4ngste Serie ungeschlagen: 3 Spiele (2S, 1U) vom 15.-17.Spieltag<\/p>\n<p>L\u00e4ngste Serie ohne Sieg: zweimal 3 Spiele (1U, 2N) u.a. vom 5.-7. Spieltag<\/p>\n<h3>Pokal<\/h3>\n<p>Im Kreispokal war bereits in der ersten Runde Endstation, man verlor beim Kreisoberligisten GSU Hellas mit 5:6 nach Elfmeterschie\u00dfen.<\/p>\n<h3>Aussichten<\/h3>\n<p>Die Mannschaft verliert im Winter ihren Kapit\u00e4n und drittbesten Torsch\u00fctzen Felix Casalino, der zur SG Bornheim wechselt. Allerdings bleibt der Sturm weiterhin gut besetzt, Trainer Necip Incesu hofft, im Rest der Saison die Defensive einigerma\u00dfen in den Griff zu bekommen. Weder nach oben noch nach unten d\u00fcrfte f\u00fcr die Fechenheimer noch viel passieren, ein einstelliger Tabellenplatz sollte f\u00fcr das Team aber durchaus drin sein.<\/p>\n<h3>Bisher bekannte Testspiele vor Fortsetzung (Quelle fussball.de):<\/h3>\n<p>Sonntag, 25.01.26, 15:00: Spvgg. 03 Fechenheim \u2013 TuS Nieder-Eschbach<\/p>\n<p>Samstag, 07.02.26, 15:45: Spvgg. 03 Fechenheim \u2013 FC Germania Okriftel<\/p>\n<p>Donnerstag, 12.02.26, 20:00: Spvgg. 03 Fechenheim- FC T\u00dcRK Kelsterbach<\/p>\n<p>Sonntag, 15.02.26, 15:00: Spvgg. 03 Fechenheim \u2013 Teutonia Hausen<\/p>\n<p>Sonntag, 22.02.26, 15:00: Spvgg. Dietesheim \u2013 Spvgg. 03 Fechenheim<\/p>\n<p>Erstes Pflichtspiel:<\/p>\n<p>Vorauss. 01.03.26: Spvgg. 05 Oberrad -Spvgg. 03 Fechenheim<\/p>\n","protected":false},"excerpt":{"rendered":"<p>Wir machen in der Winterpause der Saison 2025\/26 beim Fazit auch mit den Mannschaften der Gruppenliga Frankfurt West weiter und gehen tabellarisch vor, als n\u00e4chstes betrachten wir den bisherigen Saisonverlauf der Spvgg. 03 Fechenheim. Zielsetzung vor der Saison Die Zielsetzung der Spvgg. 03 Fechenheim war nach den Worten ihres neuen Trainers Necip Incesu ein Platz [&hellip;]<\/p>\n","protected":false},"author":3,"featured_media":27352,"comment_status":"closed","ping_status":"open","sticky":true,"template":"","format":"standard","meta":{"footnotes":""},"categories":[13],"tags":[],"class_list":["post-30117","post","type-post","status-publish","format-standard","has-post-thumbnail","hentry","category-gruppenliga-frankfurt-west"],"_links":{"self":[{"href":"https:\/\/insideamateurfussball-ffm.de\/index.php?rest_route=\/wp\/v2\/posts\/30117","targetHints":{"allow":["GET"]}}],"collection":[{"href":"https:\/\/insideamateurfussball-ffm.de\/index.php?rest_route=\/wp\/v2\/posts"}],"about":[{"href":"https:\/\/insideamateurfussball-ffm.de\/index.php?rest_route=\/wp\/v2\/types\/post"}],"author":[{"embeddable":true,"href":"https:\/\/insideamateurfussball-ffm.de\/index.php?rest_route=\/wp\/v2\/users\/3"}],"replies":[{"embeddable":true,"href":"https:\/\/insideamateurfussball-ffm.de\/index.php?rest_route=%2Fwp%2Fv2%2Fcomments&post=30117"}],"version-history":[{"count":2,"href":"https:\/\/insideamateurfussball-ffm.de\/index.php?rest_route=\/wp\/v2\/posts\/30117\/revisions"}],"predecessor-version":[{"id":30119,"href":"https:\/\/insideamateurfussball-ffm.de\/index.php?rest_route=\/wp\/v2\/posts\/30117\/revisions\/30119"}],"wp:featuredmedia":[{"embeddable":true,"href":"https:\/\/insideamateurfussball-ffm.de\/index.php?rest_route=\/wp\/v2\/media\/27352"}],"wp:attachment":[{"href":"https:\/\/insideamateurfussball-ffm.de\/index.php?rest_route=%2Fwp%2Fv2%2Fmedia&parent=30117"}],"wp:term":[{"taxonomy":"category","embeddable":true,"href":"https:\/\/insideamateurfussball-ffm.de\/index.php?rest_route=%2Fwp%2Fv2%2Fcategories&post=30117"},{"taxonomy":"post_tag","embeddable":true,"href":"https:\/\/insideamateurfussball-ffm.de\/index.php?rest_route=%2Fwp%2Fv2%2Ftags&post=30117"}],"curies":[{"name":"wp","href":"https:\/\/api.w.org\/{rel}","templated":true}]}}