{"id":30102,"date":"2026-01-10T16:16:41","date_gmt":"2026-01-10T15:16:41","guid":{"rendered":"https:\/\/insideamateurfussball-ffm.de\/?p=30102"},"modified":"2026-01-10T16:16:41","modified_gmt":"2026-01-10T15:16:41","slug":"winterfazit-fg-seckbach","status":"publish","type":"post","link":"https:\/\/insideamateurfussball-ffm.de\/?p=30102","title":{"rendered":"Winterfazit FG Seckbach"},"content":{"rendered":"<h4>Wir schauen in der Winterpause der Saison 2025\/26 beim Fazit auch auf die Mannschaften der Gruppenliga Frankfurt West und gehen tabellarisch vor, als n\u00e4chstes betrachten wir den bisherigen Saisonverlauf der FG Seckbach.<\/h4>\n<figure id=\"attachment_27775\" aria-describedby=\"caption-attachment-27775\" style=\"width: 2016px\" class=\"wp-caption alignnone\"><img loading=\"lazy\" decoding=\"async\" class=\"wp-image-27775 size-full\" src=\"http:\/\/insideamateurfussball-ffm.de\/wp-content\/uploads\/2025\/09\/seckbachfriedrichsdorf11.jpg\" alt=\"\" width=\"2016\" height=\"1512\" srcset=\"https:\/\/insideamateurfussball-ffm.de\/wp-content\/uploads\/2025\/09\/seckbachfriedrichsdorf11.jpg 2016w, https:\/\/insideamateurfussball-ffm.de\/wp-content\/uploads\/2025\/09\/seckbachfriedrichsdorf11-300x225.jpg 300w, https:\/\/insideamateurfussball-ffm.de\/wp-content\/uploads\/2025\/09\/seckbachfriedrichsdorf11-1024x768.jpg 1024w, https:\/\/insideamateurfussball-ffm.de\/wp-content\/uploads\/2025\/09\/seckbachfriedrichsdorf11-768x576.jpg 768w, https:\/\/insideamateurfussball-ffm.de\/wp-content\/uploads\/2025\/09\/seckbachfriedrichsdorf11-1536x1152.jpg 1536w\" sizes=\"auto, (max-width: 2016px) 100vw, 2016px\" \/><figcaption id=\"caption-attachment-27775\" class=\"wp-caption-text\">Wie hier beim Sieg gegen Angstgegner FSV Friedrichsdorf durften die Seckbacher am Ende h\u00e4ufig jubeln. Foto: Archiv MZ<\/figcaption><\/figure>\n<p><img loading=\"lazy\" decoding=\"async\" class=\"alignnone size-full wp-image-544\" src=\"http:\/\/insideamateurfussball-ffm.de\/wp-content\/uploads\/2022\/06\/Seckbach.jpg\" alt=\"\" width=\"80\" height=\"80\" \/><\/p>\n<h3>Zielsetzung vor der Saison<\/h3>\n<p>Die Zielsetzung der Seckbacher war die Best\u00e4tigung der letztj\u00e4hrigen Platzierung und ein Platz unter den ersten f\u00fcnf; mit dem derzeit dritten Platz ist dieses Ziel bisher erreicht worden und die Mannschaft von Spielertrainer Manuel May hat durchaus noch Chancen auf den Relegationsplatz um den Aufstieg in die Verbandsliga S\u00fcd.<\/p>\n<h3>Tabellensituation<\/h3>\n<p>Platz 3, 19 Spiele, 37 Punkte (11 S, 4 U, 4 N), Torverh\u00e4ltnis 55:32<\/p>\n<p>2 Punkte hinter dem Relegationsrang, auf dem derzeit die Spvgg. 05 Oberrad steht, ein Punkt Vorsprung vor dem Tabellenvierten FC Tempo<\/p>\n<h3>Bisheriger Saisonverlauf<\/h3>\n<p>Die Saison begann mit einem Fehlstart, auf heimischen Gel\u00e4nde unterlag man T\u00fcrkg\u00fcc\u00fc Frankfurt mit 2:4, auch beim zweiten Spiel in Beienheim lag man zur Pause 0:3 zur\u00fcck, ehe man mit einem Kraftakt noch ein 3:3 retten konnte. Es folgten zwei Siege, aber die Konstanz fehlte, einem 0:0 beim FC Tempo folgte eine Heimniederlage gegen Stierstadt. Im September blieb man in 5 Spielen bei drei Siegen und einem Remis ungeschlagen, ehe dann die Niederlage beim Tabellenf\u00fchrer aus Bosnien\/Herzegowina Anfang Oktober die Serie beendete. Aber danach folgten 5 Siege in Folge, die 2:3-Niederlage gegen Beienheim beendete auch die Serie, den Jahresabschluss bildete dann der h\u00f6chste Sieg mit dem 7:0 gegen FC Kaichen und brachte Seckbach den Platz 3 in Sichtweite zum Relegationsrang.<\/p>\n<h3>Torsch\u00fctzen (Quelle: fussball.de)<\/h3>\n<p>17 Florian Schuberth<\/p>\n<p>6 Milad Wardak<\/p>\n<p>5 Nick B\u00f6ff<\/p>\n<h3>Eins\u00e4tze (Quelle fussball.de)<\/h3>\n<p>19 David Yannick Siering<\/p>\n<p>18 Florian Schuberth, Shuya Harada<\/p>\n<p>17 Nick B\u00f6ff<\/p>\n<h3>Statistiken<\/h3>\n<p>H\u00f6chster Sieg: 7:0 gegen den FC Kaichen<\/p>\n<p>H\u00f6chste Niederlage: 1:4 gegen den FV Stierstadt<\/p>\n<p>L\u00e4ngste Serie ungeschlagen: 5 Spiele (5S) vom 13.-17.Spieltag<\/p>\n<p>L\u00e4ngste Serie ohne Sieg: dreimal 2 Spiele (1U, 1N) u.a. vom 1.-2. Spieltag<\/p>\n<h3>Pokal<\/h3>\n<p>In der ersten Runde im Kreispokal setzte sich Titelverteidiger FG Seckbach mit 4:0 beim Kreisoberligisten Concordia Eschersheim durch, in der 2.Runde war erneut ein Kreisoberligist der Gegner, man lie\u00df der GSU Hellas beim 8:2 keine Chance. Im Achtelfinale traf man wie im letzten Jahr auf den Verbandsligisten RW Frankfurt, und wieder siegte die FG Seckbach nach fr\u00fchem 0:2- und 1:3-R\u00fcckstand am Ende deutlich mit 6:3. Nun erwartet man in der Auslosung am 17.Januar den Gegner im Viertelfinale.<\/p>\n<p>Im Hessenpokal schlug der Gruppenligist in einem denkw\u00fcrdigen Spiel den Verbandsligisten Sportfreunde Seligenstadt mit 7:6 nach Elfmeterschie\u00dfen, denkw\u00fcrdig deshalb, weil der Schiedsrichter entgegen den Statuten nach dem 1:1 nach 90 Minuten eine Verl\u00e4ngerung spielen lie\u00df. Gl\u00fcck f\u00fcr alle Beteiligten, dass Florian Schuberth durch den 2:2-Ausgleich in der letzten Minute der Verl\u00e4ngerung doch noch ein Elfmeterschie\u00dfen erzwang, das es bereits nach 90 Minuten h\u00e4tte geben m\u00fcssen. In diesem hatten die Seckbacher die besseren Nerven und gewannen die 1. Runde. In der zweiten Runde war dann Endstation, gegen den Verbandsligisten Germania Ober-Roden setzte es eine 2:5-Niederlage.<\/p>\n<h3>Aussichten<\/h3>\n<p>In die letzten Spiele will die FG besser starten, schlie\u00dflich steht die Revanche gegen T\u00fcrkg\u00fcc\u00fc Frankfurt an. Die Mannschaft um Spielertrainer Manuel May ist durchaus in der Lage, den Relegationsrang zu erreichen, auf jeden Fall sind es nur zwei Punkte hinter Oberrad. Der M\u00e4rz hat es in sich u.a. mit den Spielen gegen die Mitfavoriten um Platz 2, den FC Tempo, Oberrad und Karben, danach lassen sich die Chancen auf einen m\u00f6glichen Aufstieg besser einsch\u00e4tzen. Auch im Pokal m\u00f6chte Seckbach gerne seinen Titel verteidigen, im Hessenpokal ist man auf den Geschmack gekommen.<\/p>\n<h3>Bisher bekannte Testspiele vor Fortsetzung (Quelle fussball.de):<\/h3>\n<p>Sonntag, 25.01.26, 15:00: FG Seckbach \u2013 SG Harheim 1946<\/p>\n<p>Donnerstag, 29.01.26, 20:00; FG Seckbach \u2013 SG Bornheim<\/p>\n<p>Sonntag, 01.02.26, 15.00: FG Seckbach \u2013 Germania Ober-Roden<\/p>\n<p>Sonntag, 08.02.26, 15:30: FG Seckbach \u2013 TuRa Niederh\u00f6chstadt<\/p>\n<p>Dienstag, 10.02.26, 20:00: FG Seckbach \u2013 FC Kaichen<\/p>\n<p>Donnerstag, 19.02.26, 20:00: FG Seckbach \u2013 Germania 08 D\u00f6rnigheim<\/p>\n<p>Sonntag, 22.02.26, 15:00: FG Seckbach \u2013 SC Dortelweil<\/p>\n<p>Erstes Pflichtspiel:<\/p>\n<p>Vorauss. 01.03.26: T\u00fcrkg\u00fcc\u00fc Frankfurt \u2013 FG Seckbach<\/p>\n","protected":false},"excerpt":{"rendered":"<p>Wir schauen in der Winterpause der Saison 2025\/26 beim Fazit auch auf die Mannschaften der Gruppenliga Frankfurt West und gehen tabellarisch vor, als n\u00e4chstes betrachten wir den bisherigen Saisonverlauf der FG Seckbach. Zielsetzung vor der Saison Die Zielsetzung der Seckbacher war die Best\u00e4tigung der letztj\u00e4hrigen Platzierung und ein Platz unter den ersten f\u00fcnf; mit dem [&hellip;]<\/p>\n","protected":false},"author":3,"featured_media":27775,"comment_status":"closed","ping_status":"open","sticky":true,"template":"","format":"standard","meta":{"footnotes":""},"categories":[13],"tags":[],"class_list":["post-30102","post","type-post","status-publish","format-standard","has-post-thumbnail","hentry","category-gruppenliga-frankfurt-west"],"_links":{"self":[{"href":"https:\/\/insideamateurfussball-ffm.de\/index.php?rest_route=\/wp\/v2\/posts\/30102","targetHints":{"allow":["GET"]}}],"collection":[{"href":"https:\/\/insideamateurfussball-ffm.de\/index.php?rest_route=\/wp\/v2\/posts"}],"about":[{"href":"https:\/\/insideamateurfussball-ffm.de\/index.php?rest_route=\/wp\/v2\/types\/post"}],"author":[{"embeddable":true,"href":"https:\/\/insideamateurfussball-ffm.de\/index.php?rest_route=\/wp\/v2\/users\/3"}],"replies":[{"embeddable":true,"href":"https:\/\/insideamateurfussball-ffm.de\/index.php?rest_route=%2Fwp%2Fv2%2Fcomments&post=30102"}],"version-history":[{"count":2,"href":"https:\/\/insideamateurfussball-ffm.de\/index.php?rest_route=\/wp\/v2\/posts\/30102\/revisions"}],"predecessor-version":[{"id":30104,"href":"https:\/\/insideamateurfussball-ffm.de\/index.php?rest_route=\/wp\/v2\/posts\/30102\/revisions\/30104"}],"wp:featuredmedia":[{"embeddable":true,"href":"https:\/\/insideamateurfussball-ffm.de\/index.php?rest_route=\/wp\/v2\/media\/27775"}],"wp:attachment":[{"href":"https:\/\/insideamateurfussball-ffm.de\/index.php?rest_route=%2Fwp%2Fv2%2Fmedia&parent=30102"}],"wp:term":[{"taxonomy":"category","embeddable":true,"href":"https:\/\/insideamateurfussball-ffm.de\/index.php?rest_route=%2Fwp%2Fv2%2Fcategories&post=30102"},{"taxonomy":"post_tag","embeddable":true,"href":"https:\/\/insideamateurfussball-ffm.de\/index.php?rest_route=%2Fwp%2Fv2%2Ftags&post=30102"}],"curies":[{"name":"wp","href":"https:\/\/api.w.org\/{rel}","templated":true}]}}