{"id":3010,"date":"2022-10-04T16:32:15","date_gmt":"2022-10-04T14:32:15","guid":{"rendered":"http:\/\/insideamateurfussball-ffm.de\/?p=3010"},"modified":"2025-01-09T15:47:20","modified_gmt":"2025-01-09T14:47:20","slug":"zeilsheim-unterliegt-schlusslicht-eltville","status":"publish","type":"post","link":"https:\/\/insideamateurfussball-ffm.de\/?p=3010","title":{"rendered":"Zeilsheim unterliegt Schlusslicht Eltville"},"content":{"rendered":"<h5><span style=\"font-size: 16px;\">Der SV Zeilsheim musste am Sonntag in der Verbandsliga Mitte eine unerwartete Heimniederlage quittieren. Gegen den Tabellenletzten Spvgg. Eltville unterlag die Mannschaft von Trainer Max Martin mit 1:2 (1:1). Damit verpassten die Zeilsheimer den Sprung auf Rang zwei, der ja zur Teilnahme an der Relegation zur Hessenliga berechtigt.\u00a0<\/span><\/h5>\n<figure id=\"attachment_3011\" aria-describedby=\"caption-attachment-3011\" style=\"width: 300px\" class=\"wp-caption alignnone\"><img loading=\"lazy\" decoding=\"async\" class=\"wp-image-3011 size-medium\" src=\"http:\/\/insideamateurfussball-ffm.de\/wp-content\/uploads\/2022\/10\/rw-zeis4-1-300x216.jpg\" alt=\"\" width=\"300\" height=\"216\" \/><figcaption id=\"caption-attachment-3011\" class=\"wp-caption-text\">Der SV Zeilsheim, hier bei einem Testspiel im Juli bei Rot-Weiss Frankfurt, verpasste den Sprung auf Rang zwei. Archivfoto: Mithat G\u00fcrser.<\/figcaption><\/figure>\n<h5><span style=\"font-size: 16px;\">SV Zeilsheim &#8211; Spvgg. Eltville 1:2 (1:1)<\/span><\/h5>\n<p><img loading=\"lazy\" decoding=\"async\" class=\"alignnone size-full wp-image-1153\" src=\"http:\/\/insideamateurfussball-ffm.de\/wp-content\/uploads\/2022\/07\/SVZe.jpg\" alt=\"\" width=\"68\" height=\"80\" \/><img loading=\"lazy\" decoding=\"async\" class=\"alignnone size-full wp-image-1282\" src=\"http:\/\/insideamateurfussball-ffm.de\/wp-content\/uploads\/2022\/07\/Eltv.jpg\" alt=\"\" width=\"54\" height=\"80\" \/><\/p>\n<p><span style=\"font-size: 16px;\"><span style=\"color: #999999;\">Die \u00e4rgerliche Niederlage gegen den Tabellenletzten aus dem Rheingau-Taunus-Kreis hatte vor allem mentale Gr\u00fcnde. &#8222;Wir hatten die Mannschaft gewarnt, den Gegner nicht am Tabellenstand zu messen. Leider wurden diese Hinweise nicht ernst genommen&#8220;, erkl\u00e4rte der Vorsitzende Peter Strauch. Denn es lief zun\u00e4chst auf dem Kunstrasenplatz an der Lenzenbergstra\u00dfe wie gew\u00fcnscht, als Torj\u00e4ger Abdussamed G\u00fcrsoy den Verein aus dem Frankfurter Westen in F\u00fchrung brachte (26.). <\/span><\/span><\/p>\n<p><span style=\"font-size: 16px;\"><span style=\"color: #999999;\">&#8222;Danach waren wir uns vielleicht zu sicher&#8220;, f\u00fcgte der Pr\u00e4sident hinzu. Die G\u00e4ste kamen im Zuge eines Trainerwechsels mit neuen Ideen nach Zeilsheim und noch im ersten Abschnitt zum Ausgleich, als die SVZ-Abwehr nicht kl\u00e4ren konnte und Mojtaba Tajik zum 1:1 traf (35.).<\/span><\/span><\/p>\n<blockquote>\n<h5><span style=\"font-size: 16px;\">&#8222;Der Sieg f\u00fcr Eltville war gl\u00fccklich, aber nicht unverdient&#8220; (Zeilsheims Pr\u00e4sident Peter Strauch)<\/span><\/h5>\n<\/blockquote>\n<p><span style=\"font-size: 16px;\"><span style=\"color: #999999;\">Nach dem Seitenwechsel ging Eltville durch Philipp Zentners Flachschuss sogar in F\u00fchrung (50.). &#8222;Wir sind lethargisch aufgetreten und haben nach dem R\u00fcckstand zum Angriff geblasen&#8220;, meinte Strauch. Ohne Erfolg, denn die Zeit lief dem SV davon, ohne dass der anvisierte Ausgleich gelingen wollte. <\/span><\/span><\/p>\n<p><span style=\"font-size: 16px;\"><span style=\"color: #999999;\">Beste Einschussm\u00f6glichkeiten durch Pierre Massfeller oder G\u00fcrsoy, der kurz vor Schluss das leere Tor aus spitzem Winkel verfehlte, blieben ungenutzt. Somit war die dritte Saisonniederlage perfekt. &#8222;Der Sieg f\u00fcr Eltville war gl\u00fccklich, aber nicht unverdient&#8220;, so Strauchs Schlusswort. N\u00e4chsten Sonntag steht das nahe Ausw\u00e4rtsspiel beim SV Niedernhausen (15 Uhr) auf dem Programm.\u00a0<\/span> \u00a0<\/span><\/p>\n<h5><span style=\"font-size: 16px;\">Schiedsrichter: Tim Dalef (Limburg-Weilburg). Zuschauer: 120. <\/span><\/h5>\n<h5><span style=\"font-size: 16px;\">Tore: 1:0 Abdussamed G\u00fcrsoy (26.), 1:1 Mojtaba Tajik (35.), 1:2 Philipp Zentner (49.).\u00a0<\/span><\/h5>\n","protected":false},"excerpt":{"rendered":"<p>Der SV Zeilsheim musste am Sonntag in der Verbandsliga Mitte eine unerwartete Heimniederlage quittieren. Gegen den Tabellenletzten Spvgg. Eltville unterlag die Mannschaft von Trainer Max Martin mit 1:2 (1:1). Damit verpassten die Zeilsheimer den Sprung auf Rang zwei, der ja zur Teilnahme an der Relegation zur Hessenliga berechtigt.\u00a0 SV Zeilsheim &#8211; Spvgg. Eltville 1:2 (1:1) [&hellip;]<\/p>\n","protected":false},"author":1,"featured_media":0,"comment_status":"open","ping_status":"open","sticky":false,"template":"","format":"standard","meta":{"footnotes":""},"categories":[32],"tags":[],"class_list":["post-3010","post","type-post","status-publish","format-standard","hentry","category-verbandsliga-mitte"],"_links":{"self":[{"href":"https:\/\/insideamateurfussball-ffm.de\/index.php?rest_route=\/wp\/v2\/posts\/3010","targetHints":{"allow":["GET"]}}],"collection":[{"href":"https:\/\/insideamateurfussball-ffm.de\/index.php?rest_route=\/wp\/v2\/posts"}],"about":[{"href":"https:\/\/insideamateurfussball-ffm.de\/index.php?rest_route=\/wp\/v2\/types\/post"}],"author":[{"embeddable":true,"href":"https:\/\/insideamateurfussball-ffm.de\/index.php?rest_route=\/wp\/v2\/users\/1"}],"replies":[{"embeddable":true,"href":"https:\/\/insideamateurfussball-ffm.de\/index.php?rest_route=%2Fwp%2Fv2%2Fcomments&post=3010"}],"version-history":[{"count":1,"href":"https:\/\/insideamateurfussball-ffm.de\/index.php?rest_route=\/wp\/v2\/posts\/3010\/revisions"}],"predecessor-version":[{"id":3012,"href":"https:\/\/insideamateurfussball-ffm.de\/index.php?rest_route=\/wp\/v2\/posts\/3010\/revisions\/3012"}],"wp:attachment":[{"href":"https:\/\/insideamateurfussball-ffm.de\/index.php?rest_route=%2Fwp%2Fv2%2Fmedia&parent=3010"}],"wp:term":[{"taxonomy":"category","embeddable":true,"href":"https:\/\/insideamateurfussball-ffm.de\/index.php?rest_route=%2Fwp%2Fv2%2Fcategories&post=3010"},{"taxonomy":"post_tag","embeddable":true,"href":"https:\/\/insideamateurfussball-ffm.de\/index.php?rest_route=%2Fwp%2Fv2%2Ftags&post=3010"}],"curies":[{"name":"wp","href":"https:\/\/api.w.org\/{rel}","templated":true}]}}