{"id":30093,"date":"2026-01-08T19:09:10","date_gmt":"2026-01-08T18:09:10","guid":{"rendered":"https:\/\/insideamateurfussball-ffm.de\/?p=30093"},"modified":"2026-01-08T19:13:35","modified_gmt":"2026-01-08T18:13:35","slug":"zwei-sonderwertungen-zugunsten-von-victoria","status":"publish","type":"post","link":"https:\/\/insideamateurfussball-ffm.de\/?p=30093","title":{"rendered":"Zwei Sonderwertungen zugunsten von Victoria"},"content":{"rendered":"<h5><span style=\"font-size: 16px;\">Zwei Spielwertungen waren f\u00fcr den FFC Victoria in der Kreisliga B Frankfurt (Gruppe 2) noch offen. Nach den Verhandlungen vor dem Kreissportgericht steht nun fest, dass beide Begegnungen mit dem jeweils zum Zeitpunkt des Abbruchs g\u00fcltigen Ergebnis zugunsten der Victorianer gewertet werden.\u00a0<\/span><\/h5>\n<figure id=\"attachment_30094\" aria-describedby=\"caption-attachment-30094\" style=\"width: 150px\" class=\"wp-caption alignleft\"><img loading=\"lazy\" decoding=\"async\" class=\"wp-image-30094 size-thumbnail\" src=\"http:\/\/insideamateurfussball-ffm.de\/wp-content\/uploads\/2026\/01\/Victoria-II-150x150.jpg\" alt=\"\" width=\"150\" height=\"150\" \/><figcaption id=\"caption-attachment-30094\" class=\"wp-caption-text\">Foto: Archiv PA.<\/figcaption><\/figure>\n<p><img loading=\"lazy\" decoding=\"async\" class=\"alignnone size-full wp-image-2466\" src=\"http:\/\/insideamateurfussball-ffm.de\/wp-content\/uploads\/2022\/09\/Victoria-II.png\" alt=\"\" width=\"80\" height=\"80\" \/><\/p>\n<p><span style=\"font-size: 16px;\">Am 16. November vergangenen Jahres war es in der Partie gegen den SV Viktoria Preu\u00dfen II beim Stande von 6:0 nach einer Roten Karte gegen einen Heimakteur zu einer Rudelbildung gekommen. <\/span><\/p>\n<p><span style=\"font-size: 16px;\">Die Mannschaft der G\u00e4ste verlie\u00df daraufhin aus Protest eigenm\u00e4chtig das Spielfeld und verschuldete den Abbruch. Hingegen waren am 23. November in der Ausw\u00e4rtsspartie bei der Spvgg. Fechenheim II Verletzungsgr\u00fcnde ausschlaggebend, dass das Heimteam die Begegnung nach der Halbzeit aufgrund der nicht mehr erreichten Mindestanzahl an Spielern nicht fortsetzen konnte. <\/span><\/p>\n<p><span style=\"font-size: 16px;\">Dieses Spiel wird mit 5:1 f\u00fcr Victoria gewertet, das in der Tabelle durch die sechs hinzugewonnenen Punkte auf Rang drei vorr\u00fcckte und den R\u00fcckstand zum Tabellenzweiten TSG Niederrad auf drei Punkte verk\u00fcrzen konnte. Am 8. Februar kann die Victoria durch einen Sieg im Nachholspiel beim Platznachbarn Union Niederrad III (17 Uhr) mit der TSG Niederrad nach Punkten gleichziehen. <\/span><\/p>\n<p><span style=\"font-size: 16px;\">Eine Woche sp\u00e4ter (14. Februar) wird die Niederr\u00e4der &#8222;Dritte&#8220; zum R\u00fcckspiel erwartet (12.30 Uhr).<\/span><\/p>\n","protected":false},"excerpt":{"rendered":"<p>Zwei Spielwertungen waren f\u00fcr den FFC Victoria in der Kreisliga B Frankfurt (Gruppe 2) noch offen. Nach den Verhandlungen vor dem Kreissportgericht steht nun fest, dass beide Begegnungen mit dem jeweils zum Zeitpunkt des Abbruchs g\u00fcltigen Ergebnis zugunsten der Victorianer gewertet werden.\u00a0 Am 16. November vergangenen Jahres war es in der Partie gegen den SV [&hellip;]<\/p>\n","protected":false},"author":1,"featured_media":30094,"comment_status":"closed","ping_status":"closed","sticky":true,"template":"","format":"standard","meta":{"footnotes":""},"categories":[11],"tags":[],"class_list":["post-30093","post","type-post","status-publish","format-standard","has-post-thumbnail","hentry","category-kreisliga-b"],"_links":{"self":[{"href":"https:\/\/insideamateurfussball-ffm.de\/index.php?rest_route=\/wp\/v2\/posts\/30093","targetHints":{"allow":["GET"]}}],"collection":[{"href":"https:\/\/insideamateurfussball-ffm.de\/index.php?rest_route=\/wp\/v2\/posts"}],"about":[{"href":"https:\/\/insideamateurfussball-ffm.de\/index.php?rest_route=\/wp\/v2\/types\/post"}],"author":[{"embeddable":true,"href":"https:\/\/insideamateurfussball-ffm.de\/index.php?rest_route=\/wp\/v2\/users\/1"}],"replies":[{"embeddable":true,"href":"https:\/\/insideamateurfussball-ffm.de\/index.php?rest_route=%2Fwp%2Fv2%2Fcomments&post=30093"}],"version-history":[{"count":3,"href":"https:\/\/insideamateurfussball-ffm.de\/index.php?rest_route=\/wp\/v2\/posts\/30093\/revisions"}],"predecessor-version":[{"id":30098,"href":"https:\/\/insideamateurfussball-ffm.de\/index.php?rest_route=\/wp\/v2\/posts\/30093\/revisions\/30098"}],"wp:featuredmedia":[{"embeddable":true,"href":"https:\/\/insideamateurfussball-ffm.de\/index.php?rest_route=\/wp\/v2\/media\/30094"}],"wp:attachment":[{"href":"https:\/\/insideamateurfussball-ffm.de\/index.php?rest_route=%2Fwp%2Fv2%2Fmedia&parent=30093"}],"wp:term":[{"taxonomy":"category","embeddable":true,"href":"https:\/\/insideamateurfussball-ffm.de\/index.php?rest_route=%2Fwp%2Fv2%2Fcategories&post=30093"},{"taxonomy":"post_tag","embeddable":true,"href":"https:\/\/insideamateurfussball-ffm.de\/index.php?rest_route=%2Fwp%2Fv2%2Ftags&post=30093"}],"curies":[{"name":"wp","href":"https:\/\/api.w.org\/{rel}","templated":true}]}}