{"id":30088,"date":"2026-01-08T12:25:39","date_gmt":"2026-01-08T11:25:39","guid":{"rendered":"https:\/\/insideamateurfussball-ffm.de\/?p=30088"},"modified":"2026-01-08T12:25:39","modified_gmt":"2026-01-08T11:25:39","slug":"winterfazit-sv-bosnien-herzegowina","status":"publish","type":"post","link":"https:\/\/insideamateurfussball-ffm.de\/?p=30088","title":{"rendered":"Winterfazit SV Bosnien\/Herzegowina"},"content":{"rendered":"<h4>Wir beginnen in der Winterpause der Saison 2025\/26 beim Fazit jetzt auch mit den Mannschaften der Gruppenliga Frankfurt West und gehen tabellarisch vor, als erstes betrachten wir den bisherigen Saisonverlauf vom SV Bosnien\/Herzegowina.<\/h4>\n<figure id=\"attachment_28199\" aria-describedby=\"caption-attachment-28199\" style=\"width: 1476px\" class=\"wp-caption alignnone\"><img loading=\"lazy\" decoding=\"async\" class=\"wp-image-28199 size-full\" src=\"http:\/\/insideamateurfussball-ffm.de\/wp-content\/uploads\/2025\/09\/COMBI-BOSNIEN.jpg\" alt=\"\" width=\"1476\" height=\"987\" srcset=\"https:\/\/insideamateurfussball-ffm.de\/wp-content\/uploads\/2025\/09\/COMBI-BOSNIEN.jpg 1476w, https:\/\/insideamateurfussball-ffm.de\/wp-content\/uploads\/2025\/09\/COMBI-BOSNIEN-300x201.jpg 300w, https:\/\/insideamateurfussball-ffm.de\/wp-content\/uploads\/2025\/09\/COMBI-BOSNIEN-1024x685.jpg 1024w, https:\/\/insideamateurfussball-ffm.de\/wp-content\/uploads\/2025\/09\/COMBI-BOSNIEN-768x514.jpg 768w\" sizes=\"auto, (max-width: 1476px) 100vw, 1476px\" \/><figcaption id=\"caption-attachment-28199\" class=\"wp-caption-text\">Der Aufstieg in die Verbandsliga ist der Mannschaft von Trainer Amir Mustafic kaum noch zu nehmen. Grafik\/Foto: Archiv Mithat G\u00fcrser<\/figcaption><\/figure>\n<p><img loading=\"lazy\" decoding=\"async\" class=\"alignnone size-full wp-image-139\" src=\"http:\/\/insideamateurfussball-ffm.de\/wp-content\/uploads\/2022\/05\/Bosnien.jpg\" alt=\"\" width=\"79\" height=\"80\" \/><\/p>\n<h3>Zielsetzung vor der Saison<\/h3>\n<p>Die Zielsetzung der Bosnier laut Pressesprecher Admir Malohodzic, oben mitzuspielen, ist deutlich erf\u00fcllt, man gr\u00fc\u00dft von der Tabellenspitze mit 12 Punkten Vorsprung.<\/p>\n<h3>Tabellensituation<\/h3>\n<p>Platz 1, 18 Spiele, 51 Punkte (17 S, 0 U, 1 N), Torverh\u00e4ltnis 68:22<\/p>\n<p>12 Punkte Vorsprung bei einem Spiel weniger vor dem Relegationsplatz, den die Spvgg. 05 Oberrad belegt<\/p>\n<h3>Bisheriger Saisonverlauf<\/h3>\n<p>Der SV Bosnien\/Herzegowina kam diesmal gut in die Saison, aufgrund eines gro\u00dfen Kaders wurde die Urlaubszeit mit nur wenigen Abwesenheiten \u00fcberstanden, und so konnte man nach guten Testspielergebnissen auch das erste Spiel beim Aufsteiger SG Wehrheim\/Pfaffenwiesbach souver\u00e4n mit 3:0 gewinnen, es folgten im August noch 5 weitere Siege, ehe es dann beim FC Karben Anfang September mit 3:4 die erste Niederlage geben sollte, die einzige Partie, in der Torwart Amel Dizdarevic nicht zur Verf\u00fcgung stand. Dies sollte bis zur Winterpause auch der einzige Punktverlust bleiben, sodass nach 18 Spielen schon 17 Siege auf der Habenseite stehen.<\/p>\n<h3>Torsch\u00fctzen (Quelle: fussball.de)<\/h3>\n<p>26 Almir Derdemez<\/p>\n<p>12 Boubacar Dialiba Diabang<\/p>\n<p>10 Almir Ziga<\/p>\n<h3>Eins\u00e4tze (Quelle fussball.de)<\/h3>\n<p>18 Almir Derdemez, Boubacar Dialiba Diabang<\/p>\n<p>17 Alen Habibovic, Amel Dizdarevic, Husejn Mevkic, Moussa Diabang, Selim Zuna, Hamza Reko<\/p>\n<h3>Statistiken<\/h3>\n<p>H\u00f6chster Sieg: 6:1 gegen den FV Stierstadt<\/p>\n<p>H\u00f6chste Niederlage: 3:4 beim SV Karben<\/p>\n<p>L\u00e4ngste Serie ungeschlagen: 11 Spiele (11S) vom 8.-18.Spieltag<\/p>\n<p>L\u00e4ngste Serie ohne Sieg: 1 Spiel (1N) am 7. Spieltag<\/p>\n<h3>Pokal<\/h3>\n<p>Der SV Bosnien\/Herzegowina meldete seine Mannschaft wie schon im Vorjahr nicht f\u00fcr den Kreispokal.<\/p>\n<h3>Aussichten<\/h3>\n<p>Der Aufstieg in die Verbandsliga S\u00fcd scheint unvermeidlich, es d\u00fcrfte bei dem Riesenvorsprung nur darum gehen, wann der SV Bosnien\/Herzegowina den Aufstieg feiern kann, dies k\u00f6nnte bereits im April der Fall sein. Aufgrund der Ausgeglichenheit, der Quantit\u00e4t und der Qualit\u00e4t des Kaders w\u00e4re ein Abrutschen von der Tabellenspitze eine Riesen\u00fcberraschung.<\/p>\n<h3>Bisher bekannte Testspiele vor Fortsetzung (Quelle fussball.de):<\/h3>\n<p>Sonntag, 25.01.26, 15:00: SV Bosnien\/Herzegowina \u2013 FSV Bischofsheim<\/p>\n<p>Dienstag, 27.01.26, 20:15: 1.FC-TSG K\u00f6nigstein \u2013 SV Bosnien\/Herzegowina<\/p>\n<p>Sonntag, 01.02.26, 15:00: SV Bosnien\/Herzegowina \u2013 FC Kalbach<\/p>\n<p>Sonntag, 08.02.26, 14:00: SV Bosnien\/Herzegowina \u2013 FC T\u00dcRK Kelsterbach<\/p>\n<p>Mittwoch, 11.02.26, 20:00: SV Bosnien\/Herzegowina \u2013 SG Langstadt\/Babenhausen<\/p>\n<p>Sonntag, 15.02.26, 15:00: DJK Spfr. Bad Homburg \u2013 SV Bosnien\/Herzegowina<\/p>\n<p>Erstes Pflichtspiel:<\/p>\n<p>Vorauss. 22.02.26: FSG Burg-Gr\u00e4fenrode \u2013 SV Bosnien\/Herzegowina<\/p>\n","protected":false},"excerpt":{"rendered":"<p>Wir beginnen in der Winterpause der Saison 2025\/26 beim Fazit jetzt auch mit den Mannschaften der Gruppenliga Frankfurt West und gehen tabellarisch vor, als erstes betrachten wir den bisherigen Saisonverlauf vom SV Bosnien\/Herzegowina. Zielsetzung vor der Saison Die Zielsetzung der Bosnier laut Pressesprecher Admir Malohodzic, oben mitzuspielen, ist deutlich erf\u00fcllt, man gr\u00fc\u00dft von der Tabellenspitze [&hellip;]<\/p>\n","protected":false},"author":3,"featured_media":28199,"comment_status":"closed","ping_status":"open","sticky":true,"template":"","format":"standard","meta":{"footnotes":""},"categories":[13],"tags":[],"class_list":["post-30088","post","type-post","status-publish","format-standard","has-post-thumbnail","hentry","category-gruppenliga-frankfurt-west"],"_links":{"self":[{"href":"https:\/\/insideamateurfussball-ffm.de\/index.php?rest_route=\/wp\/v2\/posts\/30088","targetHints":{"allow":["GET"]}}],"collection":[{"href":"https:\/\/insideamateurfussball-ffm.de\/index.php?rest_route=\/wp\/v2\/posts"}],"about":[{"href":"https:\/\/insideamateurfussball-ffm.de\/index.php?rest_route=\/wp\/v2\/types\/post"}],"author":[{"embeddable":true,"href":"https:\/\/insideamateurfussball-ffm.de\/index.php?rest_route=\/wp\/v2\/users\/3"}],"replies":[{"embeddable":true,"href":"https:\/\/insideamateurfussball-ffm.de\/index.php?rest_route=%2Fwp%2Fv2%2Fcomments&post=30088"}],"version-history":[{"count":1,"href":"https:\/\/insideamateurfussball-ffm.de\/index.php?rest_route=\/wp\/v2\/posts\/30088\/revisions"}],"predecessor-version":[{"id":30089,"href":"https:\/\/insideamateurfussball-ffm.de\/index.php?rest_route=\/wp\/v2\/posts\/30088\/revisions\/30089"}],"wp:featuredmedia":[{"embeddable":true,"href":"https:\/\/insideamateurfussball-ffm.de\/index.php?rest_route=\/wp\/v2\/media\/28199"}],"wp:attachment":[{"href":"https:\/\/insideamateurfussball-ffm.de\/index.php?rest_route=%2Fwp%2Fv2%2Fmedia&parent=30088"}],"wp:term":[{"taxonomy":"category","embeddable":true,"href":"https:\/\/insideamateurfussball-ffm.de\/index.php?rest_route=%2Fwp%2Fv2%2Fcategories&post=30088"},{"taxonomy":"post_tag","embeddable":true,"href":"https:\/\/insideamateurfussball-ffm.de\/index.php?rest_route=%2Fwp%2Fv2%2Ftags&post=30088"}],"curies":[{"name":"wp","href":"https:\/\/api.w.org\/{rel}","templated":true}]}}