{"id":30085,"date":"2026-01-07T14:40:26","date_gmt":"2026-01-07T13:40:26","guid":{"rendered":"https:\/\/insideamateurfussball-ffm.de\/?p=30085"},"modified":"2026-01-07T14:40:26","modified_gmt":"2026-01-07T13:40:26","slug":"winterfazit-fc-kalbach","status":"publish","type":"post","link":"https:\/\/insideamateurfussball-ffm.de\/?p=30085","title":{"rendered":"Winterfazit FC Kalbach"},"content":{"rendered":"<h4>Wir beginnen in der Winterpause der Saison 2025\/26 beim Fazit mit den Mannschaften der Verbandsliga S\u00fcd und gehen tabellarisch vor, als letztes betrachten wir den bisherigen Saisonverlauf vom Aufsteiger FC Kalbach.<\/h4>\n<figure id=\"attachment_27700\" aria-describedby=\"caption-attachment-27700\" style=\"width: 2560px\" class=\"wp-caption alignnone\"><img loading=\"lazy\" decoding=\"async\" class=\"wp-image-27700 size-full\" src=\"http:\/\/insideamateurfussball-ffm.de\/wp-content\/uploads\/2025\/09\/FCKalbach-SGB_250904-15-scaled.jpg\" alt=\"\" width=\"2560\" height=\"1707\" srcset=\"https:\/\/insideamateurfussball-ffm.de\/wp-content\/uploads\/2025\/09\/FCKalbach-SGB_250904-15-scaled.jpg 2560w, https:\/\/insideamateurfussball-ffm.de\/wp-content\/uploads\/2025\/09\/FCKalbach-SGB_250904-15-300x200.jpg 300w, https:\/\/insideamateurfussball-ffm.de\/wp-content\/uploads\/2025\/09\/FCKalbach-SGB_250904-15-1024x683.jpg 1024w, https:\/\/insideamateurfussball-ffm.de\/wp-content\/uploads\/2025\/09\/FCKalbach-SGB_250904-15-768x512.jpg 768w, https:\/\/insideamateurfussball-ffm.de\/wp-content\/uploads\/2025\/09\/FCKalbach-SGB_250904-15-1536x1024.jpg 1536w, https:\/\/insideamateurfussball-ffm.de\/wp-content\/uploads\/2025\/09\/FCKalbach-SGB_250904-15-2048x1365.jpg 2048w\" sizes=\"auto, (max-width: 2560px) 100vw, 2560px\" \/><figcaption id=\"caption-attachment-27700\" class=\"wp-caption-text\">F\u00fcr die Kalbacher ist der Klassenerhalt eine Mammutaufgabe. Foto: Archiv Andre Sturmeit<\/figcaption><\/figure>\n<p><img loading=\"lazy\" decoding=\"async\" class=\"alignnone size-full wp-image-16\" src=\"http:\/\/insideamateurfussball-ffm.de\/wp-content\/uploads\/2021\/11\/kalbach-wappen.jpg\" alt=\"\" width=\"80\" height=\"80\" \/><\/p>\n<h3>Zielsetzung vor der Saison<\/h3>\n<p>Die Zielsetzung der Kalbacher vor der Saison war klar, mit dem nach Vorstandsmitglied Manni Meyer \u201ekleinstem Budget der Liga\u201c wollte man realistisch bleiben und den Klassenerhalt erreichen. Das ist noch m\u00f6glich, wird aber sehr schwer werden.<\/p>\n<h3>Tabellensituation<\/h3>\n<p>Platz 14, 19 Spiele, 14 Punkte (3 S, 5 U, 11 N), Torverh\u00e4ltnis 31:46<\/p>\n<p>derzeit auf dem Relegationsplatz, 3 Punkte hinter dem 1.FC Langen, 1 Punkt vor dem ersten direkten Abstiegsplatz, auf dem der FC Neu-Anspach bei einem Spiel weniger liegt<\/p>\n<h3>Bisheriger Saisonverlauf<\/h3>\n<p>Nach einigen Abg\u00e4ngen vor allem im Sturm und Verletzungen in der Vorbereitung (u.a. Moritz Uppenkamp mit Kreuzbandriss) kam die verj\u00fcngte Mannschaft schwer in die Saison, auch in der Vorbereitung setzte es zu Anfang einige Niederlagen. Die ersten beiden Spiele in der Verbandsliga gingen dann auch gegen RW Frankfurt und Pars Neu-Isenburg verloren, ehe man bei den Sportfreunden Seligenstadt mit einem 0:0 den ersten Punkt holte. Nach einer erneuten Niederlage gegen Ober-Roden konnte dann der letztes Jahr in den Relegationsspielen zur Hessenliga gescheiterte SC Dortelweil \u00fcberraschend mit 3:1 bezwungen werden, ehe dann eine lange Negativserie mit einem Remis gegen Bornheim und 7 Niederlagen folgte, darunter auch gegen die Mitkonkurrenten aus Neu-Anspach, Langen und Langstadt\/Babenhausen.<\/p>\n<p>Anfang November folgte dann ein \u00fcberraschender 4:1-Sieg gegen DJK Spfrd. Bad Homburg, aber nach dem folgenden 1:3 beim Tabellenletzten 1.FCA Darmstadt, der damit seinen einzigen Sieg feierte, gaben viele keinen Pfifferling mehr auf den Aufsteiger. Vor der Winterpause konnte Kalbach dann aber eine Serie mit 4 ungeschlagenen Spielen folgen lassen, es gab drei Remis gegen Gro\u00df-Gerau, Ober-Roden und Seligenstadt sowie einen 1:0-Sieg gegen Pars Neu-Isenburg, der die Mannschaft zwischenzeitlich auf den derzeitigen Relegationsplatz brachte.<\/p>\n<h3>Torsch\u00fctzen (Quelle: fussball.de)<\/h3>\n<p>7 Achraf Gara Ali<\/p>\n<p>6 Shuto Ishino<\/p>\n<p>5 Nassim Fallah<\/p>\n<h3>Eins\u00e4tze (Quelle transfermarkt.de, ber\u00fccksichtigt 18 Spiele)<\/h3>\n<p>18 Nikolaos Savoulidis<\/p>\n<p>17 Huimang Park<\/p>\n<p>15 Nassim Fallah, Achraf Gara Ali, Konstantin Marko Petrovic<\/p>\n<h3>Statistiken<\/h3>\n<p>H\u00f6chster Sieg: 4:1 gegen DJK Spfrd. Bad Homburg<\/p>\n<p>H\u00f6chste Niederlage: jeweils 2:5 gegen die SG Langstadt\/Babenhausen und gegen den SV Unter-Flockenbach<\/p>\n<p>L\u00e4ngste Serie ungeschlagen: 4 Spiele (1S, 3U) vom 16.-19.Spieltag<\/p>\n<p>L\u00e4ngste Serie ohne Sieg: 8 Spiele (1U, 7N) vom 6.-13.Spieltag<\/p>\n<h3>Pokal<\/h3>\n<p>Im Kreispokal siegten die Kalbacher in der ersten Runde kampflos beim C-Ligisten FC Markaz Frankfurt, in der zweiten Runde setzte man sich beim Gruppenligisten T\u00fcrkg\u00fcc\u00fc Frankfurt mit 3:0 durch, im Achtelfinale siegte man mit 13:0 beim A-Ligisten FC Heisenrath Goldstein und wartet jetzt in der Auslosung am 17.01. auf den Gegner im Viertelfinale.<\/p>\n<h3>Aussichten<\/h3>\n<p>K\u00f6nnen die Kalbacher die Leistungen abrufen, die sie in den letzten 4 Spielen vor der Winterpause gezeigt haben, nach dem Neuanfang in 2026 best\u00e4tigen, so ist der Klassenerhalt noch m\u00f6glich, man liegt derzeit drei Punkte hinter dem 13.Platz, der momentan die sichere Rettung bedeuten w\u00fcrde (sollte es bei einem Absteiger aus der Hessenliga bleiben). Nachteilig ist aber, dass Langen zwei Spiele und Neu-Anspach ein Spiel weniger ausgetragen haben und dass Kalbach gegen die Mitkonkurrenten Langen, Neu-Anspach, Langstadt\/Babenhausen und 1.FCA Darmstadt das erste Spiel zum Teil deutlich verloren hat, was bei einer Berechnung nach dem direkten Duell schwerwiegende Folgen hat. Der Start in den Rest der Saison ist mit den Gegnern RW Frankfurt, SC Dortelweil und RW Darmstadt auch nicht einfach. Die ebenfalls gef\u00e4hrdete und hinter Kalbach liegende SG Langstadt\/Babenhausen hat sich unterdessen in der Winterpause mit 4 Spielern vom Hessenligisten SV Hummetroth verst\u00e4rkt, das zeigt, dass sich der Club noch nicht aufgegeben hat und wohl auch entsprechende finanzielle Mittel besitzt.<\/p>\n<h3>Bisher bekannte Testspiele vor Fortsetzung (Quelle fussball.de):<\/h3>\n<p>Donnerstag, 22.01.26, 20.00: FV Stierstadt \u2013 FC Kalbach<\/p>\n<p>Sonntag, 01.02.26, 15:00: SV Bosnien\/Herzegowina \u2013 FC Kalbach<\/p>\n<p>Sonntag, 08.02.26, 16:00: FC Kalbach \u2013 Germania 08 D\u00f6rnigheim<\/p>\n<p>Dienstag, 10.02.26, 20:00: FC Kalbach \u2013 KEWA Wachenbuchen<\/p>\n<p>Donnerstag, 19.02.26, 20:00: TSG Wieseck \u2013 FC Kalbach<\/p>\n<p>Sonntag, 22.02.26, 15:00: Germania Okriftel &#8211; FC Kalbach<\/p>\n<p>Erstes Pflichtspiel:<\/p>\n<p>Vorauss. 01.03.26: RW Frankfurt \u2013 FC Kalbach<\/p>\n","protected":false},"excerpt":{"rendered":"<p>Wir beginnen in der Winterpause der Saison 2025\/26 beim Fazit mit den Mannschaften der Verbandsliga S\u00fcd und gehen tabellarisch vor, als letztes betrachten wir den bisherigen Saisonverlauf vom Aufsteiger FC Kalbach. Zielsetzung vor der Saison Die Zielsetzung der Kalbacher vor der Saison war klar, mit dem nach Vorstandsmitglied Manni Meyer \u201ekleinstem Budget der Liga\u201c wollte [&hellip;]<\/p>\n","protected":false},"author":3,"featured_media":27700,"comment_status":"closed","ping_status":"open","sticky":true,"template":"","format":"standard","meta":{"footnotes":""},"categories":[10],"tags":[],"class_list":["post-30085","post","type-post","status-publish","format-standard","has-post-thumbnail","hentry","category-verbandsliga-sued"],"_links":{"self":[{"href":"https:\/\/insideamateurfussball-ffm.de\/index.php?rest_route=\/wp\/v2\/posts\/30085","targetHints":{"allow":["GET"]}}],"collection":[{"href":"https:\/\/insideamateurfussball-ffm.de\/index.php?rest_route=\/wp\/v2\/posts"}],"about":[{"href":"https:\/\/insideamateurfussball-ffm.de\/index.php?rest_route=\/wp\/v2\/types\/post"}],"author":[{"embeddable":true,"href":"https:\/\/insideamateurfussball-ffm.de\/index.php?rest_route=\/wp\/v2\/users\/3"}],"replies":[{"embeddable":true,"href":"https:\/\/insideamateurfussball-ffm.de\/index.php?rest_route=%2Fwp%2Fv2%2Fcomments&post=30085"}],"version-history":[{"count":2,"href":"https:\/\/insideamateurfussball-ffm.de\/index.php?rest_route=\/wp\/v2\/posts\/30085\/revisions"}],"predecessor-version":[{"id":30087,"href":"https:\/\/insideamateurfussball-ffm.de\/index.php?rest_route=\/wp\/v2\/posts\/30085\/revisions\/30087"}],"wp:featuredmedia":[{"embeddable":true,"href":"https:\/\/insideamateurfussball-ffm.de\/index.php?rest_route=\/wp\/v2\/media\/27700"}],"wp:attachment":[{"href":"https:\/\/insideamateurfussball-ffm.de\/index.php?rest_route=%2Fwp%2Fv2%2Fmedia&parent=30085"}],"wp:term":[{"taxonomy":"category","embeddable":true,"href":"https:\/\/insideamateurfussball-ffm.de\/index.php?rest_route=%2Fwp%2Fv2%2Fcategories&post=30085"},{"taxonomy":"post_tag","embeddable":true,"href":"https:\/\/insideamateurfussball-ffm.de\/index.php?rest_route=%2Fwp%2Fv2%2Ftags&post=30085"}],"curies":[{"name":"wp","href":"https:\/\/api.w.org\/{rel}","templated":true}]}}