{"id":30081,"date":"2026-01-06T11:18:36","date_gmt":"2026-01-06T10:18:36","guid":{"rendered":"https:\/\/insideamateurfussball-ffm.de\/?p=30081"},"modified":"2026-01-06T11:18:36","modified_gmt":"2026-01-06T10:18:36","slug":"winterfazit-sg-bornheim","status":"publish","type":"post","link":"https:\/\/insideamateurfussball-ffm.de\/?p=30081","title":{"rendered":"Winterfazit SG Bornheim"},"content":{"rendered":"<h4>Wir beginnen in der Winterpause der Saison 2025\/26 beim Fazit mit den Mannschaften der Verbandsliga S\u00fcd und gehen tabellarisch vor, als n\u00e4chstes betrachten wir den bisherigen Saisonverlauf von der SG Bornheim.<\/h4>\n<figure id=\"attachment_30082\" aria-describedby=\"caption-attachment-30082\" style=\"width: 2560px\" class=\"wp-caption alignnone\"><img loading=\"lazy\" decoding=\"async\" class=\"wp-image-30082 size-full\" src=\"http:\/\/insideamateurfussball-ffm.de\/wp-content\/uploads\/2026\/01\/SGB-Langstadt-Burghsn_251130-313-scaled.jpg\" alt=\"\" width=\"2560\" height=\"1707\" srcset=\"https:\/\/insideamateurfussball-ffm.de\/wp-content\/uploads\/2026\/01\/SGB-Langstadt-Burghsn_251130-313-scaled.jpg 2560w, https:\/\/insideamateurfussball-ffm.de\/wp-content\/uploads\/2026\/01\/SGB-Langstadt-Burghsn_251130-313-300x200.jpg 300w, https:\/\/insideamateurfussball-ffm.de\/wp-content\/uploads\/2026\/01\/SGB-Langstadt-Burghsn_251130-313-1024x683.jpg 1024w, https:\/\/insideamateurfussball-ffm.de\/wp-content\/uploads\/2026\/01\/SGB-Langstadt-Burghsn_251130-313-768x512.jpg 768w, https:\/\/insideamateurfussball-ffm.de\/wp-content\/uploads\/2026\/01\/SGB-Langstadt-Burghsn_251130-313-1536x1024.jpg 1536w, https:\/\/insideamateurfussball-ffm.de\/wp-content\/uploads\/2026\/01\/SGB-Langstadt-Burghsn_251130-313-2048x1365.jpg 2048w\" sizes=\"auto, (max-width: 2560px) 100vw, 2560px\" \/><figcaption id=\"caption-attachment-30082\" class=\"wp-caption-text\">Der SG Bornheim um Kapit\u00e4n und Toptorsch\u00fctze Lukas Knell ist in dieser Saison alles zuzutrauen. Foto: Archiv Andre Sturmeit<\/figcaption><\/figure>\n<p><img loading=\"lazy\" decoding=\"async\" class=\"alignnone size-full wp-image-119\" src=\"http:\/\/insideamateurfussball-ffm.de\/wp-content\/uploads\/2022\/05\/Bornheim.jpg\" alt=\"\" width=\"80\" height=\"80\" \/><\/p>\n<h3>Zielsetzung vor der Saison<\/h3>\n<p>Die Zielsetzung der Bornheimer, fr\u00fchzeitig im gesicherten Mittelfeld zu landen, hat die Mannschaft des neuen Trainers Taner Yalcin deutlich \u00fcbererf\u00fcllt mit Platz 4 und engem Kontakt zur Spitzengruppe, der Tabellenf\u00fchrer Kickers Offenbach II ist nur drei Punkte entfernt.<\/p>\n<h3>Tabellensituation<\/h3>\n<p>Platz 4, 19 Spiele, 34 Punkte (10 S, 4 U, 5 N), Torverh\u00e4ltnis 40:26<\/p>\n<p>3 Punkte hinter dem Relegationsplatz, auf dem RW Frankfurt liegt, 2 Punkte vor dem Tabellenf\u00fcnften Germania Ober-Roden<\/p>\n<h3>Bisheriger Saisonverlauf<\/h3>\n<p>Am Anfang der Saison hatte der neue Trainer Taner Yalcin mit Personalproblemen zu k\u00e4mpfen und musste auf Spieler aus der A-Jugend und der zweiten Mannschaft zur\u00fcckgreifen, die ersten beiden Spiele in Dortelweil und gegen RW Darmstadt gingen dann verloren. Es folgten darauf allerdings drei Siege, bevor man in Unter-Flockenbach den K\u00fcrzeren zog und sich beim FC Kalbach mit einem Remis zufriedengeben musste. Dann folgte wieder eine Serie mit 4 Siegen, u.a. auch gegen den Tabellenf\u00fchrer Kickers Offenbach II mit 4:1, ehe eine Durststrecke mit drei Unentschieden und zwei Niederlagen die Bornheimer in der Tabelle wieder zur\u00fcckwarf. Vor der Winterpause folgte dann aber erneut eine Serie mit drei Siegen, die die SG auf einem hervorragenden 4.Platz \u00fcberwintern l\u00e4sst.<\/p>\n<h3>Torsch\u00fctzen (Quelle: fussball.de)<\/h3>\n<p>13 Lukas Knell<\/p>\n<p>5 Bilal Zerouali<\/p>\n<p>4 Hicham Boujerad<\/p>\n<h3>Eins\u00e4tze (Quelle fussball.de)<\/h3>\n<p>19 Patrick Albert<\/p>\n<p>18 Lukas Knell<\/p>\n<p>17 Gianluca Colombo, Max Zeller, Abdelwahed Boujerad, Bilal Zerouali<\/p>\n<h3>Statistiken<\/h3>\n<p>H\u00f6chster Sieg: 5:0 gegen SG Langstadt\/Babenhausen<\/p>\n<p>H\u00f6chste Niederlage: 0:3 gegen den SKV RW Darmstadt<\/p>\n<p>L\u00e4ngste Serie ungeschlagen: 5 Spiele (4S, 1U) vom 7.-11.Spieltag<\/p>\n<p>L\u00e4ngste Serie ohne Sieg: 5 Spiele (3U, 2N) vom 12.-16.Spieltag<\/p>\n<h3>Pokal<\/h3>\n<p>Im Kreispokal siegten die Bornheimer in der ersten Runde beim A-Ligisten FV 1920 Hausen mit 7:0, in der zweiten Runde setzte man sich kampflos beim A-Ligisten FC Frankfurt City durch, im Achtelfinale siegte man mit 3:0 beim Kreisoberligisten Union Niederrad und wartet jetzt in der Auslosung am 17.01. auf den Gegner im Viertelfinale.<\/p>\n<h3>Aussichten<\/h3>\n<p>Bei den Bornheimern sind alle tiefenentspannt, nach zwei schlechteren Spielzeiten spielt man eine \u00fcberraschend gute Saison und liegt in Lauerstellung auf dem vierten Tabellenplatz, Trainer Yalcin konstatierte, dass die Mannschaft immer mehr die Vorgaben des Trainerteams erf\u00fcllen w\u00fcrde. Auf die Tabelle wolle man erst einmal nicht blicken, sondern \u201evon Spiel zu Spiel schauen\u201c und dann sehen, wo man am Ende der Runde steht. F\u00fcr die restlichen Spiele verst\u00e4rkte man sich in der Winterpause bisher mit zwei Spielern, Teklu Tewelde kommt zur\u00fcck aus R\u00f6delheim und Felix Casalino wechselt von der Spvgg. 03 Fechenheim nach Bornheim und verst\u00e4rkt die Offensive.<\/p>\n<h3>Bisher bekannte Testspiele vor Fortsetzung (Quelle fussball.de):<\/h3>\n<p>Donnerstag, 29.01.26, 20.00: FG Seckbach \u2013 SG Bornheim<\/p>\n<p>Sonntag, 01.02.26, 15:00: SG Bornheim \u2013 FC Bayern Alzenau<\/p>\n<p>Freitag, 13.02.26, 20:00: SG Bornheim \u2013 FC Eddersheim<\/p>\n<p>Sonntag, 22.02.26., 15:00: SG Bornheim \u2013 SG Bad Soden<\/p>\n<p>Erstes Pflichtspiel:<\/p>\n<p>Vorauss. 01.03.26: SG Bornheim \u2013 SC Dortelweil<\/p>\n","protected":false},"excerpt":{"rendered":"<p>Wir beginnen in der Winterpause der Saison 2025\/26 beim Fazit mit den Mannschaften der Verbandsliga S\u00fcd und gehen tabellarisch vor, als n\u00e4chstes betrachten wir den bisherigen Saisonverlauf von der SG Bornheim. Zielsetzung vor der Saison Die Zielsetzung der Bornheimer, fr\u00fchzeitig im gesicherten Mittelfeld zu landen, hat die Mannschaft des neuen Trainers Taner Yalcin deutlich \u00fcbererf\u00fcllt [&hellip;]<\/p>\n","protected":false},"author":3,"featured_media":30082,"comment_status":"closed","ping_status":"open","sticky":true,"template":"","format":"standard","meta":{"footnotes":""},"categories":[10],"tags":[],"class_list":["post-30081","post","type-post","status-publish","format-standard","has-post-thumbnail","hentry","category-verbandsliga-sued"],"_links":{"self":[{"href":"https:\/\/insideamateurfussball-ffm.de\/index.php?rest_route=\/wp\/v2\/posts\/30081","targetHints":{"allow":["GET"]}}],"collection":[{"href":"https:\/\/insideamateurfussball-ffm.de\/index.php?rest_route=\/wp\/v2\/posts"}],"about":[{"href":"https:\/\/insideamateurfussball-ffm.de\/index.php?rest_route=\/wp\/v2\/types\/post"}],"author":[{"embeddable":true,"href":"https:\/\/insideamateurfussball-ffm.de\/index.php?rest_route=\/wp\/v2\/users\/3"}],"replies":[{"embeddable":true,"href":"https:\/\/insideamateurfussball-ffm.de\/index.php?rest_route=%2Fwp%2Fv2%2Fcomments&post=30081"}],"version-history":[{"count":2,"href":"https:\/\/insideamateurfussball-ffm.de\/index.php?rest_route=\/wp\/v2\/posts\/30081\/revisions"}],"predecessor-version":[{"id":30084,"href":"https:\/\/insideamateurfussball-ffm.de\/index.php?rest_route=\/wp\/v2\/posts\/30081\/revisions\/30084"}],"wp:featuredmedia":[{"embeddable":true,"href":"https:\/\/insideamateurfussball-ffm.de\/index.php?rest_route=\/wp\/v2\/media\/30082"}],"wp:attachment":[{"href":"https:\/\/insideamateurfussball-ffm.de\/index.php?rest_route=%2Fwp%2Fv2%2Fmedia&parent=30081"}],"wp:term":[{"taxonomy":"category","embeddable":true,"href":"https:\/\/insideamateurfussball-ffm.de\/index.php?rest_route=%2Fwp%2Fv2%2Fcategories&post=30081"},{"taxonomy":"post_tag","embeddable":true,"href":"https:\/\/insideamateurfussball-ffm.de\/index.php?rest_route=%2Fwp%2Fv2%2Ftags&post=30081"}],"curies":[{"name":"wp","href":"https:\/\/api.w.org\/{rel}","templated":true}]}}