{"id":30079,"date":"2026-01-05T22:05:10","date_gmt":"2026-01-05T21:05:10","guid":{"rendered":"https:\/\/insideamateurfussball-ffm.de\/?p=30079"},"modified":"2026-01-05T22:05:10","modified_gmt":"2026-01-05T21:05:10","slug":"lukacic-muss-gehen-gsu-praesident-samantas-uebernimmt","status":"publish","type":"post","link":"https:\/\/insideamateurfussball-ffm.de\/?p=30079","title":{"rendered":"Lukacic muss gehen &#8211; GSU-Pr\u00e4sident Samantas \u00fcbernimmt"},"content":{"rendered":"<h5><span style=\"font-size: 16px;\">Kreisoberliga-Aufsteiger GSU Hellas hat sich nur zwei Monate nach seiner Verpflichtung wieder von Trainer Miroslav Lukacic getrennt. Ab sofort \u00fcbernimmt beim Tabellenvorletzten der Vorsitzende Kostas Samantas h\u00f6chstpers\u00f6nlich das Traineramt gemeinsam mit dem Sportlichen Leiter Theodoros Vassiliou.<\/span><\/h5>\n<figure id=\"attachment_27233\" aria-describedby=\"caption-attachment-27233\" style=\"width: 150px\" class=\"wp-caption alignleft\"><img loading=\"lazy\" decoding=\"async\" class=\"wp-image-27233 size-thumbnail\" src=\"http:\/\/insideamateurfussball-ffm.de\/wp-content\/uploads\/2025\/08\/ginh-hellas14-150x150.jpg\" alt=\"\" width=\"150\" height=\"150\" \/><figcaption id=\"caption-attachment-27233\" class=\"wp-caption-text\">GSU Hellas steht auf Rang 16, einem Abstiegsplatz. Foto: Archiv Mithat G\u00fcrser.\u00a0\u00a0<\/figcaption><\/figure>\n<p><img loading=\"lazy\" decoding=\"async\" class=\"alignnone size-full wp-image-17152\" src=\"http:\/\/insideamateurfussball-ffm.de\/wp-content\/uploads\/2024\/03\/GSU-Hellas.png\" alt=\"\" width=\"80\" height=\"80\" \/><\/p>\n<p><span style=\"font-size: 16px;\">Lukacic, lange Jahre in der Verantwortung beim SC Goldstein, war Anfang November als Nachfolger von Volkan G\u00fcm\u00fcs verpflichtet worden und hatte in f\u00fcnf Spielen nur vier Punkte geholt. Vor den beiden Spielen vor der Winterpause im Dezember hatte sich Lukacic vorzeitig in den Winterurlaub verabschiedet. <\/span><\/p>\n<p><span style=\"font-size: 16px;\">&#8222;Der Verein GSU Hellas hat mir mitgeteilt, dass er nicht l\u00e4nger mit mir zusammenarbeiten will&#8220;, teilte Lukacic mit. Das best\u00e4tigte Vassiliou: &#8222;Der Vorstand hat beschlossen, sich vom Trainer Miroslav Lukacic mit sofortiger Wirkung zu trennen. Wir haben ihn in einer Schnellschuss-Aktion geholt, aber es hat leider nicht gepasst.&#8220; <\/span><\/p>\n<p><span style=\"font-size: 16px;\">Ab sofort \u00fcbernimmt der Vorsitzende Kostas Samantas mit Unterst\u00fctzung von Vassiliou und soll versuchen, den Neuling noch in der Klasse zu halten. Mit nur elf Punkten belegt die GSU Hellas derzeit den zweiten von drei Abstiegspl\u00e4tzen und weist schon zehn Punkte R\u00fcckstand auf den Relegationsplatz auf. <\/span><\/p>\n<p><span style=\"font-size: 16px;\">Die Anzahl der Absteiger k\u00f6nnte sich jedoch noch im g\u00fcnstigsten Fall von drei auf einen verringern, wenn in der Gruppenliga sowohl T\u00fcrkg\u00fcc\u00fc Frankfurt als auch der VfL Germania 94 den Klassenerhalt noch schaffen sollten.\u00a0 \u00a0<\/span><\/p>\n<h5><\/h5>\n","protected":false},"excerpt":{"rendered":"<p>Kreisoberliga-Aufsteiger GSU Hellas hat sich nur zwei Monate nach seiner Verpflichtung wieder von Trainer Miroslav Lukacic getrennt. Ab sofort \u00fcbernimmt beim Tabellenvorletzten der Vorsitzende Kostas Samantas h\u00f6chstpers\u00f6nlich das Traineramt gemeinsam mit dem Sportlichen Leiter Theodoros Vassiliou. Lukacic, lange Jahre in der Verantwortung beim SC Goldstein, war Anfang November als Nachfolger von Volkan G\u00fcm\u00fcs verpflichtet worden [&hellip;]<\/p>\n","protected":false},"author":1,"featured_media":27233,"comment_status":"closed","ping_status":"closed","sticky":true,"template":"","format":"standard","meta":{"footnotes":""},"categories":[2],"tags":[],"class_list":["post-30079","post","type-post","status-publish","format-standard","has-post-thumbnail","hentry","category-kreisoberliga-frankfurt"],"_links":{"self":[{"href":"https:\/\/insideamateurfussball-ffm.de\/index.php?rest_route=\/wp\/v2\/posts\/30079","targetHints":{"allow":["GET"]}}],"collection":[{"href":"https:\/\/insideamateurfussball-ffm.de\/index.php?rest_route=\/wp\/v2\/posts"}],"about":[{"href":"https:\/\/insideamateurfussball-ffm.de\/index.php?rest_route=\/wp\/v2\/types\/post"}],"author":[{"embeddable":true,"href":"https:\/\/insideamateurfussball-ffm.de\/index.php?rest_route=\/wp\/v2\/users\/1"}],"replies":[{"embeddable":true,"href":"https:\/\/insideamateurfussball-ffm.de\/index.php?rest_route=%2Fwp%2Fv2%2Fcomments&post=30079"}],"version-history":[{"count":1,"href":"https:\/\/insideamateurfussball-ffm.de\/index.php?rest_route=\/wp\/v2\/posts\/30079\/revisions"}],"predecessor-version":[{"id":30080,"href":"https:\/\/insideamateurfussball-ffm.de\/index.php?rest_route=\/wp\/v2\/posts\/30079\/revisions\/30080"}],"wp:featuredmedia":[{"embeddable":true,"href":"https:\/\/insideamateurfussball-ffm.de\/index.php?rest_route=\/wp\/v2\/media\/27233"}],"wp:attachment":[{"href":"https:\/\/insideamateurfussball-ffm.de\/index.php?rest_route=%2Fwp%2Fv2%2Fmedia&parent=30079"}],"wp:term":[{"taxonomy":"category","embeddable":true,"href":"https:\/\/insideamateurfussball-ffm.de\/index.php?rest_route=%2Fwp%2Fv2%2Fcategories&post=30079"},{"taxonomy":"post_tag","embeddable":true,"href":"https:\/\/insideamateurfussball-ffm.de\/index.php?rest_route=%2Fwp%2Fv2%2Ftags&post=30079"}],"curies":[{"name":"wp","href":"https:\/\/api.w.org\/{rel}","templated":true}]}}