{"id":30076,"date":"2026-01-05T20:37:49","date_gmt":"2026-01-05T19:37:49","guid":{"rendered":"https:\/\/insideamateurfussball-ffm.de\/?p=30076"},"modified":"2026-01-05T20:37:49","modified_gmt":"2026-01-05T19:37:49","slug":"bornheim-verstaerkt-sich-mit-casalino-und-tewelde","status":"publish","type":"post","link":"https:\/\/insideamateurfussball-ffm.de\/?p=30076","title":{"rendered":"Bornheim verst\u00e4rkt sich mit Casalino und Tewelde"},"content":{"rendered":"<h5><span style=\"font-size: 16px;\">Verbandsligist SG Bornheim\/Gr\u00fcn-Wei\u00df hat sich in der Winterpause mit zwei namhaften Spielern verst\u00e4rkt. W\u00e4hrend Teklu Tewelde, zuletzt beim Kreisoberligisten 1. R\u00f6delheimer FC aktiv, ein alter Bekannter ist, kommt mit Felix Casalino vom Gruppenligisten Spvgg. Fechenheim ein Spieler mit Regionalliga-Erfahrung an die Seckbacher Landstra\u00dfe.\u00a0<\/span><\/h5>\n<figure id=\"attachment_30077\" aria-describedby=\"caption-attachment-30077\" style=\"width: 150px\" class=\"wp-caption alignleft\"><img loading=\"lazy\" decoding=\"async\" class=\"wp-image-30077 size-thumbnail\" src=\"http:\/\/insideamateurfussball-ffm.de\/wp-content\/uploads\/2026\/01\/Casalino-150x150.jpg\" alt=\"\" width=\"150\" height=\"150\" \/><figcaption id=\"caption-attachment-30077\" class=\"wp-caption-text\">Neu in Bernem: Felix Casalino. Grafik: SG Bornheim\/Gr\u00fcn-Wei\u00df.\u00a0<\/figcaption><\/figure>\n<p><img loading=\"lazy\" decoding=\"async\" class=\"alignnone size-full wp-image-119\" src=\"http:\/\/insideamateurfussball-ffm.de\/wp-content\/uploads\/2022\/05\/Bornheim.jpg\" alt=\"\" width=\"80\" height=\"80\" \/><\/p>\n<p><span style=\"font-size: 16px;\">Teklu Tewelde, besser bekannt unter seinem Rufnamen &#8222;Daniel&#8220;, sollte im Sommer 2024 eigentlich das Traineramt in Bornheim als Nachfolger von Sascha Volk \u00fcbernehmen, warf aber noch vor Saisonbeginn aus pers\u00f6nlichen Gr\u00fcnden das Handtuch und pausierte erstmal als Spieler verletzungsbedingt. In der Sommerpause 2025 tauchte der 33-j\u00e4hrige pl\u00f6tzlich \u00fcberraschend beim R\u00f6delheimer FC auf und spielte mit dem RFC in der Kreisoberliga eine gute Halbserie, an der der Rechtsfu\u00df mit seiner Erfahrung einen geh\u00f6rigen Anteil hatte. <\/span><\/p>\n<p><span style=\"font-size: 16px;\">Am Ende des Jahres trat Tewelde an die Verantwortlichen in R\u00f6delheim mit dem Wunsch heran, sich wieder den Bornheimern anzuschlie\u00dfen, f\u00fcr die der Mittelfeldspieler 93 Spiele absolvierte und dabei 29 Tore erzielte. &#8222;Daniel hat in Bornheim immer seinen Platz. Logisch, dass er wieder willkommen ist. Die Geschichte hat auch etwas romantisches&#8220;, sagt Daniel Lieberich, der Sportliche Leiter der Bornheimer.<\/span><\/p>\n<figure id=\"attachment_17970\" aria-describedby=\"caption-attachment-17970\" style=\"width: 653px\" class=\"wp-caption alignleft\"><img loading=\"lazy\" decoding=\"async\" class=\"wp-image-17970\" src=\"http:\/\/insideamateurfussball-ffm.de\/wp-content\/uploads\/2024\/04\/FB_IMG_1713005982200-1024x683.jpg\" alt=\"\" width=\"653\" height=\"435\" srcset=\"https:\/\/insideamateurfussball-ffm.de\/wp-content\/uploads\/2024\/04\/FB_IMG_1713005982200-1024x683.jpg 1024w, https:\/\/insideamateurfussball-ffm.de\/wp-content\/uploads\/2024\/04\/FB_IMG_1713005982200-300x200.jpg 300w, https:\/\/insideamateurfussball-ffm.de\/wp-content\/uploads\/2024\/04\/FB_IMG_1713005982200-768x512.jpg 768w, https:\/\/insideamateurfussball-ffm.de\/wp-content\/uploads\/2024\/04\/FB_IMG_1713005982200.jpg 1080w\" sizes=\"auto, (max-width: 653px) 100vw, 653px\" \/><figcaption id=\"caption-attachment-17970\" class=\"wp-caption-text\">Teklu Tewelde ist wieder in Bornheim am Ball.Foto: Archiv Andr\u00e9 Sturmeit.<\/figcaption><\/figure>\n<p><span style=\"font-size: 16px;\">Felix Casalino spielte seit Sommer 2024 bei der Spvgg. Fechenheim und erzielte in 36 Spielen 23 Tore, war zuletzt Kapit\u00e4n der Mannschaft von Trainer Necip Incesu. Zuvor hatte der 27-j\u00e4hrige in der Oberliga Westfalen beim ehemaligen Bundesligisten SG Wattenscheid 09 und zuvor bei der TSG Sprockh\u00f6vel gespielt (insgesamt 122 Oberliga-Spiele und 49 Tore) und in der Saison 2022\/23 in der Regionalliga West 20 Spiele f\u00fcr Wattenscheid absolviert und drei Treffer erzielt. <\/span><\/p>\n<p><span style=\"font-size: 16px;\">Nach Frankfurt zog Casalino vor anderthalb Jahren, da seine Freundin, die Nationalspielerin Elisa Sen\u00df zu Eintracht Frankfurt wechselte. &#8222;Casalino hat einige Freunde wie unseren Kapit\u00e4n Lukas Knell in der Mannschaft und ist durch seine \u00f6ffentliche Pr\u00e4senz sehr bekannt. So hat sich der Wechsel ergeben&#8220;, erkl\u00e4rt Lieberich. In Fechenheim hingegen bedauert Sportdirektor Asghar Ali-Jaali den unerwarteten Abgang: &#8222;Das kam schon \u00fcberraschend, wir haben aber dem Wunsch Casalinos entsprochen, da er sich sehr professionell w\u00e4hrend seiner Zeit bei uns verhalten hat.&#8220;\u00a0 \u00a0<\/span><\/p>\n","protected":false},"excerpt":{"rendered":"<p>Verbandsligist SG Bornheim\/Gr\u00fcn-Wei\u00df hat sich in der Winterpause mit zwei namhaften Spielern verst\u00e4rkt. W\u00e4hrend Teklu Tewelde, zuletzt beim Kreisoberligisten 1. R\u00f6delheimer FC aktiv, ein alter Bekannter ist, kommt mit Felix Casalino vom Gruppenligisten Spvgg. Fechenheim ein Spieler mit Regionalliga-Erfahrung an die Seckbacher Landstra\u00dfe.\u00a0 Teklu Tewelde, besser bekannt unter seinem Rufnamen &#8222;Daniel&#8220;, sollte im Sommer 2024 [&hellip;]<\/p>\n","protected":false},"author":1,"featured_media":30077,"comment_status":"closed","ping_status":"closed","sticky":true,"template":"","format":"standard","meta":{"footnotes":""},"categories":[10],"tags":[],"class_list":["post-30076","post","type-post","status-publish","format-standard","has-post-thumbnail","hentry","category-verbandsliga-sued"],"_links":{"self":[{"href":"https:\/\/insideamateurfussball-ffm.de\/index.php?rest_route=\/wp\/v2\/posts\/30076","targetHints":{"allow":["GET"]}}],"collection":[{"href":"https:\/\/insideamateurfussball-ffm.de\/index.php?rest_route=\/wp\/v2\/posts"}],"about":[{"href":"https:\/\/insideamateurfussball-ffm.de\/index.php?rest_route=\/wp\/v2\/types\/post"}],"author":[{"embeddable":true,"href":"https:\/\/insideamateurfussball-ffm.de\/index.php?rest_route=\/wp\/v2\/users\/1"}],"replies":[{"embeddable":true,"href":"https:\/\/insideamateurfussball-ffm.de\/index.php?rest_route=%2Fwp%2Fv2%2Fcomments&post=30076"}],"version-history":[{"count":1,"href":"https:\/\/insideamateurfussball-ffm.de\/index.php?rest_route=\/wp\/v2\/posts\/30076\/revisions"}],"predecessor-version":[{"id":30078,"href":"https:\/\/insideamateurfussball-ffm.de\/index.php?rest_route=\/wp\/v2\/posts\/30076\/revisions\/30078"}],"wp:featuredmedia":[{"embeddable":true,"href":"https:\/\/insideamateurfussball-ffm.de\/index.php?rest_route=\/wp\/v2\/media\/30077"}],"wp:attachment":[{"href":"https:\/\/insideamateurfussball-ffm.de\/index.php?rest_route=%2Fwp%2Fv2%2Fmedia&parent=30076"}],"wp:term":[{"taxonomy":"category","embeddable":true,"href":"https:\/\/insideamateurfussball-ffm.de\/index.php?rest_route=%2Fwp%2Fv2%2Fcategories&post=30076"},{"taxonomy":"post_tag","embeddable":true,"href":"https:\/\/insideamateurfussball-ffm.de\/index.php?rest_route=%2Fwp%2Fv2%2Ftags&post=30076"}],"curies":[{"name":"wp","href":"https:\/\/api.w.org\/{rel}","templated":true}]}}