{"id":30064,"date":"2026-01-02T21:15:30","date_gmt":"2026-01-02T20:15:30","guid":{"rendered":"https:\/\/insideamateurfussball-ffm.de\/?p=30064"},"modified":"2026-01-02T21:15:30","modified_gmt":"2026-01-02T20:15:30","slug":"richtigstellung-trainer-huberman-hat-noch-keine-entscheidung-ueber-seine-zukunft-getroffen","status":"publish","type":"post","link":"https:\/\/insideamateurfussball-ffm.de\/?p=30064","title":{"rendered":"Richtigstellung: Trainer Huberman hat noch keine Entscheidung \u00fcber seine Zukunft getroffen"},"content":{"rendered":"<h5><span style=\"font-size: 16px;\">In unserem am 30. Dezember erschienenen Artikel \u00fcber den FC Croatia haben wir bedauerlicherweise eine Meldung verbreitet, die sich hinterher als nicht mehr aktuell erwiesen hat. Hintergrund ist, dass Trainer Jorge Huberman in einem &#8222;vertraulichen Gespr\u00e4ch&#8220; informierte, dass er den Verein h\u00f6chstwahrscheinlich wieder verlassen werde. Nach der Erscheinung des Artikels meldete sich selbiger zu Wort, dass er noch keine Entscheidung dar\u00fcber getroffen habe.\u00a0<\/span><\/h5>\n<figure id=\"attachment_29763\" aria-describedby=\"caption-attachment-29763\" style=\"width: 150px\" class=\"wp-caption alignleft\"><img loading=\"lazy\" decoding=\"async\" class=\"wp-image-29763 size-thumbnail\" src=\"http:\/\/insideamateurfussball-ffm.de\/wp-content\/uploads\/2025\/12\/con-croa1a-150x150.jpg\" alt=\"\" width=\"150\" height=\"150\" \/><figcaption id=\"caption-attachment-29763\" class=\"wp-caption-text\">Trainer Jorge Huberman bleibt nun (vielleicht) doch bei Croatia.\u00a0<\/figcaption><\/figure>\n<p><img loading=\"lazy\" decoding=\"async\" class=\"alignnone size-full wp-image-29\" src=\"http:\/\/insideamateurfussball-ffm.de\/wp-content\/uploads\/2021\/11\/croatia.jpg\" alt=\"\" width=\"63\" height=\"80\" \/><\/p>\n<p><span style=\"font-size: 16px;\">Festhalten m\u00f6chten wir hingegen an der Aussage, dass seit Juli 2022 17 verschiedene Namen auf den Spielberichtsb\u00f6gen der Ersten Mannschaft des FC Croatia erschienen sind. Dies haben wir in einer mehrst\u00fcndigen Recherchearbeit anhand des Studiums der offiziellen Dokumente im DFB-Net und auf der offiziellen Plattform &#8222;Fussball.de&#8220; akribisch ermittelt. Ob es sich bei den aufgelisteten 17 Personen auch um lizensierte \u00dcbungsleiter handelt, erschlie\u00dft sich uns nicht. Es war auch klar beschrieben, dass es sich um zeitweise Interimstrainer handelte, oder um Spieler, die pro forma als Trainer vermerkt wurden.\u00a0<\/span><\/p>\n<p><span style=\"font-size: 16px;\">Nun hat uns der FC Croatia ein Schreiben zukommen lassen unterschrieben von Pr\u00e4sident Mile Kelava, in dem uns mit rechtlichen Schritten gedroht wird, f\u00fcr einen Artikel, der durch die Pressefreiheit der Bunderepublik Deutschland gedeckt ist.\u00a0<\/span><\/p>\n<p><img loading=\"lazy\" decoding=\"async\" class=\"alignnone size-large wp-image-30066\" src=\"http:\/\/insideamateurfussball-ffm.de\/wp-content\/uploads\/2026\/01\/Croatia-Drohung-1024x1008.jpg\" alt=\"\" width=\"640\" height=\"630\" srcset=\"https:\/\/insideamateurfussball-ffm.de\/wp-content\/uploads\/2026\/01\/Croatia-Drohung-1024x1008.jpg 1024w, https:\/\/insideamateurfussball-ffm.de\/wp-content\/uploads\/2026\/01\/Croatia-Drohung-300x295.jpg 300w, https:\/\/insideamateurfussball-ffm.de\/wp-content\/uploads\/2026\/01\/Croatia-Drohung-768x756.jpg 768w, https:\/\/insideamateurfussball-ffm.de\/wp-content\/uploads\/2026\/01\/Croatia-Drohung-1536x1513.jpg 1536w, https:\/\/insideamateurfussball-ffm.de\/wp-content\/uploads\/2026\/01\/Croatia-Drohung.jpg 1969w\" sizes=\"auto, (max-width: 640px) 100vw, 640px\" \/><img loading=\"lazy\" decoding=\"async\" class=\"alignnone size-large wp-image-30065\" src=\"http:\/\/insideamateurfussball-ffm.de\/wp-content\/uploads\/2026\/01\/Croatia-Drohung-2-959x1024.jpg\" alt=\"\" width=\"640\" height=\"683\" srcset=\"https:\/\/insideamateurfussball-ffm.de\/wp-content\/uploads\/2026\/01\/Croatia-Drohung-2-959x1024.jpg 959w, https:\/\/insideamateurfussball-ffm.de\/wp-content\/uploads\/2026\/01\/Croatia-Drohung-2-281x300.jpg 281w, https:\/\/insideamateurfussball-ffm.de\/wp-content\/uploads\/2026\/01\/Croatia-Drohung-2-768x820.jpg 768w, https:\/\/insideamateurfussball-ffm.de\/wp-content\/uploads\/2026\/01\/Croatia-Drohung-2-1438x1536.jpg 1438w, https:\/\/insideamateurfussball-ffm.de\/wp-content\/uploads\/2026\/01\/Croatia-Drohung-2.jpg 1917w\" sizes=\"auto, (max-width: 640px) 100vw, 640px\" \/><\/p>\n<p><span style=\"font-size: 16px;\">Dazu nehmen wir wie folgt Stellung:\u00a0<\/span><\/p>\n<p><span style=\"font-size: 16px;\">Inside Amateurfu\u00dfball Ffm versteht sich als Plattform f\u00fcr die Vereine im Kreis Frankfurt. Unser Portal genie\u00dft auch \u00fcber die Kreisgrenzen hinweg einen guten Ruf. Wir betreiben die Seite in Zusammenarbeit mit den Vereinen und dem Kreisfu\u00dfballausschuss des Hessischen Fu\u00dfball-Verbandes ehrenamtlich im Sinne des Fu\u00dfballs. Sicher kann es mal zu Meinungsverschiedenheiten kommen, was den Inhalt mancher Beitr\u00e4ge betrifft. Wir erwarten dann aber &#8211; wie bisher geschehen &#8211; dass man zun\u00e4chst pers\u00f6nlichen Kontakt aufnimmt, um die Sachlage zu kl\u00e4ren. Dass nun hier wie in diesem Fall der FC Croatia in Person von Pr\u00e4sident Mile Kelava mit einem offensichtlich anwaltlichen Schreiben kommt, um uns rechtliche Schritte anzudrohen, bedeutet, dass man kein Interesse an einer weiteren Zusammenarbeit hat. Wir werden im Umkehrschluss ab sofort \u00fcber den Verein FC Croatia nur noch Spielberichte aus Sicht des jeweiligen Gegners ver\u00f6ffentlichen, womit sich Punkt 3 der oben genannten Forderung am leichtesten erf\u00fcllen l\u00e4sst. Wir bedauern diese Entwicklung und h\u00e4tten uns eine andere Form der Kommunikation erw\u00fcnscht.\u00a0 \u00a0 <\/span><\/p>\n","protected":false},"excerpt":{"rendered":"<p>In unserem am 30. Dezember erschienenen Artikel \u00fcber den FC Croatia haben wir bedauerlicherweise eine Meldung verbreitet, die sich hinterher als nicht mehr aktuell erwiesen hat. Hintergrund ist, dass Trainer Jorge Huberman in einem &#8222;vertraulichen Gespr\u00e4ch&#8220; informierte, dass er den Verein h\u00f6chstwahrscheinlich wieder verlassen werde. Nach der Erscheinung des Artikels meldete sich selbiger zu Wort, [&hellip;]<\/p>\n","protected":false},"author":1,"featured_media":29763,"comment_status":"open","ping_status":"open","sticky":true,"template":"","format":"standard","meta":{"footnotes":""},"categories":[2],"tags":[],"class_list":["post-30064","post","type-post","status-publish","format-standard","has-post-thumbnail","hentry","category-kreisoberliga-frankfurt"],"_links":{"self":[{"href":"https:\/\/insideamateurfussball-ffm.de\/index.php?rest_route=\/wp\/v2\/posts\/30064","targetHints":{"allow":["GET"]}}],"collection":[{"href":"https:\/\/insideamateurfussball-ffm.de\/index.php?rest_route=\/wp\/v2\/posts"}],"about":[{"href":"https:\/\/insideamateurfussball-ffm.de\/index.php?rest_route=\/wp\/v2\/types\/post"}],"author":[{"embeddable":true,"href":"https:\/\/insideamateurfussball-ffm.de\/index.php?rest_route=\/wp\/v2\/users\/1"}],"replies":[{"embeddable":true,"href":"https:\/\/insideamateurfussball-ffm.de\/index.php?rest_route=%2Fwp%2Fv2%2Fcomments&post=30064"}],"version-history":[{"count":1,"href":"https:\/\/insideamateurfussball-ffm.de\/index.php?rest_route=\/wp\/v2\/posts\/30064\/revisions"}],"predecessor-version":[{"id":30067,"href":"https:\/\/insideamateurfussball-ffm.de\/index.php?rest_route=\/wp\/v2\/posts\/30064\/revisions\/30067"}],"wp:featuredmedia":[{"embeddable":true,"href":"https:\/\/insideamateurfussball-ffm.de\/index.php?rest_route=\/wp\/v2\/media\/29763"}],"wp:attachment":[{"href":"https:\/\/insideamateurfussball-ffm.de\/index.php?rest_route=%2Fwp%2Fv2%2Fmedia&parent=30064"}],"wp:term":[{"taxonomy":"category","embeddable":true,"href":"https:\/\/insideamateurfussball-ffm.de\/index.php?rest_route=%2Fwp%2Fv2%2Fcategories&post=30064"},{"taxonomy":"post_tag","embeddable":true,"href":"https:\/\/insideamateurfussball-ffm.de\/index.php?rest_route=%2Fwp%2Fv2%2Ftags&post=30064"}],"curies":[{"name":"wp","href":"https:\/\/api.w.org\/{rel}","templated":true}]}}