{"id":30047,"date":"2025-12-29T21:53:16","date_gmt":"2025-12-29T20:53:16","guid":{"rendered":"https:\/\/insideamateurfussball-ffm.de\/?p=30047"},"modified":"2025-12-29T21:55:45","modified_gmt":"2025-12-29T20:55:45","slug":"trainerduo-bernstein-coric-folgt-in-harheim-auf-balzer","status":"publish","type":"post","link":"https:\/\/insideamateurfussball-ffm.de\/?p=30047","title":{"rendered":"Trainerduo Bernstein\/Coric folgt in Harheim auf Balzer"},"content":{"rendered":"<h5><span style=\"font-size: 16px;\">Ein auf den ersten Blick \u00fcberraschender Trainerwechsel wird aus der Kreisoberliga Frankfurt vermeldet. Die SG Harheim hat sich zur Winterpause trotz einer Erfolgsserie von sieben ungeschlagenen Pflichtspielen und dem Einzug in das Viertelfinale des Kreispokals von Trainer Christian Balzer getrennt und als Nachfolger das bis 2023 zusammen beim Gruppenligisten Spvgg. 05 Oberrad t\u00e4tige Trainerduo Gabriel Bernstein und Josip Coric verpflichtet.\u00a0<\/span><\/h5>\n<figure id=\"attachment_30048\" aria-describedby=\"caption-attachment-30048\" style=\"width: 652px\" class=\"wp-caption alignleft\"><img loading=\"lazy\" decoding=\"async\" class=\"wp-image-30048\" src=\"http:\/\/insideamateurfussball-ffm.de\/wp-content\/uploads\/2025\/12\/IMG_9125-1024x683.jpg\" alt=\"\" width=\"652\" height=\"435\" srcset=\"https:\/\/insideamateurfussball-ffm.de\/wp-content\/uploads\/2025\/12\/IMG_9125-1024x683.jpg 1024w, https:\/\/insideamateurfussball-ffm.de\/wp-content\/uploads\/2025\/12\/IMG_9125-300x200.jpg 300w, https:\/\/insideamateurfussball-ffm.de\/wp-content\/uploads\/2025\/12\/IMG_9125-768x512.jpg 768w, https:\/\/insideamateurfussball-ffm.de\/wp-content\/uploads\/2025\/12\/IMG_9125-1536x1024.jpg 1536w, https:\/\/insideamateurfussball-ffm.de\/wp-content\/uploads\/2025\/12\/IMG_9125-2048x1365.jpg 2048w\" sizes=\"auto, (max-width: 652px) 100vw, 652px\" \/><figcaption id=\"caption-attachment-30048\" class=\"wp-caption-text\">Das Trainerduo Gabriel Bernstein (links) und Josip Coric (im Vordergrund) im Pokalfinale 2023 gegen Bornheim in Harheim, wo k\u00fcnftig ihre neue Wirkungst\u00e4tte sein wird. Foto: Archiv Andre Sturmeit.<\/figcaption><\/figure>\n<p><img loading=\"lazy\" decoding=\"async\" class=\"alignnone size-full wp-image-284\" src=\"http:\/\/insideamateurfussball-ffm.de\/wp-content\/uploads\/2022\/05\/Harheim.jpg\" alt=\"\" width=\"78\" height=\"80\" \/><\/p>\n<p><span style=\"font-size: 16px;\">Trotz Platz acht zur Winterpause gehen die SG Harheim und Trainer Christian Balzer ab sofort getrennte Wege. Die vom ehemaligen Oberliga-Fu\u00dfballer angek\u00fcndigte &#8222;bahnbrechende&#8220; Mitteilung kam zwar nicht von Balzer selbst, sondern vom Harheimer Spielausschuss-Vorsitzenden Markus G\u00e4rtner.<\/span><\/p>\n<ul>\n<li><strong><span style=\"font-size: 16px;\">Wortgewandter und lautstarker Trainer geht in Harheim\u00a0<\/span><\/strong><\/li>\n<\/ul>\n<p><span style=\"font-size: 16px;\">&#8222;Der Vorstand um Pr\u00e4sident Eike Otten wollte eine Ver\u00e4nderung auf der Trainerposition erwirken. Ich selbst war nicht daf\u00fcr, das schon zum jetzigen Zeitpunkt zu vollziehen und h\u00e4tte damit bis zum Ende der Saison gewartet&#8220;, gab G\u00e4rtner bekannt, der auch sein weiteres Engagement in Harheim nach achtj\u00e4hriger T\u00e4tigkeit in Frage stellte. Balzer hatte das Team vor zwei Jahren zur Winterpause der Saison 2023\/24 auf einem Abstiegsplatz stehend als Nachfolger von Benjamin Becker \u00fcbernommen und den Club aus dem Frankfurter Norden noch auf Rang zehn gef\u00fchrt. In der folgenden Spielzeit 2024\/25 belegte Harheim unter Balzers Regie Rang neun, nun verabschiedet sich der wortgewandte und lautstarke Trainer von seiner zweiten Amtsperiode an der Riedhalsstra\u00dfe auf Rang acht. <\/span><\/p>\n<p><span style=\"font-size: 16px;\">Mit Gabriel Bernstein und Josip Coric kommt nun ein gleichberechtigtes Duo, das beim Gruppenligisten Spvgg. Oberrad in der Saison 2022\/23 zusammenarbeitete und die 05er seinerzeit in das Kreispokal-Finale f\u00fchrte, das gegen Verbandsligist SG Bornheim\/Gr\u00fcn-Wei\u00df verloren wurde. Coric legte nach einer Saison sein Amt an der Beckerwiese aus pers\u00f6nlichen Gr\u00fcnden nieder. Bernstein war noch bis April 2025 in Oberrad t\u00e4tig, ehe die Klubf\u00fchrung ihn offiziell wegen der &#8222;mittelm\u00e4\u00dfigen Platzierungen&#8220; der letzten Spielzeiten (2022\/23 Achter, 2023\/24 Zehnter, 2024\/25 Achter) von seinen Aufgaben vor Saisonende entband.\u00a0<\/span><\/p>\n<p><span style=\"font-size: 16px;\" data-wp-editing=\"1\"><img loading=\"lazy\" decoding=\"async\" class=\"alignnone size-full wp-image-20115\" src=\"http:\/\/insideamateurfussball-ffm.de\/wp-content\/uploads\/2024\/07\/Balzer-Schulz.jpg\" alt=\"\" width=\"999\" height=\"749\" srcset=\"https:\/\/insideamateurfussball-ffm.de\/wp-content\/uploads\/2024\/07\/Balzer-Schulz.jpg 999w, https:\/\/insideamateurfussball-ffm.de\/wp-content\/uploads\/2024\/07\/Balzer-Schulz-300x225.jpg 300w, https:\/\/insideamateurfussball-ffm.de\/wp-content\/uploads\/2024\/07\/Balzer-Schulz-768x576.jpg 768w\" sizes=\"auto, (max-width: 999px) 100vw, 999px\" \/> Nicht mehr Trainer in Harheim: Christian Balzer. Foto: Archiv J\u00f6rg Schulz.\u00a0<\/span><\/p>\n","protected":false},"excerpt":{"rendered":"<p>Ein auf den ersten Blick \u00fcberraschender Trainerwechsel wird aus der Kreisoberliga Frankfurt vermeldet. Die SG Harheim hat sich zur Winterpause trotz einer Erfolgsserie von sieben ungeschlagenen Pflichtspielen und dem Einzug in das Viertelfinale des Kreispokals von Trainer Christian Balzer getrennt und als Nachfolger das bis 2023 zusammen beim Gruppenligisten Spvgg. 05 Oberrad t\u00e4tige Trainerduo Gabriel [&hellip;]<\/p>\n","protected":false},"author":1,"featured_media":30048,"comment_status":"closed","ping_status":"closed","sticky":true,"template":"","format":"standard","meta":{"footnotes":""},"categories":[2],"tags":[],"class_list":["post-30047","post","type-post","status-publish","format-standard","has-post-thumbnail","hentry","category-kreisoberliga-frankfurt"],"_links":{"self":[{"href":"https:\/\/insideamateurfussball-ffm.de\/index.php?rest_route=\/wp\/v2\/posts\/30047","targetHints":{"allow":["GET"]}}],"collection":[{"href":"https:\/\/insideamateurfussball-ffm.de\/index.php?rest_route=\/wp\/v2\/posts"}],"about":[{"href":"https:\/\/insideamateurfussball-ffm.de\/index.php?rest_route=\/wp\/v2\/types\/post"}],"author":[{"embeddable":true,"href":"https:\/\/insideamateurfussball-ffm.de\/index.php?rest_route=\/wp\/v2\/users\/1"}],"replies":[{"embeddable":true,"href":"https:\/\/insideamateurfussball-ffm.de\/index.php?rest_route=%2Fwp%2Fv2%2Fcomments&post=30047"}],"version-history":[{"count":3,"href":"https:\/\/insideamateurfussball-ffm.de\/index.php?rest_route=\/wp\/v2\/posts\/30047\/revisions"}],"predecessor-version":[{"id":30051,"href":"https:\/\/insideamateurfussball-ffm.de\/index.php?rest_route=\/wp\/v2\/posts\/30047\/revisions\/30051"}],"wp:featuredmedia":[{"embeddable":true,"href":"https:\/\/insideamateurfussball-ffm.de\/index.php?rest_route=\/wp\/v2\/media\/30048"}],"wp:attachment":[{"href":"https:\/\/insideamateurfussball-ffm.de\/index.php?rest_route=%2Fwp%2Fv2%2Fmedia&parent=30047"}],"wp:term":[{"taxonomy":"category","embeddable":true,"href":"https:\/\/insideamateurfussball-ffm.de\/index.php?rest_route=%2Fwp%2Fv2%2Fcategories&post=30047"},{"taxonomy":"post_tag","embeddable":true,"href":"https:\/\/insideamateurfussball-ffm.de\/index.php?rest_route=%2Fwp%2Fv2%2Ftags&post=30047"}],"curies":[{"name":"wp","href":"https:\/\/api.w.org\/{rel}","templated":true}]}}