{"id":30031,"date":"2025-12-23T16:00:59","date_gmt":"2025-12-23T15:00:59","guid":{"rendered":"https:\/\/insideamateurfussball-ffm.de\/?p=30031"},"modified":"2025-12-23T16:00:59","modified_gmt":"2025-12-23T15:00:59","slug":"winterfazit-gruppenliga-frankfurt-west","status":"publish","type":"post","link":"https:\/\/insideamateurfussball-ffm.de\/?p=30031","title":{"rendered":"Winterfazit Gruppenliga Frankfurt West"},"content":{"rendered":"<h4>In der Winterpause ziehen wir ein Fazit \u00fcber die bisherige Saison 2025\/26, bevor wir Anfang des neuen Jahres uns die einzelnen Vereine aus dem Frankfurter Raum anschauen, erst einmal ein allgemeiner \u00dcberblick \u00fcber den bisherigen Verlauf in der Gruppenliga Frankfurt West.<\/h4>\n<figure id=\"attachment_26598\" aria-describedby=\"caption-attachment-26598\" style=\"width: 2016px\" class=\"wp-caption alignnone\"><img loading=\"lazy\" decoding=\"async\" class=\"wp-image-26598 size-full\" src=\"http:\/\/insideamateurfussball-ffm.de\/wp-content\/uploads\/2025\/07\/Mannschaftsfoto_Bosnien.jpg\" alt=\"\" width=\"2016\" height=\"1512\" srcset=\"https:\/\/insideamateurfussball-ffm.de\/wp-content\/uploads\/2025\/07\/Mannschaftsfoto_Bosnien.jpg 2016w, https:\/\/insideamateurfussball-ffm.de\/wp-content\/uploads\/2025\/07\/Mannschaftsfoto_Bosnien-300x225.jpg 300w, https:\/\/insideamateurfussball-ffm.de\/wp-content\/uploads\/2025\/07\/Mannschaftsfoto_Bosnien-1024x768.jpg 1024w, https:\/\/insideamateurfussball-ffm.de\/wp-content\/uploads\/2025\/07\/Mannschaftsfoto_Bosnien-768x576.jpg 768w, https:\/\/insideamateurfussball-ffm.de\/wp-content\/uploads\/2025\/07\/Mannschaftsfoto_Bosnien-1536x1152.jpg 1536w\" sizes=\"auto, (max-width: 2016px) 100vw, 2016px\" \/><figcaption id=\"caption-attachment-26598\" class=\"wp-caption-text\">Der SV Bosnien\/Herzegowina marschiert durch die Gruppenliga und steht bereits in der Winterpause vor dem Aufstieg in die Verbandsliga S\u00fcd. Foto: Archiv<\/figcaption><\/figure>\n<h2>Die Lage<\/h2>\n<p>Von den 8 Mannschaften aus dem Frankfurter Gebiet in der Gruppenliga West stehen vier Teams auf den ersten 4 Pl\u00e4tzen. Tabellenf\u00fchrer ist der SV Bosnien\/Herzegowina mit 17 Siegen aus 18 Spielen, bei 12 Punkten Vorsprung und einem Spiel weniger ist es wohl nur eine Frage der Zeit, bis der direkte Aufstieg in die Verbandsliga S\u00fcd perfekt ist. Dahinter tummeln sich, nur durch drei Punkte getrennt, die Spvgg. 05 Oberrad (39 Punkte), die FG Seckbach (37) und die \u00dcberraschungsmannschaft der Saison, der FC Tempo (36).<\/p>\n<p>Mit dem T\u00fcrkischen SV Bad Nauheim (33), dem FC Karben (30) und dem FV Stierstadt (29) blicken noch drei weitere Mannschaften zumindest auf den Relegationsplatz. Die Spvgg. 03 Fechenheim f\u00fchrt mit 24 Punkten das Mittelfeld an, in dem sich auch der FC Kosova (24) befindet, es endet bei Platz 12 mit dem FC Olympia Fauerbach (21), dieser Platz w\u00fcrde bei derzeitiger Konstellation den sicheren Klassenerhalt bedeuten, selbst wenn zwei Mannschaften aus der Verbandsliga S\u00fcd kommen w\u00fcrden.<\/p>\n<p>Im Abstiegskampf befinden sich auch zwei Vertreter aus dem Frankfurter Raum, der VfL Germania 94 steht mit 9 Punkten (nach Abzug von 16 Punkten) auf dem vorletzten Platz vor dem FC Kaichen (7 Punkte). Nur einen Platz besser liegt T\u00fcrkg\u00fcc\u00fc Frankfurt (10), die nach 7 Punkten aus den ersten drei Spielen nur noch drei Punkte aus den folgenden 14 Spielen holten und zuletzt elfmal hintereinander als Verlierer vom Platz gingen. Zu den bedrohten Mannschaften geh\u00f6ren auch noch die Aufsteiger SG Wehrheim\/Pfaffenwiesbach (13 Punkte) und die FSG Burg-Gr\u00e4fenrode (11).<\/p>\n<h3>Torsch\u00fctzen<\/h3>\n<p>Die Torsch\u00fctzenliste wird angef\u00fchrt von Almir Derdemez vom SV Bosnien\/Herzegowina, der nach 18 Spielen bereits 26mal getroffen hat. Es folgen Ozan Keskin vom T\u00fcrkischen SV Bad Nauheim (18), Florian Schuberth von der FG Seckbach (17), Yassin Chaouki von der Spvgg. 03 Fechenheim (16) und Ersan Rovcanin von der Spvgg. 05 Oberrad (15.)<\/p>\n<h3>Fairnesstabelle<\/h3>\n<p>Die Fairnesstabelle wird mit gro\u00dfem Vorsprung vom FSV Friedrichsdorf angef\u00fchrt, mit der FG Seckbach folgt zumindest eine der Frankfurter Mannschaften. Am Tabellenende befinden sich der FC Kosova nach 11 roten und 50 gelben Karten und der VfL Germania 94 mit 10 roten Karten und 66 gelben Karten, die wenigsten gelben Karten verzeichnet die SG Wehrheim\/Pfaffenwiesbach mit 27.<\/p>\n<h3>Auff\u00e4llige Ergebnisse<\/h3>\n<p>Das torreichste Spiel lieferten sich der SV Olympia Fauerbach und die Spvgg. 03 Fechenheim mit einem 7:7, bemerkenswert, dass die Fechenheimer sehr oft an torreichen Spielen beteiligt waren wie beim 3:7 gegen die Spvgg. 05 Oberrad, beim 7:4 beim FC Kosova, beim 4:5 bei der FG Seckbach und beim 4.4 beim FC Kaichen. Die Spvgg. 05 Oberrad begann die Saison mit drei Siegen und jeweils 7 geschossenen Toren, nach dem Auftakt in Fechenheim folgten ein 7:1 gegen den VfL Germania 94 und ein 7:2 beim SV Olympia Fauerbach.<\/p>\n<p>Hohe Siege feierten auch der der T\u00fcrkische SV Bad Nauheim beim 8.2 gegen den FC Tempo und dem 6:0 bei der FSG Burg-Gr\u00e4fenrode, die FG Seckbach beim 7:0 gegen den FC Kaichen und der FC Tempo beim 7:0 gegen Wehrheim.<\/p>\n<h3>Beste Abwehr und bester Sturm<\/h3>\n<p>Den besten Sturm verzeichnet der Tabellenf\u00fchrer SV Bosnien\/Herzegowina mit 68 Toren, dahinter folgt aber schon gleich die Spvgg. Fechenheim, die bereits 62mal getroffen hat. Aber die Fechenheimer verzeichnen mit 66 Toren auch die meisten Gegentore, hochgerechnet auf die gesamte Saison w\u00fcrde das jetzige Torverh\u00e4ltnis von 62:66 am Ende der Saison auf zwei dreistellige Ergebnisse schlie\u00dfen lassen. Danach folgt der FC Kaichen mit 52 Gegentoren.<\/p>\n<p>Auch die beste Abwehr mit 22 Gegentoren stellt der Tabellenf\u00fchrer SV Bosnien\/Herzegowina, gefolgt vom FC Tempo und dem T\u00fcrkischen SV Bad Nauheim mit 23 kassierten Toren.<\/p>\n<h3>Aussichten<\/h3>\n<p>In der Meisterschaft stellt sich nur due Frage, wann der SV Bosnien\/Herzegowina den Aufstieg in die Verbandsliga S\u00fcd klarmachen wird, danach folgt ein Kampf um den Relegationsplatz, in dem mit Oberrad, Seckbach und dem FC Tempo auch drei Mannschaften aus dem Frankfurter Gebiet gute Chancen haben.<\/p>\n<p>Im Abstiegskampf machen f\u00fcnf Mannschaften die bis zu 4 m\u00f6glichen direkten Absteiger und den Relegationsplatz unter sich aus, sollten sowohl Kalbach und auch Neu-Anspach aus der Verbandsliga absteigen. Darunter auch der VfL Germania 94, der ohne die 16 Minuspunkte auf Platz 8 der Tabelle stehen w\u00fcrde, und T\u00fcrkg\u00fcc\u00fc Frankfurt, die mit Artug \u00d6zbakir einen neuen Trainer pr\u00e4sentierten und mit einigen Neuzug\u00e4ngen versuchen werden, den Abstieg noch zu verhindern.<\/p>\n","protected":false},"excerpt":{"rendered":"<p>In der Winterpause ziehen wir ein Fazit \u00fcber die bisherige Saison 2025\/26, bevor wir Anfang des neuen Jahres uns die einzelnen Vereine aus dem Frankfurter Raum anschauen, erst einmal ein allgemeiner \u00dcberblick \u00fcber den bisherigen Verlauf in der Gruppenliga Frankfurt West. Die Lage Von den 8 Mannschaften aus dem Frankfurter Gebiet in der Gruppenliga West [&hellip;]<\/p>\n","protected":false},"author":3,"featured_media":26598,"comment_status":"closed","ping_status":"open","sticky":true,"template":"","format":"standard","meta":{"footnotes":""},"categories":[13],"tags":[],"class_list":["post-30031","post","type-post","status-publish","format-standard","has-post-thumbnail","hentry","category-gruppenliga-frankfurt-west"],"_links":{"self":[{"href":"https:\/\/insideamateurfussball-ffm.de\/index.php?rest_route=\/wp\/v2\/posts\/30031","targetHints":{"allow":["GET"]}}],"collection":[{"href":"https:\/\/insideamateurfussball-ffm.de\/index.php?rest_route=\/wp\/v2\/posts"}],"about":[{"href":"https:\/\/insideamateurfussball-ffm.de\/index.php?rest_route=\/wp\/v2\/types\/post"}],"author":[{"embeddable":true,"href":"https:\/\/insideamateurfussball-ffm.de\/index.php?rest_route=\/wp\/v2\/users\/3"}],"replies":[{"embeddable":true,"href":"https:\/\/insideamateurfussball-ffm.de\/index.php?rest_route=%2Fwp%2Fv2%2Fcomments&post=30031"}],"version-history":[{"count":2,"href":"https:\/\/insideamateurfussball-ffm.de\/index.php?rest_route=\/wp\/v2\/posts\/30031\/revisions"}],"predecessor-version":[{"id":30033,"href":"https:\/\/insideamateurfussball-ffm.de\/index.php?rest_route=\/wp\/v2\/posts\/30031\/revisions\/30033"}],"wp:featuredmedia":[{"embeddable":true,"href":"https:\/\/insideamateurfussball-ffm.de\/index.php?rest_route=\/wp\/v2\/media\/26598"}],"wp:attachment":[{"href":"https:\/\/insideamateurfussball-ffm.de\/index.php?rest_route=%2Fwp%2Fv2%2Fmedia&parent=30031"}],"wp:term":[{"taxonomy":"category","embeddable":true,"href":"https:\/\/insideamateurfussball-ffm.de\/index.php?rest_route=%2Fwp%2Fv2%2Fcategories&post=30031"},{"taxonomy":"post_tag","embeddable":true,"href":"https:\/\/insideamateurfussball-ffm.de\/index.php?rest_route=%2Fwp%2Fv2%2Ftags&post=30031"}],"curies":[{"name":"wp","href":"https:\/\/api.w.org\/{rel}","templated":true}]}}