{"id":30012,"date":"2025-12-18T19:33:57","date_gmt":"2025-12-18T18:33:57","guid":{"rendered":"https:\/\/insideamateurfussball-ffm.de\/?p=30012"},"modified":"2025-12-18T19:36:10","modified_gmt":"2025-12-18T18:36:10","slug":"fc-posavina-wieder-in-torlaune","status":"publish","type":"post","link":"https:\/\/insideamateurfussball-ffm.de\/?p=30012","title":{"rendered":"FC Posavina wieder in Torlaune"},"content":{"rendered":"<h5><span style=\"font-size: 16px;\">Nachdem der FC Posavina am 2. November mit dem 3:2 \u00fcber den SV 07 Heddernheim die Tabellenspitze erklomm, folgten schwere Wochen f\u00fcr die Riederw\u00e4lder Kroaten. Es folgten drei Liga-Niederlagen und das Pokalaus bei A-Ligist TuS Nieder-Eschbach, dazu war Posavina gleich zweimal spielfrei. Trotz Personalsorgen gelang aber zum Jahresabschluss ein 6:0-Kantersieg bei Abstiegskandidat GSU Hellas, damit wurden die 30 Punkte voll gemacht.\u00a0<\/span><\/h5>\n<figure id=\"attachment_30013\" aria-describedby=\"caption-attachment-30013\" style=\"width: 150px\" class=\"wp-caption alignleft\"><img loading=\"lazy\" decoding=\"async\" class=\"wp-image-30013 size-thumbnail\" src=\"http:\/\/insideamateurfussball-ffm.de\/wp-content\/uploads\/2025\/12\/conc-pos12-1-150x150.jpg\" alt=\"\" width=\"150\" height=\"150\" \/><figcaption id=\"caption-attachment-30013\" class=\"wp-caption-text\">Posavina war zum Jahresabschluss in Torlaune. Foto: Archiv Mithat G\u00fcrser.<\/figcaption><\/figure>\n<h5><span style=\"font-size: 16px;\">GSU Hellas &#8211; FC Posavina 0:6 (0:3)<\/span><\/h5>\n<p><img loading=\"lazy\" decoding=\"async\" class=\"alignnone size-full wp-image-17152\" src=\"http:\/\/insideamateurfussball-ffm.de\/wp-content\/uploads\/2024\/03\/GSU-Hellas.png\" alt=\"\" width=\"80\" height=\"80\" \/><img loading=\"lazy\" decoding=\"async\" class=\"alignnone size-full wp-image-22\" src=\"http:\/\/insideamateurfussball-ffm.de\/wp-content\/uploads\/2021\/11\/posavina.jpg\" alt=\"\" width=\"63\" height=\"80\" \/><\/p>\n<p><span style=\"font-size: 16px;\">In der A-Klasse-Saison 2023\/24 hatten beide Vereine Bekanntschaft gemacht (0:2\/0:0), davor war man sich 16 Jahre (seit der Saison 2007\/08) nicht begegnet. F\u00fcr Aufsteiger GSU Hellas endete der erste Saisonabschnitt mit einer hohen Heimniederlage. &#8222;Posavina war in allen Belangen besser&#8220;, konstatierte der Sportliche Leiter Theo Vassiliou. Die G\u00e4ste, die ohne Trainer Danijel Koturic (Geburtstag) auftraten, der vom Pr\u00e4sidenten Nenad Perisic vertreten wurde, mussten ohne die verletzten Djuki\u0107, Arlovi\u0107, Vu\u010dkovi\u0107 und Juri\u0107 das Spiel bestreiten w\u00e4hrend Okan Tastan und Jounis Mharzi trotz Verletzung gespielt haben. <\/span><\/p>\n<p><span style=\"font-size: 16px;\">&#8222;Bei Mili\u0107evi\u0107 und Filipovi\u0107 wissen wir noch nicht, wie lange die Sperren aus dem Pokal dauern und wann sie wieder einsatzbereit sein werden \u2013 wir hoffen auf eine baldige R\u00fcckkehr&#8220;, schrieb Posavina auf ihren offiziellen Social-Media-Kan\u00e4len. &#8222;Die Mannschaft zeigte gro\u00dfen Charakter&#8220;, schrieb Pressesprecher Ante Pejic. Der vierfache Torsch\u00fctze Manir Can Karasu (11.\/39.\/52.\/55.) stach aus einer geschlossenen Mannschaftsleitung heraus. Au\u00dferdem trugen sich Filip Tomic (27.) und Ivan Wessel (48.) in die Torsch\u00fctzenliste ein. &#8222;Nach dem 6:0 hat Posavina ein paar G\u00e4nge zur\u00fcckgeschaltet. Bei uns ist die Hoffnung aber noch da. Wir m\u00fcssen uns aber zusammenraufen und schauen, wen wir holen k\u00f6nnen. Es sind noch 13 Spiele und der Klassenerhalt noch machbar&#8220;, gab Vassiliou Durchhalteparolen aus.<\/span><\/p>\n<ul>\n<li><strong><span style=\"font-size: 16px;\">R\u00fcckspiel schon am 14. Februar\u00a0<\/span><\/strong><\/li>\n<\/ul>\n<p><span style=\"font-size: 16px;\">Ob die Zusammenarbeit mit dem erst im Oktober verpflichteten Trainer Miroslav Lukacic fortgesetzt wird, der sich in den letzten beiden Spielen bereits im Urlaub befand, stehe unterdessen nicht fest. &#8222;Es muss Gespr\u00e4che geben, ob und wie es weitergeht, da die Vereinbarung zun\u00e4chst bis zur Winterpause galt&#8220;, erl\u00e4utert Vassiliou. Mit nur elf Punkten steht die GSU Hellas als Vorletzter in der Abstiegszone, bei drei Direktabsteigern betr\u00e4gt der R\u00fcckstand zum Relegationsplatz 14 schon satte neun Z\u00e4hler. In den meisten Begegnungen blieb die Mannschaft ihre Ligatauglichkeit schuldig, mit 70 Gegentoren weist GSU Hellas die meisten Gegentore auf. <\/span><\/p>\n<p><span style=\"font-size: 16px;\">Nach der Winterpause trifft man erneut auf den Rangsechsten Posavina, dann aber am 14. Februar auf den Riederwaldwiesen. Ein Lob von beiden Teams erhielt der souver\u00e4n leitende Schiedsrichter Tim Wiesner, der um 12.30 Uhr in der B-Klasse noch ein Spiel als aktiver Spieler f\u00fcr die Reserve des SV 07 Heddernheim beim FC Germania Ginnheim bestritt (1:0 f\u00fcr Ginnheim II). Der Hessenliga-Schiedsrichter fuhr dann nach Niederrad, wo die Kreisoberliga-Begegnung an der Hahnstra\u00dfe erst um 16 Uhr angesetzt war.\u00a0<\/span><\/p>\n<ul>\n<li><strong><span style=\"font-size: 16px;\">Schiedsrichter: Tim Wiesner (SV 07 Heddernheim).\u00a0<\/span><\/strong><\/li>\n<li><strong><span style=\"font-size: 16px;\">Zuschauer: 30.\u00a0<\/span><\/strong><\/li>\n<li><strong><span style=\"font-size: 16px;\">Tore: 0:1 Manir Can Karasu (11.), 0:2 Filip Tomic (27.), 0:3 Manir Can Karasu (39.), 0:4 Ivan Wessel (48.), 0:5, 0:6 Manir Can Karasu (55.).<\/span><\/strong><\/li>\n<\/ul>\n","protected":false},"excerpt":{"rendered":"<p>Nachdem der FC Posavina am 2. November mit dem 3:2 \u00fcber den SV 07 Heddernheim die Tabellenspitze erklomm, folgten schwere Wochen f\u00fcr die Riederw\u00e4lder Kroaten. Es folgten drei Liga-Niederlagen und das Pokalaus bei A-Ligist TuS Nieder-Eschbach, dazu war Posavina gleich zweimal spielfrei. Trotz Personalsorgen gelang aber zum Jahresabschluss ein 6:0-Kantersieg bei Abstiegskandidat GSU Hellas, damit [&hellip;]<\/p>\n","protected":false},"author":1,"featured_media":30013,"comment_status":"closed","ping_status":"closed","sticky":true,"template":"","format":"standard","meta":{"footnotes":""},"categories":[2],"tags":[],"class_list":["post-30012","post","type-post","status-publish","format-standard","has-post-thumbnail","hentry","category-kreisoberliga-frankfurt"],"_links":{"self":[{"href":"https:\/\/insideamateurfussball-ffm.de\/index.php?rest_route=\/wp\/v2\/posts\/30012","targetHints":{"allow":["GET"]}}],"collection":[{"href":"https:\/\/insideamateurfussball-ffm.de\/index.php?rest_route=\/wp\/v2\/posts"}],"about":[{"href":"https:\/\/insideamateurfussball-ffm.de\/index.php?rest_route=\/wp\/v2\/types\/post"}],"author":[{"embeddable":true,"href":"https:\/\/insideamateurfussball-ffm.de\/index.php?rest_route=\/wp\/v2\/users\/1"}],"replies":[{"embeddable":true,"href":"https:\/\/insideamateurfussball-ffm.de\/index.php?rest_route=%2Fwp%2Fv2%2Fcomments&post=30012"}],"version-history":[{"count":3,"href":"https:\/\/insideamateurfussball-ffm.de\/index.php?rest_route=\/wp\/v2\/posts\/30012\/revisions"}],"predecessor-version":[{"id":30016,"href":"https:\/\/insideamateurfussball-ffm.de\/index.php?rest_route=\/wp\/v2\/posts\/30012\/revisions\/30016"}],"wp:featuredmedia":[{"embeddable":true,"href":"https:\/\/insideamateurfussball-ffm.de\/index.php?rest_route=\/wp\/v2\/media\/30013"}],"wp:attachment":[{"href":"https:\/\/insideamateurfussball-ffm.de\/index.php?rest_route=%2Fwp%2Fv2%2Fmedia&parent=30012"}],"wp:term":[{"taxonomy":"category","embeddable":true,"href":"https:\/\/insideamateurfussball-ffm.de\/index.php?rest_route=%2Fwp%2Fv2%2Fcategories&post=30012"},{"taxonomy":"post_tag","embeddable":true,"href":"https:\/\/insideamateurfussball-ffm.de\/index.php?rest_route=%2Fwp%2Fv2%2Ftags&post=30012"}],"curies":[{"name":"wp","href":"https:\/\/api.w.org\/{rel}","templated":true}]}}