{"id":3000,"date":"2022-10-03T04:32:12","date_gmt":"2022-10-03T02:32:12","guid":{"rendered":"http:\/\/insideamateurfussball-ffm.de\/?p=3000"},"modified":"2025-01-09T15:47:26","modified_gmt":"2025-01-09T14:47:26","slug":"tempo-mueht-sich-zu-21-sieg-ueber-schlusslicht","status":"publish","type":"post","link":"https:\/\/insideamateurfussball-ffm.de\/?p=3000","title":{"rendered":"Tempo m\u00fcht sich zu 2:1-Sieg \u00fcber Schlusslicht"},"content":{"rendered":"<h5><span style=\"font-size: 16px;\">Spitzenreiter FC Tempo empfing am Sonntag in der Kreisoberliga Frankfurt Schlusslicht TSG Niederrad und m\u00fchte sich zu einem 2:1 (1:0)-Sieg \u00fcber den weiterhin punktlosen Gruppenliga-Absteiger, der seinen ersten Z\u00e4hlern in der neuen Spielklasse immer n\u00e4her zu kommen scheint.\u00a0<\/span><\/h5>\n<figure id=\"attachment_3001\" aria-describedby=\"caption-attachment-3001\" style=\"width: 312px\" class=\"wp-caption alignnone\"><img loading=\"lazy\" decoding=\"async\" class=\"wp-image-3001\" src=\"http:\/\/insideamateurfussball-ffm.de\/wp-content\/uploads\/2022\/10\/pr-2-300x210.jpg\" alt=\"\" width=\"312\" height=\"218\" \/><figcaption id=\"caption-attachment-3001\" class=\"wp-caption-text\"><strong>Da staunte Tempos Trainer Denis Milanovic nicht schlecht. Fast h\u00e4tte Schlusslicht TSG Niederrad den Meisterschaftsanw\u00e4rter in Verlegenheit gebracht. Foto: Mithat G\u00fcrser.<\/strong><\/figcaption><\/figure>\n<h5><span style=\"font-size: 16px;\">FC Tempo &#8211; TSG Niederrad 2:1 (1:0)<\/span><\/h5>\n<p><img loading=\"lazy\" decoding=\"async\" class=\"alignnone size-full wp-image-31\" src=\"http:\/\/insideamateurfussball-ffm.de\/wp-content\/uploads\/2021\/11\/Tempo.jpg\" alt=\"\" width=\"80\" height=\"80\" \/><img loading=\"lazy\" decoding=\"async\" class=\"alignnone size-full wp-image-343\" src=\"http:\/\/insideamateurfussball-ffm.de\/wp-content\/uploads\/2022\/05\/TSG-Niederrad.jpg\" alt=\"\" width=\"68\" height=\"80\" \/><\/p>\n<p><span style=\"font-size: 16px; color: #999999;\">Wer ein hohes Resultat f\u00fcr die Heimelf erwartete, sah sich get\u00e4uscht. Die TSG-Elf hielt auf dem Kunstrasen erstaunlich gut mit, obwohl mit Murat Karakus erneut ein Feldspieler im Tor stand. Mit lediglich 13 Spielern und Vorstand Hakan Akkoc auf der Bank machte Niederrad den serbischen Fu\u00dfballern das Leben schwer. &#8222;Wir hatten trotzdem sehr viele Chancen gegen einen Gegner, der sehr tief gestaffelt in der eigenen H\u00e4lfte stand. Die TSG Niederrad sah nicht aus wie ein Tabellenletzter&#8220;, erkl\u00e4rte Tempos &#8222;Radiosprecher&#8220; Zoran Marcetic. Die knappe F\u00fchrung durch Nikola Dokovic (27.) zur Pause baute Milos Cvetkovic noch aus (69.). Mehr Tore wollten aber nicht gelingen, stattdessen trafen die flei\u00dfigen Niederr\u00e4der durch Roufael Tesfamicael (89.) und witterten Morgenluft. Mehr als dieses Achtungsergebnis sprang f\u00fcr das Team von Trainer Oguz Akkas aber nicht heraus.\u00a0\u00a0<\/span><\/p>\n<h5><span style=\"font-size: 16px;\">Schiedsrichter: Mohamed El Hassani (Gelnhausen). Zuschauer: 150. <\/span><\/h5>\n<h5><span style=\"font-size: 16px;\">Tore: 1:0 Nikola Dokovic (27.), 2:0 Milos Cvetkovic (69.), 2:1 Roufael Tesfamicael (89.).<\/span><\/h5>\n<p>\u00a0<\/p>\n\n\n<figure class=\"wp-block-gallery has-nested-images columns-default is-cropped wp-block-gallery-1 is-layout-flex wp-block-gallery-is-layout-flex\">\n<figure class=\"wp-block-image size-large is-style-default\"><img decoding=\"async\" data-id=\"3002\" src=\"http:\/\/insideamateurfussball-ffm.de\/wp-content\/uploads\/2022\/10\/tempi-1024x768.jpg\" alt=\"\" class=\"wp-image-3002\"\/><figcaption>150 Zuschauer an der Woogwiese. Foto: FCT.<\/figcaption><\/figure>\n<\/figure>\n\n\n\n<figure class=\"wp-block-image size-large is-style-default\"><img loading=\"lazy\" decoding=\"async\" width=\"1024\" height=\"768\" src=\"http:\/\/insideamateurfussball-ffm.de\/wp-content\/uploads\/2022\/10\/Gulasch-1024x768.jpg\" alt=\"\" class=\"wp-image-3003\" srcset=\"https:\/\/insideamateurfussball-ffm.de\/wp-content\/uploads\/2022\/10\/Gulasch-1024x768.jpg 1024w, https:\/\/insideamateurfussball-ffm.de\/wp-content\/uploads\/2022\/10\/Gulasch-300x225.jpg 300w, https:\/\/insideamateurfussball-ffm.de\/wp-content\/uploads\/2022\/10\/Gulasch-768x576.jpg 768w, https:\/\/insideamateurfussball-ffm.de\/wp-content\/uploads\/2022\/10\/Gulasch-1536x1152.jpg 1536w, https:\/\/insideamateurfussball-ffm.de\/wp-content\/uploads\/2022\/10\/Gulasch.jpg 1600w\" sizes=\"auto, (max-width: 1024px) 100vw, 1024px\" \/><figcaption>Nicht eingerechnet die Gulasch-Freunde hinter dem Platz. Foto: FCT.<\/figcaption><\/figure>\n","protected":false},"excerpt":{"rendered":"<p>Spitzenreiter FC Tempo empfing am Sonntag in der Kreisoberliga Frankfurt Schlusslicht TSG Niederrad und m\u00fchte sich zu einem 2:1 (1:0)-Sieg \u00fcber den weiterhin punktlosen Gruppenliga-Absteiger, der seinen ersten Z\u00e4hlern in der neuen Spielklasse immer n\u00e4her zu kommen scheint.\u00a0 FC Tempo &#8211; TSG Niederrad 2:1 (1:0) Wer ein hohes Resultat f\u00fcr die Heimelf erwartete, sah sich [&hellip;]<\/p>\n","protected":false},"author":1,"featured_media":0,"comment_status":"open","ping_status":"open","sticky":false,"template":"","format":"standard","meta":{"footnotes":""},"categories":[2],"tags":[],"class_list":["post-3000","post","type-post","status-publish","format-standard","hentry","category-kreisoberliga-frankfurt"],"_links":{"self":[{"href":"https:\/\/insideamateurfussball-ffm.de\/index.php?rest_route=\/wp\/v2\/posts\/3000","targetHints":{"allow":["GET"]}}],"collection":[{"href":"https:\/\/insideamateurfussball-ffm.de\/index.php?rest_route=\/wp\/v2\/posts"}],"about":[{"href":"https:\/\/insideamateurfussball-ffm.de\/index.php?rest_route=\/wp\/v2\/types\/post"}],"author":[{"embeddable":true,"href":"https:\/\/insideamateurfussball-ffm.de\/index.php?rest_route=\/wp\/v2\/users\/1"}],"replies":[{"embeddable":true,"href":"https:\/\/insideamateurfussball-ffm.de\/index.php?rest_route=%2Fwp%2Fv2%2Fcomments&post=3000"}],"version-history":[{"count":2,"href":"https:\/\/insideamateurfussball-ffm.de\/index.php?rest_route=\/wp\/v2\/posts\/3000\/revisions"}],"predecessor-version":[{"id":3005,"href":"https:\/\/insideamateurfussball-ffm.de\/index.php?rest_route=\/wp\/v2\/posts\/3000\/revisions\/3005"}],"wp:attachment":[{"href":"https:\/\/insideamateurfussball-ffm.de\/index.php?rest_route=%2Fwp%2Fv2%2Fmedia&parent=3000"}],"wp:term":[{"taxonomy":"category","embeddable":true,"href":"https:\/\/insideamateurfussball-ffm.de\/index.php?rest_route=%2Fwp%2Fv2%2Fcategories&post=3000"},{"taxonomy":"post_tag","embeddable":true,"href":"https:\/\/insideamateurfussball-ffm.de\/index.php?rest_route=%2Fwp%2Fv2%2Ftags&post=3000"}],"curies":[{"name":"wp","href":"https:\/\/api.w.org\/{rel}","templated":true}]}}