{"id":300,"date":"2022-05-19T17:18:38","date_gmt":"2022-05-19T17:18:38","guid":{"rendered":"http:\/\/insideamateurfussball-ffm.de\/?p=300"},"modified":"2024-12-17T12:49:22","modified_gmt":"2024-12-17T10:49:22","slug":"oliver-solarz-naechste-saison-greife-ich-wieder-an","status":"publish","type":"post","link":"https:\/\/insideamateurfussball-ffm.de\/?p=300","title":{"rendered":"Oliver Solarz: &#8222;N\u00e4chste Saison greife ich wieder an&#8220;"},"content":{"rendered":"<h4>Heddernheims Sturmikone Oliver Solarz, mittlerweile auch Co-Trainer von Andreas Berggold, erkl\u00e4rt im Interview, was den Gr\u00fcn-Wei\u00dfen noch zu einem Spitzenteam in der Kreisoberliga fehlt und wann mit dem Ex-Fechenheimer wieder auf dem Platz zu rechnen ist. Mit 14 Toren war der 30-j\u00e4hrige auf einem guten Weg nach seiner langen Verletzungspause, ehe ihn im Kreispokal-Achtelfinale gegen Viktoria Preu\u00dfen erneut eine Verletzung stoppte.<\/h4>\n<h4><img loading=\"lazy\" decoding=\"async\" class=\"alignnone size-medium wp-image-301\" src=\"http:\/\/insideamateurfussball-ffm.de\/wp-content\/uploads\/2022\/05\/Solarz-SG-300x204.jpg\" alt=\"\" width=\"300\" height=\"204\" \/><\/h4>\n<h4><img loading=\"lazy\" decoding=\"async\" class=\"alignnone size-full wp-image-302\" src=\"http:\/\/insideamateurfussball-ffm.de\/wp-content\/uploads\/2022\/05\/1sv07_news2_4511-1.jpg\" alt=\"\" width=\"80\" height=\"80\" \/><\/h4>\n<h4>Du hast den SV Heddernheim im Heimspiel gegen den FV Hausen (2:2) gemeinsam mit Philipp Siegel gecoacht und den privat verhinderten Cheftrainer Andreas Berggold vertreten. Wie lautet dein Fazit zum Spiel?<\/h4>\n<p>Wir haben die Jungs gut eingestimmt und sie haben das angenommen, was wir ihnen taktisch vorgegeben haben. Wir h\u00e4tten unsere Chancen vorne besser machen k\u00f6nnen. Wir hatten zwei, drei Chancen mehr die man machen m\u00fcsste. Wir hatten mehr Spielanteile als Hausen und haben uns am Schluss noch mit dem 2:2 belohnt. Wir h\u00e4tten das Spiel auch gewinnen k\u00f6nnen, mussten aber auch froh sein, nicht das 1:3 zu bekommen. Durch einen Schuss aufs Tor lagen wir sofort hinten, das war bitter.<\/p>\n<h4>Der Schiedsrichter hat die Rote Karte gegen Kapit\u00e4n Willef\u00fchr \u00fcberraschend zur\u00fcckgenommen. Wie hast Du die Situation gesehen?<\/h4>\n<p>Da muss man den Hausener Spieler loben, der sich fair verhalten hat und den Schiedsrichter darauf aufmerksam gemacht hat, dass es keine T\u00e4tlichkeit war. Das machen nur wenige Gegner.<\/p>\n<h4>Heddernheim spielte lange eine \u00fcberragende Saison, mittlerweile ist die Mannschaft von Rang vier auf acht abgefallen. Zuletzt gab es f\u00fcnf Spiele keinen Sieg, aber immerhin drei Unentschieden. Warum jetzt dieser Abw\u00e4rtstrend?<\/h4>\n<p>Das Problem sind die vielen Ausf\u00e4lle, die sich \u00fcber die gesamte Saison angesammelt haben. Dann musst du Spieler bringen, die nicht so oft gespielt haben. Die vielen Verletzten haben uns eine bessere Platzierung gekostet. Dennoch haben wir einen breiten Kader und alle, die unser Trikot tragen, geben immer alles f\u00fcr den Verein und das Publikum.<\/p>\n<h4>Vier Spiele stehen noch aus, der SVH steht bei 52 Punkten. Was ist das Ziel bis Saisonende?<\/h4>\n<p>Wir m\u00f6chten 60 Punkte erreichen und 100 Tore erzielen. Das w\u00e4re ein guter Saisonabschluss.<\/p>\n<h4>Seit dem 20. Februar bist Du au\u00dfer Gefecht. Wann wird Oliver Solarz wieder eingreifen k\u00f6nnen?<\/h4>\n<p>In der neuen Saison werde ich angreifen. Bis dahin werde ich wieder fit sein. Ich trainiere schon wieder voll mit der Mannschaft. Es ist aber noch schwer, denn die Luft fehlt noch etwas. Wenn der Trainer mich die letzten Spiele braucht, dann setze ich mich auf die Bank und gebe der Mannschaft meine Unterst\u00fctzung.<\/p>\n<h4>Die Saison ist an der Br\u00fchlwiese eigentlich erfreulich verlaufen. Im Kreispokal wurde das Finale durch die Halbfinal-Niederlage gegen Rot-Weiss Frankfurt knapp verpasst. Was fehlt noch, um zu einer Spitzenmannschaft zu werden?<\/h4>\n<p>Wir brauchen eine Saison, in der wir kein kontinuierliches Verletzungspech haben. Leider zieht sich das jetzt durch die letzten Jahre seit dem Wiederaufstieg 2018. Dann wird es immer schwieriger, die Stammspieler zu ersetzen. Wir werden die letzten Spiele noch gut bestreiten und die 60 Punkte voll machen.<\/p>\n<h4>2015 kam der junge Oliver Solarz von der Spvgg. Fechenheim nach Heddernheim. H\u00e4ttest Du damals gedacht, dass Du so lange bleibst und Kultstatus erlangst?<\/h4>\n<p>Hier habe ich sofort erkannt, dass ich erw\u00fcnscht bin. Hier habe ich immer Hilfe und Unterst\u00fctzung bekommen. Klaus Schleicher, unser Spielausschuss-Chef, macht alles rund um die Mannschaft. Davon lebt der Verein, der von diesem besonderen Zusammenhalt profitiert. Klar, h\u00e4tte ich woanders hingehen k\u00f6nnen. Aber meine besten Freunde Philipp Siegel und Marcin Czukiewicz spielen noch l\u00e4nger hier als ich. Auch die Neuzug\u00e4nge wie Serdar Birhimeoglu (&#8222;Der B\u00fcffel&#8220;, Anmerkung der Redaktion) oder Sadullah Erkmen, das sind Supertypen. Wir haben eine geile Truppe, die Spa\u00df macht. Auch hinter den Kulissen stimmt es. Unsere Edelfans kommen zu jedem Spiel, auch ausw\u00e4rts. Sie kommen bei jedem Wetter, auch wenn es mal nicht so gut l\u00e4uft. Unsere Heimspiele sind meist gut besucht, diese Identifikation mit unserem Publikum macht uns stark.<\/p>\n<h4>Die Sommerpause ist dieses Jahr sehr kurz. Die neue Saison soll schon am 7. August beginnen. Zu fr\u00fch?<\/h4>\n<p>Das ist schwierig, weil das die klassische Urlaubszeit im August ist. Da kann man es keinem ver\u00fcbeln, der da mal f\u00fcr zwei oder drei Wochen im Ausland ist. Wir m\u00fcssen die Vorbereitung aber nach diesem Starttermin richten und wollen n\u00e4chste Saison wieder oben mitmischen. Wenn alle Leute fit sind, haben wir eine spielstarke Truppe.<\/p>\n<h4>Der Kreispokal wurde von Mannschaft und Publikum sehr gut angenommen. Das ist bei anderen Vereinen nicht immer so. Kann sich die Mannschaft n\u00e4chstes Jahr mit dem gro\u00dfen Finaltraum belohnen?<\/h4>\n<p>F\u00fcr solche Spiele wie 2017, als wir den Hessenligisten Rot-Weiss Frankfurt in der 2. Runde mit 2:1 ausschalteten, spielt man auf diesem Niveau Fu\u00dfball. Oder die 2. Runde dieses Jahr in Ginnheim war von der Stimmung mit 150 Zuschauern sehr sch\u00f6n. Das sind dann andere Gegner als in der Kreisoberliga. Unser Anspruch ist es immer, so weit wie m\u00f6glich zu kommen. Wir standen schon 2017 und 2018 im Viertelfinale, hatten dieses ungl\u00fcckliche Spiel auf dem Hartplatz bei JuZ Fechenheim, als wir ungl\u00fccklich ausschieden. Jetzt waren wir im Halbfinale und da hat man gesehen: 2:2 gegen Verbandsligist Rot-Weiss, Elfmeterschie\u00dfen knapp verloren. Die Jungs und die Leute haben Bock auf den Pokal. Das macht Spa\u00df und ist ein toller Wettbewerb mit einer anderen Atmosph\u00e4re.<\/p>\n<h4><\/h4>\n","protected":false},"excerpt":{"rendered":"<p>Heddernheims Sturmikone Oliver Solarz, mittlerweile auch Co-Trainer von Andreas Berggold, erkl\u00e4rt im Interview, was den Gr\u00fcn-Wei\u00dfen noch zu einem Spitzenteam in der Kreisoberliga fehlt und wann mit dem Ex-Fechenheimer wieder auf dem Platz zu rechnen ist. Mit 14 Toren war der 30-j\u00e4hrige auf einem guten Weg nach seiner langen Verletzungspause, ehe ihn im Kreispokal-Achtelfinale gegen [&hellip;]<\/p>\n","protected":false},"author":1,"featured_media":0,"comment_status":"open","ping_status":"open","sticky":false,"template":"","format":"standard","meta":{"footnotes":""},"categories":[2],"tags":[],"class_list":["post-300","post","type-post","status-publish","format-standard","hentry","category-kreisoberliga-frankfurt"],"_links":{"self":[{"href":"https:\/\/insideamateurfussball-ffm.de\/index.php?rest_route=\/wp\/v2\/posts\/300","targetHints":{"allow":["GET"]}}],"collection":[{"href":"https:\/\/insideamateurfussball-ffm.de\/index.php?rest_route=\/wp\/v2\/posts"}],"about":[{"href":"https:\/\/insideamateurfussball-ffm.de\/index.php?rest_route=\/wp\/v2\/types\/post"}],"author":[{"embeddable":true,"href":"https:\/\/insideamateurfussball-ffm.de\/index.php?rest_route=\/wp\/v2\/users\/1"}],"replies":[{"embeddable":true,"href":"https:\/\/insideamateurfussball-ffm.de\/index.php?rest_route=%2Fwp%2Fv2%2Fcomments&post=300"}],"version-history":[{"count":1,"href":"https:\/\/insideamateurfussball-ffm.de\/index.php?rest_route=\/wp\/v2\/posts\/300\/revisions"}],"predecessor-version":[{"id":303,"href":"https:\/\/insideamateurfussball-ffm.de\/index.php?rest_route=\/wp\/v2\/posts\/300\/revisions\/303"}],"wp:attachment":[{"href":"https:\/\/insideamateurfussball-ffm.de\/index.php?rest_route=%2Fwp%2Fv2%2Fmedia&parent=300"}],"wp:term":[{"taxonomy":"category","embeddable":true,"href":"https:\/\/insideamateurfussball-ffm.de\/index.php?rest_route=%2Fwp%2Fv2%2Fcategories&post=300"},{"taxonomy":"post_tag","embeddable":true,"href":"https:\/\/insideamateurfussball-ffm.de\/index.php?rest_route=%2Fwp%2Fv2%2Ftags&post=300"}],"curies":[{"name":"wp","href":"https:\/\/api.w.org\/{rel}","templated":true}]}}