{"id":29960,"date":"2025-12-15T20:00:14","date_gmt":"2025-12-15T19:00:14","guid":{"rendered":"https:\/\/insideamateurfussball-ffm.de\/?p=29960"},"modified":"2025-12-15T20:00:14","modified_gmt":"2025-12-15T19:00:14","slug":"harheim-geht-als-achter-in-die-winterpause","status":"publish","type":"post","link":"https:\/\/insideamateurfussball-ffm.de\/?p=29960","title":{"rendered":"Harheim geht als Achter in die Winterpause"},"content":{"rendered":"<h4>Der FC Germania Enkheim verlor vor der Winterpause auch das dritte Heimspiel in Folge und geht mit einer Negativserie von nur einem Punkt aus f\u00fcnf Spielen in die zweimonatige Punktspielpause. Gegen die SG Harheim gab es f\u00fcr die Enkheimer wie schon in der Vorwoche eine 0:2-Niederlage. Die G\u00e4ste hingegen haben es geschafft, den November und Dezember ungeschlagen zu \u00fcberstehen. 14 von 18 m\u00f6glichen Punkten wurden geholt, der Lohn ist Rang acht.<\/h4>\n<figure id=\"attachment_29961\" aria-describedby=\"caption-attachment-29961\" style=\"width: 896px\" class=\"wp-caption alignnone\"><img loading=\"lazy\" decoding=\"async\" class=\"wp-image-29961\" src=\"http:\/\/insideamateurfussball-ffm.de\/wp-content\/uploads\/2025\/12\/hedd-harh7-2.jpg\" alt=\"\" width=\"896\" height=\"617\" srcset=\"https:\/\/insideamateurfussball-ffm.de\/wp-content\/uploads\/2025\/12\/hedd-harh7-2.jpg 886w, https:\/\/insideamateurfussball-ffm.de\/wp-content\/uploads\/2025\/12\/hedd-harh7-2-300x207.jpg 300w, https:\/\/insideamateurfussball-ffm.de\/wp-content\/uploads\/2025\/12\/hedd-harh7-2-768x529.jpg 768w\" sizes=\"auto, (max-width: 896px) 100vw, 896px\" \/><figcaption id=\"caption-attachment-29961\" class=\"wp-caption-text\">Harheim ist seit sieben Pflichtspielen unbesiegt. Foto: Archiv Mithat G\u00fcrser.<\/figcaption><\/figure>\n<h4>FC Germania Enkheim &#8211; SG Harheim 0:2 (0:1)<\/h4>\n<p><img loading=\"lazy\" decoding=\"async\" class=\"alignnone size-full wp-image-1537\" src=\"http:\/\/insideamateurfussball-ffm.de\/wp-content\/uploads\/2022\/07\/Enkheim.jpg\" alt=\"\" width=\"63\" height=\"80\" \/><img loading=\"lazy\" decoding=\"async\" class=\"alignnone size-full wp-image-284\" src=\"http:\/\/insideamateurfussball-ffm.de\/wp-content\/uploads\/2022\/05\/Harheim.jpg\" alt=\"\" width=\"78\" height=\"80\" \/><\/p>\n<p>Enkheim hatte laut Trainer Antonio D\u00b4Andrea eine &#8222;gute Anfangsphase mit mehr Spielanteilen, dann jedoch ging Harheim aus der ersten Halbchance in F\u00fchrung.&#8220; Die G\u00e4ste waren durch Nico Wetzel erfolgreich (41.). Nach dem Seitenwechsel seien die Platzherren gut aus der Kabine gekommen und in &#8222;einen \u00fcberfl\u00fcssigen Konter gelaufen&#8220;, den Jonathan Wolf f\u00fcr die Harheimer abschloss (62.).<\/p>\n<p>&#8222;Danach war es ein offener Schlagabtausch. Es gab kein Spielgl\u00fcck f\u00fcr uns, somit ist das eine bittere Niederlage&#8220;, fasste D\u00b4Andrea zusammen, dessen Team auf Rang zw\u00f6lf in die Winterpause geht, nur einen Z\u00e4hler vor dem mutma\u00dflichen Relegationsplatz 14.<\/p>\n<p>Vor dem haben die Harheimer nun satte neun Punkte Vorsprung. Am 14. Februar 2026 treffen beide Teams erneut aufeinander, dann allerdings in Harheim. G\u00e4stecoach Christian Balzer war sehr zufrieden mit der Entwicklung der letzten Wochen: &#8222;Vor allem auch der Fakt, dass wir in der Fairnesstabelle auf Rang drei stehen, erfreut mich sehr. Sportlich gesehen ist es gut gelaufen, auch wenn das Personal nicht immer optimal war. Die Mannschaft ist intakt, das haben wir auch in Enkheim bewiesen, wo wir gut verschoben und die Ordnung behalten haben.&#8220;<\/p>\n<p>Man habe sich auf &#8222;die Defensivarbeit beschr\u00e4nkt und das Ding mit dem \u00fcberragenden Torh\u00fcter Fabian Zscheich runtergespielt&#8220;, sagte Balzer, der f\u00fcr die kommenden Tage eine &#8222;bahnbrechende Nachricht&#8220; ank\u00fcndigte.\u00a0<\/p>\n<p>\u00a0<\/p>\n<blockquote>\n<h4>Schiedsrichter: Sebastian Wiesner (SV Niederursel). Zuschauer: 100.<\/h4>\n<h4>Tore: 0:1 Nico Wetzel (41.), 0:2 Jonathan Wolf (62.).<\/h4>\n<\/blockquote>\n\n\n<figure class=\"wp-block-pullquote\"><blockquote><p><strong>&#8222;Sportlich gesehen ist es gut gelaufen, auch wenn das Personal nicht immer optimal war&#8220; <\/strong><\/p><cite><strong>Harheims Trainer Christian Balzer<\/strong><\/cite><\/blockquote><\/figure>\n","protected":false},"excerpt":{"rendered":"<p>Der FC Germania Enkheim verlor vor der Winterpause auch das dritte Heimspiel in Folge und geht mit einer Negativserie von nur einem Punkt aus f\u00fcnf Spielen in die zweimonatige Punktspielpause. Gegen die SG Harheim gab es f\u00fcr die Enkheimer wie schon in der Vorwoche eine 0:2-Niederlage. Die G\u00e4ste hingegen haben es geschafft, den November und [&hellip;]<\/p>\n","protected":false},"author":1,"featured_media":29961,"comment_status":"closed","ping_status":"closed","sticky":true,"template":"","format":"standard","meta":{"footnotes":""},"categories":[2],"tags":[],"class_list":["post-29960","post","type-post","status-publish","format-standard","has-post-thumbnail","hentry","category-kreisoberliga-frankfurt"],"_links":{"self":[{"href":"https:\/\/insideamateurfussball-ffm.de\/index.php?rest_route=\/wp\/v2\/posts\/29960","targetHints":{"allow":["GET"]}}],"collection":[{"href":"https:\/\/insideamateurfussball-ffm.de\/index.php?rest_route=\/wp\/v2\/posts"}],"about":[{"href":"https:\/\/insideamateurfussball-ffm.de\/index.php?rest_route=\/wp\/v2\/types\/post"}],"author":[{"embeddable":true,"href":"https:\/\/insideamateurfussball-ffm.de\/index.php?rest_route=\/wp\/v2\/users\/1"}],"replies":[{"embeddable":true,"href":"https:\/\/insideamateurfussball-ffm.de\/index.php?rest_route=%2Fwp%2Fv2%2Fcomments&post=29960"}],"version-history":[{"count":2,"href":"https:\/\/insideamateurfussball-ffm.de\/index.php?rest_route=\/wp\/v2\/posts\/29960\/revisions"}],"predecessor-version":[{"id":29963,"href":"https:\/\/insideamateurfussball-ffm.de\/index.php?rest_route=\/wp\/v2\/posts\/29960\/revisions\/29963"}],"wp:featuredmedia":[{"embeddable":true,"href":"https:\/\/insideamateurfussball-ffm.de\/index.php?rest_route=\/wp\/v2\/media\/29961"}],"wp:attachment":[{"href":"https:\/\/insideamateurfussball-ffm.de\/index.php?rest_route=%2Fwp%2Fv2%2Fmedia&parent=29960"}],"wp:term":[{"taxonomy":"category","embeddable":true,"href":"https:\/\/insideamateurfussball-ffm.de\/index.php?rest_route=%2Fwp%2Fv2%2Fcategories&post=29960"},{"taxonomy":"post_tag","embeddable":true,"href":"https:\/\/insideamateurfussball-ffm.de\/index.php?rest_route=%2Fwp%2Fv2%2Ftags&post=29960"}],"curies":[{"name":"wp","href":"https:\/\/api.w.org\/{rel}","templated":true}]}}