{"id":29954,"date":"2025-12-14T20:21:16","date_gmt":"2025-12-14T19:21:16","guid":{"rendered":"https:\/\/insideamateurfussball-ffm.de\/?p=29954"},"modified":"2025-12-14T20:22:22","modified_gmt":"2025-12-14T19:22:22","slug":"eintracht-ii-gewinnt-topspiel-im-dichten-nebel","status":"publish","type":"post","link":"https:\/\/insideamateurfussball-ffm.de\/?p=29954","title":{"rendered":"Eintracht II gewinnt Topspiel im dichten Nebel"},"content":{"rendered":"<h4>Die U21 von Eintracht Frankfurt gewann am Freitagabend das Spitzenspiel in der Hessenliga gegen den FC Eddersheim unter am Ende grenzwertigen Sichtverh\u00e4ltnissen mit dichtem Nebel mit 3:1 (2:0) und zog an der Tabellenspitze mit zehn Punkten Vorsprung vor dem Verfolger davon, der allerdings noch mit zwei Spielen im R\u00fcckstand ist.<\/h4>\n<figure id=\"attachment_29955\" aria-describedby=\"caption-attachment-29955\" style=\"width: 2048px\" class=\"wp-caption alignnone\"><img loading=\"lazy\" decoding=\"async\" class=\"wp-image-29955 size-full\" src=\"http:\/\/insideamateurfussball-ffm.de\/wp-content\/uploads\/2025\/12\/Ein-E.jpg\" alt=\"\" width=\"2048\" height=\"1536\" srcset=\"https:\/\/insideamateurfussball-ffm.de\/wp-content\/uploads\/2025\/12\/Ein-E.jpg 2048w, https:\/\/insideamateurfussball-ffm.de\/wp-content\/uploads\/2025\/12\/Ein-E-300x225.jpg 300w, https:\/\/insideamateurfussball-ffm.de\/wp-content\/uploads\/2025\/12\/Ein-E-1024x768.jpg 1024w, https:\/\/insideamateurfussball-ffm.de\/wp-content\/uploads\/2025\/12\/Ein-E-768x576.jpg 768w, https:\/\/insideamateurfussball-ffm.de\/wp-content\/uploads\/2025\/12\/Ein-E-1536x1152.jpg 1536w\" sizes=\"auto, (max-width: 2048px) 100vw, 2048px\" \/><figcaption id=\"caption-attachment-29955\" class=\"wp-caption-text\">Da konnte man noch halbwegs sehen. Foto: PA.<\/figcaption><\/figure>\n<h4>Eintracht Frankfurt II &#8211; FC Eddersheim 3:1 (2:0)<\/h4>\n<p><img loading=\"lazy\" decoding=\"async\" class=\"alignnone size-full wp-image-836\" src=\"http:\/\/insideamateurfussball-ffm.de\/wp-content\/uploads\/2022\/06\/SGE.jpg\" alt=\"\" width=\"79\" height=\"80\" \/><img loading=\"lazy\" decoding=\"async\" class=\"alignnone size-full wp-image-1485\" src=\"http:\/\/insideamateurfussball-ffm.de\/wp-content\/uploads\/2022\/07\/Eddersh.jpg\" alt=\"\" width=\"71\" height=\"80\" \/><\/p>\n<p>Die Gastgeber erwischten vor der vierstelligen Kulisse im Sportpark Dreieich einen Auftakt nach Ma\u00df. Ein Freisto\u00df von Nico Ochojski von der rechten Seite wurde von Jeremiaha Maluze auf Kapit\u00e4n Benjamin Kirchhoff abgelegt, der zum 1:0 einschob (3.). Die G\u00e4ste versuchten im Gegensatz zu den meisten bisherigen Gastmannschaften am Spiel teilzunehmen, setzten offensiv Akzente und trafen mit einem abgef\u00e4lschten Schuss durch Demyan Imek die Latte (8.). Die Frankfurter kontrollierten aber das Spiel und kamen nach einem Ochojski-Eckball von der linken Seite durch Kaan Inanoglu zum 2:0 (41.).<\/p>\n<p>Die G\u00e4ste aus dem Main-Taunus-Kreis monierten, dass Torh\u00fcter Felix Koob im F\u00fcnfmeterraum angegangen worden sei, der danach wegen Reklamationen die Gelbe Karte sah. Nach dem Seitenwechsel konnten die G\u00e4ste eine Flanke nicht kl\u00e4ren, Sonnenwald legte zu Inanoglu und es hie\u00df 3:0 (56.). Wegen wiederholten Foulspiels wurde der Frankfurter Sonnenwald mit der Gelb-Roten Karte vom Platz gestellt (62.). Eddersheim konnte die \u00dcberzahl nur zum Anschlusstreffer durch Angel Arthee per Kopfball nutzen (67.).<\/p>\n<p>Denn in den letzten 20 Minuten wurden die Sichtverh\u00e4ltnisse immer schlechter. Eddersheim dr\u00fcckte, aber die Eintracht verteidigte auch mit einem Mann weniger konsequent. &#8222;Es sind zwei sehr gute Mannschaften aufeinander getroffen. Es war das erwartet schwere Spiel gegen einen sehr guten Gegner. Das war ein Bilderbuchstart, wir hatten aber auch Phasen, in denen wir hinterherlaufen mussten, da Eddersheim immer wieder R\u00e4ume gefunden hat. Mit Nico Ochojski haben wir einen brutalen Standardsch\u00fctzen, da lassen wir uns jede Woche etwas neues einfallen lassen. Der Platzverweis hat uns weh getan, wir haben das Spiel aber \u00fcberragend nach Hause gebracht&#8220;, analysierte Eintracht-Trainer Dennis Schmitt.<\/p>\n<p>Eddersheims Trainer Carsten Weber meinte: &#8222;Die letzten 15 Minuten habe ich nichts mehr gesehen, aber davor war es bitter, dass wir aus drei Standards die Gegentore bekommen. Die erste halbe Stunde hatten wir gute Passagen, wir haben offensiv viel investiert. Durch die \u00dcberzahl h\u00e4tte das Spiel einen anderen Verlauf nehmen k\u00f6nnen. Da sind war aber nicht mehr in die Abschlusssituationen gekommen.&#8220;<\/p>\n\n\n<figure class=\"wp-block-pullquote\"><blockquote><p><strong>&#8222;Es war das erwartet schwere Spiel gegen einen sehr guten Gegner.&#8220;<\/strong><\/p><cite><strong>Eintracht-Trainer Dennis Schmitt<\/strong><\/cite><\/blockquote><\/figure>\n\n\n<blockquote>\n<h4>Eintracht Frankfurt II: Siljevic; Ochojski, Kirchhoff, Maluze, Doumbia &#8211; Is (68. Boakye Osei), Inanoglu (77. Bauer), W\u00fcnsch, (90. Yildirim), Feny\u00f6 &#8211; Starodid (90.+2 Gaul Souza), Sonnenwald.<\/h4>\n<h4>FC Eddersheim: Koob; Schmitt, Thomasberger (83. Kohlbacher), Finger, Velosa &#8211; Schorr (70. Kraus\/80. Park), Kummer &#8211; Imek (60. L\u00fcders), Kara (60. W\u00fcst), Arthee &#8211; Yilmaz.<\/h4>\n<h4>Schiedsrichter: Patrick Haustein (FC Gro\u00dfen-Buseck). Zuschauer: 1178.<\/h4>\n<h4>Tore: 1:0 Benjamin Kirchhoff (3.), 2:0 Kaan Inanoglu (41.), 3:0 Kaan Inanoglu (56.), 3:1 Angel Arthee (67.).<\/h4>\n<h4>Gelb-Rote Karte: Lukas Sonnenwald (Eintracht Frankfurt II\/62.).<\/h4>\n<\/blockquote>","protected":false},"excerpt":{"rendered":"<p>Die U21 von Eintracht Frankfurt gewann am Freitagabend das Spitzenspiel in der Hessenliga gegen den FC Eddersheim unter am Ende grenzwertigen Sichtverh\u00e4ltnissen mit dichtem Nebel mit 3:1 (2:0) und zog an der Tabellenspitze mit zehn Punkten Vorsprung vor dem Verfolger davon, der allerdings noch mit zwei Spielen im R\u00fcckstand ist. Eintracht Frankfurt II &#8211; FC [&hellip;]<\/p>\n","protected":false},"author":1,"featured_media":29955,"comment_status":"closed","ping_status":"closed","sticky":true,"template":"","format":"standard","meta":{"footnotes":""},"categories":[8],"tags":[],"class_list":["post-29954","post","type-post","status-publish","format-standard","has-post-thumbnail","hentry","category-hessenliga"],"_links":{"self":[{"href":"https:\/\/insideamateurfussball-ffm.de\/index.php?rest_route=\/wp\/v2\/posts\/29954","targetHints":{"allow":["GET"]}}],"collection":[{"href":"https:\/\/insideamateurfussball-ffm.de\/index.php?rest_route=\/wp\/v2\/posts"}],"about":[{"href":"https:\/\/insideamateurfussball-ffm.de\/index.php?rest_route=\/wp\/v2\/types\/post"}],"author":[{"embeddable":true,"href":"https:\/\/insideamateurfussball-ffm.de\/index.php?rest_route=\/wp\/v2\/users\/1"}],"replies":[{"embeddable":true,"href":"https:\/\/insideamateurfussball-ffm.de\/index.php?rest_route=%2Fwp%2Fv2%2Fcomments&post=29954"}],"version-history":[{"count":2,"href":"https:\/\/insideamateurfussball-ffm.de\/index.php?rest_route=\/wp\/v2\/posts\/29954\/revisions"}],"predecessor-version":[{"id":29957,"href":"https:\/\/insideamateurfussball-ffm.de\/index.php?rest_route=\/wp\/v2\/posts\/29954\/revisions\/29957"}],"wp:featuredmedia":[{"embeddable":true,"href":"https:\/\/insideamateurfussball-ffm.de\/index.php?rest_route=\/wp\/v2\/media\/29955"}],"wp:attachment":[{"href":"https:\/\/insideamateurfussball-ffm.de\/index.php?rest_route=%2Fwp%2Fv2%2Fmedia&parent=29954"}],"wp:term":[{"taxonomy":"category","embeddable":true,"href":"https:\/\/insideamateurfussball-ffm.de\/index.php?rest_route=%2Fwp%2Fv2%2Fcategories&post=29954"},{"taxonomy":"post_tag","embeddable":true,"href":"https:\/\/insideamateurfussball-ffm.de\/index.php?rest_route=%2Fwp%2Fv2%2Ftags&post=29954"}],"curies":[{"name":"wp","href":"https:\/\/api.w.org\/{rel}","templated":true}]}}