{"id":29926,"date":"2025-12-10T20:58:24","date_gmt":"2025-12-10T19:58:24","guid":{"rendered":"https:\/\/insideamateurfussball-ffm.de\/?p=29926"},"modified":"2025-12-10T20:59:47","modified_gmt":"2025-12-10T19:59:47","slug":"concordia-musste-in-ginnheim-viel-arbeiten","status":"publish","type":"post","link":"https:\/\/insideamateurfussball-ffm.de\/?p=29926","title":{"rendered":"Concordia musste in Ginnheim viel arbeiten"},"content":{"rendered":"<h4>Aufsteiger FC Germania 08 Ginnheim kam vor dem Kracherspiel am n\u00e4chsten Sonntag gegen Tabellenf\u00fchrer SV 07 Heddernheim gegen Concordia Eschersheim nicht \u00fcber ein 1:1 hinaus, musste mit einem anderen Torwart spielen und wechselte einen weiteren Neuzugang ein.\u00a0<\/h4>\n<figure id=\"attachment_29927\" aria-describedby=\"caption-attachment-29927\" style=\"width: 1030px\" class=\"wp-caption alignnone\"><img loading=\"lazy\" decoding=\"async\" class=\"wp-image-29927\" src=\"http:\/\/insideamateurfussball-ffm.de\/wp-content\/uploads\/2025\/12\/con-croa6-1.jpg\" alt=\"\" width=\"1030\" height=\"755\" srcset=\"https:\/\/insideamateurfussball-ffm.de\/wp-content\/uploads\/2025\/12\/con-croa6-1.jpg 1020w, https:\/\/insideamateurfussball-ffm.de\/wp-content\/uploads\/2025\/12\/con-croa6-1-300x220.jpg 300w, https:\/\/insideamateurfussball-ffm.de\/wp-content\/uploads\/2025\/12\/con-croa6-1-768x563.jpg 768w\" sizes=\"auto, (max-width: 1030px) 100vw, 1030px\" \/><figcaption id=\"caption-attachment-29927\" class=\"wp-caption-text\">Concordia-Trainer Roland Stipp braucht f\u00fcr sein Team eine Pause. Foto: Archiv Mithat G\u00fcrser.<\/figcaption><\/figure>\n<h4>FC Germania 08 Ginnheim &#8211; Concordia Eschersheim 1:1 (0:1)<\/h4>\n<p><img loading=\"lazy\" decoding=\"async\" class=\"alignnone size-full wp-image-3205\" src=\"http:\/\/insideamateurfussball-ffm.de\/wp-content\/uploads\/2022\/10\/Ginnheim.jpg\" alt=\"\" width=\"80\" height=\"80\" \/><img loading=\"lazy\" decoding=\"async\" class=\"alignnone size-full wp-image-37\" src=\"http:\/\/insideamateurfussball-ffm.de\/wp-content\/uploads\/2021\/11\/1sv07_news2_4178_01_01_02.jpg\" alt=\"\" width=\"80\" height=\"80\" \/><\/p>\n<p>Ginnheim musste auf einige Urlauber und Verletzte verzichten. Dazu kugelte sich Torh\u00fcter Alexander Willis beim Warm-up die Schulter aus. Da Ersatzmann Hummel arbeitsbedingt verhindert und angeschlagen war, kam Keeper Joshua Schm\u00f6ckel aus der Zweiten Mannschaft zu seinem KOL-Deb\u00fct und machte ein solides und gutes Spiel. Neuzugang Milod Karim vom FC Kosova kam in der 69. Minute. Concordia Eschersheim ging durch Jona Felix \u00dcffing in F\u00fchrung (10.). Der Concordia-St\u00fcrmer konnte einen zu kurzen R\u00fcckpass des Ginnheimer Innenverteidigers erlaufen, Torh\u00fcter Schm\u00f6ckel umkurven und einschieben.<\/p>\n<p>&#8222;Wir waren \u00fcber 90 Minuten die ballbesitzende und dominantere Mannschaft, kamen nur im letzten Drittel nicht zum Zugriff, da fehlten uns die Ideen. Concordia verteidigte \u00fcber 90 Minuten mit f\u00fcnf Mann in der Defensive, teilweise zu sechst. Der Punkt geht f\u00fcr beide Mannschaften aber in Ordnung&#8220;, sagte Ginnheims Sportlicher Leiter Benjamin von Allw\u00f6rden.<\/p>\n<p>Das 1:1 kurz nach dem Seitenwechsel markierte Ginnheims Kapit\u00e4n Oalid Bouhleboub (52.). Kurz danach zog sich G\u00e4stespieler Joel Rolle bei einem Kopfballduell eine blutende Kopfverletzung zu. Ein Krankenwagen war einige Minuten danach vor Ort, um den Spieler zu behandeln. &#8222;Gute Besserung an den Spieler von Concordia, der mit einer Platzwunde raus musste&#8220;, w\u00fcnschte von Allw\u00f6rden. Concordia-Trainer Roland Stipp fasste das Geschehen so zusammen: &#8222;Wir haben gut angefangen, aber nach der Pause im Mittelfeld nicht mehr wirklich stattgefunden. So hat Ginnheim das Kommando \u00fcbernommen und uns viel arbeiten lassen. Das sah ganz fl\u00fcssig aus, gro\u00df gef\u00e4hrlich waren sie aber auch nicht. Am Ende hatten wir zwei Riesenkonterchancen und h\u00e4tten noch gewinnen k\u00f6nnen, aber so richtig verdient w\u00e4re das nicht gewesen.&#8220;<\/p>\n<p>Beide Teams sind Sonntag noch einmal im Einsatz: Ginnheim im Derby gegen Heddernheim, Concordia beim SV Viktoria Preu\u00dfen. &#8222;Wir brauchen jetzt eine Pause und hoffen auf die R\u00fcckkehr von einer Menge verletzter Spieler im neuen Jahr&#8220;, so Stipps Schlusssatz.<\/p>\n\n\n<figure class=\"wp-block-pullquote\"><blockquote><p><strong>&#8222;Wir haben gut angefangen, aber nach der Pause im Mittelfeld nicht mehr wirklich stattgefunden.&#8220;<\/strong><\/p><cite>Concordia-Trainer Roland Stipp<\/cite><\/blockquote><\/figure>\n\n\n<blockquote>\n<h4>Schiedsrichter: Goran Culjak (FSV Frankfurt). Zuschauer: 95.<\/h4>\n<h4>Tore: 0:1 Jona Felix \u00dcffing (10.), 1:1 Oualid Boulehboub (52.).\u00a0<\/h4>\n<\/blockquote>","protected":false},"excerpt":{"rendered":"<p>Aufsteiger FC Germania 08 Ginnheim kam vor dem Kracherspiel am n\u00e4chsten Sonntag gegen Tabellenf\u00fchrer SV 07 Heddernheim gegen Concordia Eschersheim nicht \u00fcber ein 1:1 hinaus, musste mit einem anderen Torwart spielen und wechselte einen weiteren Neuzugang ein.\u00a0 FC Germania 08 Ginnheim &#8211; Concordia Eschersheim 1:1 (0:1) Ginnheim musste auf einige Urlauber und Verletzte verzichten. Dazu [&hellip;]<\/p>\n","protected":false},"author":1,"featured_media":29927,"comment_status":"closed","ping_status":"closed","sticky":true,"template":"","format":"standard","meta":{"footnotes":""},"categories":[2],"tags":[],"class_list":["post-29926","post","type-post","status-publish","format-standard","has-post-thumbnail","hentry","category-kreisoberliga-frankfurt"],"_links":{"self":[{"href":"https:\/\/insideamateurfussball-ffm.de\/index.php?rest_route=\/wp\/v2\/posts\/29926","targetHints":{"allow":["GET"]}}],"collection":[{"href":"https:\/\/insideamateurfussball-ffm.de\/index.php?rest_route=\/wp\/v2\/posts"}],"about":[{"href":"https:\/\/insideamateurfussball-ffm.de\/index.php?rest_route=\/wp\/v2\/types\/post"}],"author":[{"embeddable":true,"href":"https:\/\/insideamateurfussball-ffm.de\/index.php?rest_route=\/wp\/v2\/users\/1"}],"replies":[{"embeddable":true,"href":"https:\/\/insideamateurfussball-ffm.de\/index.php?rest_route=%2Fwp%2Fv2%2Fcomments&post=29926"}],"version-history":[{"count":2,"href":"https:\/\/insideamateurfussball-ffm.de\/index.php?rest_route=\/wp\/v2\/posts\/29926\/revisions"}],"predecessor-version":[{"id":29929,"href":"https:\/\/insideamateurfussball-ffm.de\/index.php?rest_route=\/wp\/v2\/posts\/29926\/revisions\/29929"}],"wp:featuredmedia":[{"embeddable":true,"href":"https:\/\/insideamateurfussball-ffm.de\/index.php?rest_route=\/wp\/v2\/media\/29927"}],"wp:attachment":[{"href":"https:\/\/insideamateurfussball-ffm.de\/index.php?rest_route=%2Fwp%2Fv2%2Fmedia&parent=29926"}],"wp:term":[{"taxonomy":"category","embeddable":true,"href":"https:\/\/insideamateurfussball-ffm.de\/index.php?rest_route=%2Fwp%2Fv2%2Fcategories&post=29926"},{"taxonomy":"post_tag","embeddable":true,"href":"https:\/\/insideamateurfussball-ffm.de\/index.php?rest_route=%2Fwp%2Fv2%2Ftags&post=29926"}],"curies":[{"name":"wp","href":"https:\/\/api.w.org\/{rel}","templated":true}]}}