{"id":29896,"date":"2025-12-10T18:49:26","date_gmt":"2025-12-10T17:49:26","guid":{"rendered":"https:\/\/insideamateurfussball-ffm.de\/?p=29896"},"modified":"2025-12-10T18:50:39","modified_gmt":"2025-12-10T17:50:39","slug":"roedelheim-nach-drittem-sieg-in-folge-achter","status":"publish","type":"post","link":"https:\/\/insideamateurfussball-ffm.de\/?p=29896","title":{"rendered":"R\u00f6delheim: Nach drittem Sieg in Folge Achter"},"content":{"rendered":"<h4>W\u00e4hrend der FC Croatia unter der Regie von Trainer Jorge Huberman die vierte Niederlage in Folge kassierte und sich durch das 2:4 gegen den R\u00f6delheimer FC weiter auf dem absteigenden Ast befindet, setzten die R\u00f6delheimer mit dem dritten Sieg in Folge ihren Aufw\u00e4rtstrend fort und setzten sich ins Mittelfeld des Klassements auf Rang acht ab.\u00a0<\/h4>\n<figure id=\"attachment_29897\" aria-describedby=\"caption-attachment-29897\" style=\"width: 601px\" class=\"wp-caption alignnone\"><img loading=\"lazy\" decoding=\"async\" class=\"wp-image-29897\" src=\"http:\/\/insideamateurfussball-ffm.de\/wp-content\/uploads\/2025\/12\/croa-roedelh4.jpg\" alt=\"\" width=\"601\" height=\"434\" srcset=\"https:\/\/insideamateurfussball-ffm.de\/wp-content\/uploads\/2025\/12\/croa-roedelh4.jpg 591w, https:\/\/insideamateurfussball-ffm.de\/wp-content\/uploads\/2025\/12\/croa-roedelh4-300x217.jpg 300w\" sizes=\"auto, (max-width: 601px) 100vw, 601px\" \/><figcaption id=\"caption-attachment-29897\" class=\"wp-caption-text\">Der R\u00f6delheimer FC ist gut in Fotm. Foto: Mithat G\u00fcrser.<\/figcaption><\/figure>\n<h4>FC Croatia &#8211; 1. R\u00f6delheimer FC 02 2:4 (2:3)<\/h4>\n<p><img loading=\"lazy\" decoding=\"async\" class=\"alignnone size-full wp-image-29\" src=\"http:\/\/insideamateurfussball-ffm.de\/wp-content\/uploads\/2021\/11\/croatia.jpg\" alt=\"\" width=\"63\" height=\"80\" \/><img loading=\"lazy\" decoding=\"async\" class=\"alignnone size-full wp-image-333\" src=\"http:\/\/insideamateurfussball-ffm.de\/wp-content\/uploads\/2022\/05\/Roedelheim.jpg\" alt=\"\" width=\"80\" height=\"73\" \/><\/p>\n<p>5:13 Tore, null Punkte &#8211; so lautet die Zwischenbilanz von Huberman seit der Amst\u00fcbernahme am Alexander-Riese-Weg. Gegen R\u00f6delheim standen nur 13 Fu\u00dfballer zur Verf\u00fcgung, der Coach wechselte nur einen der Ersatzspieler ein. Die Fortsetzung der Negativserie und nur noch ein Punkt Vorsprung auf den derzeitigen Relegationsplatz 14, so sieht die derzeitige Lage aus. Pressesprecher Stanislav Konta hatte nur ein knappes Fazit parat: &#8222;Wir waren nicht gut und haben viel zu viele Fehler gemacht. R\u00f6delheim hat verdient gewonnen.&#8220;\u00a0 RFC-Sprecher Volker Flauaus hatte hingegen &#8222;eine Sahneleistung \u00fcber die gesamte Spielzeit registriert. &#8222;Technisch und l\u00e4uferisch stark, pr\u00e4zise Abspiele, konsequentes Abwehrverhalten und Durchsetzungsverm\u00f6gen zeichneten den Club an diesem Tag aus.&#8220;<\/p>\n<p>Es entwickelte sich in der ersten Halbzeit ein sehr gutes KOL-Spiel beider Seiten mit vielen Torraumszenen. Highlights waren die beiden ersten Tore, die F\u00fchrung des Club in der 6. Minute resultierte aus einer famosen Einzelleistung von Marc Nopp, der von der Mittellinie aus f\u00fcnf Gegenspieler ausspielte und dann noch \u00fcberlegt \u00fcber den herausst\u00fcrzenden Torh\u00fcter Antonio Galic ins Netz hob. Der Ausgleich durch Ante Strljic in der 17. Minute fiel durch einen Weitschuss von der Mittellinie aus, er sah, dass RFC-Torwart Theo Wedel zu weit vor seinem Tor stand und versuchte es mit strammen Schuss. Der Keeper lief etwas zur\u00fcck, der Ball kam direkt auf ihn zu und er lie\u00df ihn zum Erschrecken der R\u00f6delheimer Fans durch die Finger gleiten, so dass er ins Netz trudelte.<\/p>\n<blockquote>\n<h4>Club beherrschte das Spiel sicher<\/h4>\n<\/blockquote>\n<p>Der Club lie\u00df sich davon nicht beirren, spielte weiter mit klaren P\u00e4ssen nach vorne und wurde durch einen wuchtigen Schuss von Ertap Turgut von der Strafraumgrenze aus in den Winkel zur 2:1 F\u00fchrung belohnt (26.). Weitere gute Chancen durch Adam Zazoua, Niklas Vogt und Ali Osman wurden nicht genutzt und die Hausherren nutzten ihre zweite gro\u00dfe Chance in der 40. Minute durch Tomislav Zecevic zum abermaligen Ausgleich (39.). Doch wiederum hatte der Club die richtige Antwort, fast mit dem Halbzeitpfiff steckte Ertap Turgut geschickt zu Ali Osman durch, dieser flankte scharf in die Mitte und der am zweiten Pfosten lauernde Jakob Nobbe vollendete zur 3:2-F\u00fchrung (44.).<\/p>\n<p>In der zweiten Halbzeit hatte Croatia nicht eine Torchance, der Club beherrschte das Spiel sicher, kombinierte klug von hinten raus und erspielte sich gegen konditionell stark nachlassende Gastgeber eine Chance nach der anderen. Doch Adam Zazoua, Ali Osman und Tilmann Striet schafften es nicht, aus k\u00fcrzesten Entfernungen den Ball \u00fcber die Torlinie zu bringen, allein Adam Zazoua behielt in der 68. Minute nach einem Eckball die \u00dcbersicht und vollendete zum 4:2- Endstand. Im letzten Spiel des Jahres geht es f\u00fcr Croatia am Sonntag gegen den FC Gudesding, die R\u00f6delheimer sind beim FFV Sportfreunde zu Gast.\u00a0<\/p>\n<blockquote>\n<h4>Schiedsrichter: Frank Lezius (TSG Wehrheim). Zuschauer: 50.<\/h4>\n<h4>Tore: 0:1 Marc Nopp (6.), 1:1 Ante Strljic (17.), 1:2 Ertap Turgut (26.), 2:2 Tomislav Zecevic (39.), 2:3 Jakob Nobbe (44.), 2:4 Adam Zazoua (68.).<\/h4>\n<h4>Bildergalerie: Mithat G\u00fcrser hat die Impressionen eingesammelt.\u00a0 \u00a0<\/h4>\n<\/blockquote>\n\n\n<figure class=\"wp-block-image size-full\"><img loading=\"lazy\" decoding=\"async\" width=\"924\" height=\"691\" src=\"https:\/\/insideamateurfussball-ffm.de\/wp-content\/uploads\/2025\/12\/croa-roedelh8.jpg\" alt=\"\" class=\"wp-image-29898\" srcset=\"https:\/\/insideamateurfussball-ffm.de\/wp-content\/uploads\/2025\/12\/croa-roedelh8.jpg 924w, https:\/\/insideamateurfussball-ffm.de\/wp-content\/uploads\/2025\/12\/croa-roedelh8-300x224.jpg 300w, https:\/\/insideamateurfussball-ffm.de\/wp-content\/uploads\/2025\/12\/croa-roedelh8-768x574.jpg 768w\" sizes=\"auto, (max-width: 924px) 100vw, 924px\" \/><\/figure>\n\n\n\n<figure class=\"wp-block-gallery has-nested-images columns-default is-cropped wp-block-gallery-1 is-layout-flex wp-block-gallery-is-layout-flex\">\n<figure class=\"wp-block-image size-large\"><img loading=\"lazy\" decoding=\"async\" width=\"591\" height=\"436\" data-id=\"29899\" src=\"https:\/\/insideamateurfussball-ffm.de\/wp-content\/uploads\/2025\/12\/croa-roedelh11.jpg\" alt=\"\" class=\"wp-image-29899\" srcset=\"https:\/\/insideamateurfussball-ffm.de\/wp-content\/uploads\/2025\/12\/croa-roedelh11.jpg 591w, https:\/\/insideamateurfussball-ffm.de\/wp-content\/uploads\/2025\/12\/croa-roedelh11-300x221.jpg 300w\" sizes=\"auto, (max-width: 591px) 100vw, 591px\" \/><\/figure>\n<\/figure>\n\n\n\n<figure class=\"wp-block-gallery has-nested-images columns-default is-cropped wp-block-gallery-2 is-layout-flex wp-block-gallery-is-layout-flex\">\n<figure class=\"wp-block-image size-large\"><img loading=\"lazy\" decoding=\"async\" width=\"1024\" height=\"680\" data-id=\"29900\" src=\"https:\/\/insideamateurfussball-ffm.de\/wp-content\/uploads\/2025\/12\/croa-roedekh1-1024x680.jpg\" alt=\"\" class=\"wp-image-29900\" srcset=\"https:\/\/insideamateurfussball-ffm.de\/wp-content\/uploads\/2025\/12\/croa-roedekh1-1024x680.jpg 1024w, https:\/\/insideamateurfussball-ffm.de\/wp-content\/uploads\/2025\/12\/croa-roedekh1-300x199.jpg 300w, https:\/\/insideamateurfussball-ffm.de\/wp-content\/uploads\/2025\/12\/croa-roedekh1-768x510.jpg 768w, https:\/\/insideamateurfussball-ffm.de\/wp-content\/uploads\/2025\/12\/croa-roedekh1.jpg 1040w\" sizes=\"auto, (max-width: 1024px) 100vw, 1024px\" \/><\/figure>\n<\/figure>\n\n\n\n<figure class=\"wp-block-image size-full\"><img loading=\"lazy\" decoding=\"async\" width=\"591\" height=\"455\" src=\"https:\/\/insideamateurfussball-ffm.de\/wp-content\/uploads\/2025\/12\/croa-roedelh5.jpg\" alt=\"\" class=\"wp-image-29901\" srcset=\"https:\/\/insideamateurfussball-ffm.de\/wp-content\/uploads\/2025\/12\/croa-roedelh5.jpg 591w, https:\/\/insideamateurfussball-ffm.de\/wp-content\/uploads\/2025\/12\/croa-roedelh5-300x231.jpg 300w\" sizes=\"auto, (max-width: 591px) 100vw, 591px\" \/><\/figure>\n\n\n\n<figure class=\"wp-block-image size-full\"><img loading=\"lazy\" decoding=\"async\" width=\"591\" height=\"428\" src=\"https:\/\/insideamateurfussball-ffm.de\/wp-content\/uploads\/2025\/12\/croa-rodelh9.jpg\" alt=\"\" class=\"wp-image-29902\" srcset=\"https:\/\/insideamateurfussball-ffm.de\/wp-content\/uploads\/2025\/12\/croa-rodelh9.jpg 591w, https:\/\/insideamateurfussball-ffm.de\/wp-content\/uploads\/2025\/12\/croa-rodelh9-300x217.jpg 300w\" sizes=\"auto, (max-width: 591px) 100vw, 591px\" \/><\/figure>\n\n\n\n<figure class=\"wp-block-image size-full\"><img loading=\"lazy\" decoding=\"async\" width=\"962\" height=\"691\" src=\"https:\/\/insideamateurfussball-ffm.de\/wp-content\/uploads\/2025\/12\/croa-roedelh12.jpg\" alt=\"\" class=\"wp-image-29903\" srcset=\"https:\/\/insideamateurfussball-ffm.de\/wp-content\/uploads\/2025\/12\/croa-roedelh12.jpg 962w, https:\/\/insideamateurfussball-ffm.de\/wp-content\/uploads\/2025\/12\/croa-roedelh12-300x215.jpg 300w, https:\/\/insideamateurfussball-ffm.de\/wp-content\/uploads\/2025\/12\/croa-roedelh12-768x552.jpg 768w\" sizes=\"auto, (max-width: 962px) 100vw, 962px\" \/><\/figure>\n\n\n\n<figure class=\"wp-block-image size-large\"><img loading=\"lazy\" decoding=\"async\" width=\"1024\" height=\"655\" src=\"https:\/\/insideamateurfussball-ffm.de\/wp-content\/uploads\/2025\/12\/croa-roedelh2-1024x655.jpg\" alt=\"\" class=\"wp-image-29904\" srcset=\"https:\/\/insideamateurfussball-ffm.de\/wp-content\/uploads\/2025\/12\/croa-roedelh2-1024x655.jpg 1024w, https:\/\/insideamateurfussball-ffm.de\/wp-content\/uploads\/2025\/12\/croa-roedelh2-300x192.jpg 300w, https:\/\/insideamateurfussball-ffm.de\/wp-content\/uploads\/2025\/12\/croa-roedelh2-768x491.jpg 768w, https:\/\/insideamateurfussball-ffm.de\/wp-content\/uploads\/2025\/12\/croa-roedelh2.jpg 1081w\" sizes=\"auto, (max-width: 1024px) 100vw, 1024px\" \/><\/figure>\n\n\n\n<figure class=\"wp-block-image size-full\"><img loading=\"lazy\" decoding=\"async\" width=\"591\" height=\"447\" src=\"https:\/\/insideamateurfussball-ffm.de\/wp-content\/uploads\/2025\/12\/croa-roedelh6.jpg\" alt=\"\" class=\"wp-image-29905\" srcset=\"https:\/\/insideamateurfussball-ffm.de\/wp-content\/uploads\/2025\/12\/croa-roedelh6.jpg 591w, https:\/\/insideamateurfussball-ffm.de\/wp-content\/uploads\/2025\/12\/croa-roedelh6-300x227.jpg 300w\" sizes=\"auto, (max-width: 591px) 100vw, 591px\" \/><\/figure>\n\n\n\n<figure class=\"wp-block-image size-full\"><img loading=\"lazy\" decoding=\"async\" width=\"591\" height=\"445\" src=\"https:\/\/insideamateurfussball-ffm.de\/wp-content\/uploads\/2025\/12\/croa-roedelh9.jpg\" alt=\"\" class=\"wp-image-29906\" srcset=\"https:\/\/insideamateurfussball-ffm.de\/wp-content\/uploads\/2025\/12\/croa-roedelh9.jpg 591w, https:\/\/insideamateurfussball-ffm.de\/wp-content\/uploads\/2025\/12\/croa-roedelh9-300x226.jpg 300w\" sizes=\"auto, (max-width: 591px) 100vw, 591px\" \/><\/figure>\n\n\n\n<figure class=\"wp-block-image size-full\"><img loading=\"lazy\" decoding=\"async\" width=\"591\" height=\"442\" src=\"https:\/\/insideamateurfussball-ffm.de\/wp-content\/uploads\/2025\/12\/croa-roedelh13.jpg\" alt=\"\" class=\"wp-image-29907\" srcset=\"https:\/\/insideamateurfussball-ffm.de\/wp-content\/uploads\/2025\/12\/croa-roedelh13.jpg 591w, https:\/\/insideamateurfussball-ffm.de\/wp-content\/uploads\/2025\/12\/croa-roedelh13-300x224.jpg 300w\" sizes=\"auto, (max-width: 591px) 100vw, 591px\" \/><\/figure>\n\n\n\n<figure class=\"wp-block-image size-full\"><img loading=\"lazy\" decoding=\"async\" width=\"999\" height=\"691\" src=\"https:\/\/insideamateurfussball-ffm.de\/wp-content\/uploads\/2025\/12\/croa-roedelh3.jpg\" alt=\"\" class=\"wp-image-29908\" srcset=\"https:\/\/insideamateurfussball-ffm.de\/wp-content\/uploads\/2025\/12\/croa-roedelh3.jpg 999w, https:\/\/insideamateurfussball-ffm.de\/wp-content\/uploads\/2025\/12\/croa-roedelh3-300x208.jpg 300w, https:\/\/insideamateurfussball-ffm.de\/wp-content\/uploads\/2025\/12\/croa-roedelh3-768x531.jpg 768w\" sizes=\"auto, (max-width: 999px) 100vw, 999px\" \/><\/figure>\n\n\n\n<figure class=\"wp-block-image size-full\"><img loading=\"lazy\" decoding=\"async\" width=\"567\" height=\"415\" src=\"https:\/\/insideamateurfussball-ffm.de\/wp-content\/uploads\/2025\/12\/croa-roedelh7.jpg\" alt=\"\" class=\"wp-image-29909\" srcset=\"https:\/\/insideamateurfussball-ffm.de\/wp-content\/uploads\/2025\/12\/croa-roedelh7.jpg 567w, https:\/\/insideamateurfussball-ffm.de\/wp-content\/uploads\/2025\/12\/croa-roedelh7-300x220.jpg 300w\" sizes=\"auto, (max-width: 567px) 100vw, 567px\" \/><\/figure>\n\n\n\n<figure class=\"wp-block-image size-full\"><img loading=\"lazy\" decoding=\"async\" width=\"591\" height=\"393\" src=\"https:\/\/insideamateurfussball-ffm.de\/wp-content\/uploads\/2025\/12\/croa-roedelh10.jpg\" alt=\"\" class=\"wp-image-29910\" srcset=\"https:\/\/insideamateurfussball-ffm.de\/wp-content\/uploads\/2025\/12\/croa-roedelh10.jpg 591w, https:\/\/insideamateurfussball-ffm.de\/wp-content\/uploads\/2025\/12\/croa-roedelh10-300x199.jpg 300w\" sizes=\"auto, (max-width: 591px) 100vw, 591px\" \/><\/figure>\n\n\n\n<figure class=\"wp-block-image size-full\"><img loading=\"lazy\" decoding=\"async\" width=\"591\" height=\"425\" src=\"https:\/\/insideamateurfussball-ffm.de\/wp-content\/uploads\/2025\/12\/croa-roedelh15.jpg\" alt=\"\" class=\"wp-image-29911\" srcset=\"https:\/\/insideamateurfussball-ffm.de\/wp-content\/uploads\/2025\/12\/croa-roedelh15.jpg 591w, https:\/\/insideamateurfussball-ffm.de\/wp-content\/uploads\/2025\/12\/croa-roedelh15-300x216.jpg 300w\" sizes=\"auto, (max-width: 591px) 100vw, 591px\" \/><\/figure>\n","protected":false},"excerpt":{"rendered":"<p>W\u00e4hrend der FC Croatia unter der Regie von Trainer Jorge Huberman die vierte Niederlage in Folge kassierte und sich durch das 2:4 gegen den R\u00f6delheimer FC weiter auf dem absteigenden Ast befindet, setzten die R\u00f6delheimer mit dem dritten Sieg in Folge ihren Aufw\u00e4rtstrend fort und setzten sich ins Mittelfeld des Klassements auf Rang acht ab.\u00a0 [&hellip;]<\/p>\n","protected":false},"author":1,"featured_media":29897,"comment_status":"closed","ping_status":"closed","sticky":true,"template":"","format":"standard","meta":{"footnotes":""},"categories":[2],"tags":[],"class_list":["post-29896","post","type-post","status-publish","format-standard","has-post-thumbnail","hentry","category-kreisoberliga-frankfurt"],"_links":{"self":[{"href":"https:\/\/insideamateurfussball-ffm.de\/index.php?rest_route=\/wp\/v2\/posts\/29896","targetHints":{"allow":["GET"]}}],"collection":[{"href":"https:\/\/insideamateurfussball-ffm.de\/index.php?rest_route=\/wp\/v2\/posts"}],"about":[{"href":"https:\/\/insideamateurfussball-ffm.de\/index.php?rest_route=\/wp\/v2\/types\/post"}],"author":[{"embeddable":true,"href":"https:\/\/insideamateurfussball-ffm.de\/index.php?rest_route=\/wp\/v2\/users\/1"}],"replies":[{"embeddable":true,"href":"https:\/\/insideamateurfussball-ffm.de\/index.php?rest_route=%2Fwp%2Fv2%2Fcomments&post=29896"}],"version-history":[{"count":2,"href":"https:\/\/insideamateurfussball-ffm.de\/index.php?rest_route=\/wp\/v2\/posts\/29896\/revisions"}],"predecessor-version":[{"id":29913,"href":"https:\/\/insideamateurfussball-ffm.de\/index.php?rest_route=\/wp\/v2\/posts\/29896\/revisions\/29913"}],"wp:featuredmedia":[{"embeddable":true,"href":"https:\/\/insideamateurfussball-ffm.de\/index.php?rest_route=\/wp\/v2\/media\/29897"}],"wp:attachment":[{"href":"https:\/\/insideamateurfussball-ffm.de\/index.php?rest_route=%2Fwp%2Fv2%2Fmedia&parent=29896"}],"wp:term":[{"taxonomy":"category","embeddable":true,"href":"https:\/\/insideamateurfussball-ffm.de\/index.php?rest_route=%2Fwp%2Fv2%2Fcategories&post=29896"},{"taxonomy":"post_tag","embeddable":true,"href":"https:\/\/insideamateurfussball-ffm.de\/index.php?rest_route=%2Fwp%2Fv2%2Ftags&post=29896"}],"curies":[{"name":"wp","href":"https:\/\/api.w.org\/{rel}","templated":true}]}}