{"id":29881,"date":"2025-12-08T20:59:38","date_gmt":"2025-12-08T19:59:38","guid":{"rendered":"https:\/\/insideamateurfussball-ffm.de\/?p=29881"},"modified":"2025-12-08T20:59:38","modified_gmt":"2025-12-08T19:59:38","slug":"heddernheim-diszipliniert-kontrolliert-zum-20","status":"publish","type":"post","link":"https:\/\/insideamateurfussball-ffm.de\/?p=29881","title":{"rendered":"Heddernheim diszipliniert, kontrolliert zum 2:0"},"content":{"rendered":"<h3>Siebter Ausw\u00e4rtssieg im neunten Spiel in der Fremde f\u00fcr den SV 07 Heddernheim, der sich nach dem kontrollierten 2:0-Sieg beim FC Germania Enkheim mit 38 Punkten weiter an der Spitze festsetzt. Es war zudem der vierte Sieg in Folge f\u00fcr den SV 07. Enkheim hingegen kassierte die dritte Niederlage in Folge, der aktuelle Relegationsplatz 14 ist nur noch zwei Punkte entfernt.<\/h3>\n<figure id=\"attachment_29854\" aria-describedby=\"caption-attachment-29854\" style=\"width: 640px\" class=\"wp-caption alignright\"><img loading=\"lazy\" decoding=\"async\" class=\"wp-image-29854 size-large\" src=\"http:\/\/insideamateurfussball-ffm.de\/wp-content\/uploads\/2025\/12\/IMG_0007-1024x683.jpg\" alt=\"\" width=\"640\" height=\"427\" srcset=\"https:\/\/insideamateurfussball-ffm.de\/wp-content\/uploads\/2025\/12\/IMG_0007-1024x683.jpg 1024w, https:\/\/insideamateurfussball-ffm.de\/wp-content\/uploads\/2025\/12\/IMG_0007-300x200.jpg 300w, https:\/\/insideamateurfussball-ffm.de\/wp-content\/uploads\/2025\/12\/IMG_0007-768x512.jpg 768w, https:\/\/insideamateurfussball-ffm.de\/wp-content\/uploads\/2025\/12\/IMG_0007-1536x1024.jpg 1536w, https:\/\/insideamateurfussball-ffm.de\/wp-content\/uploads\/2025\/12\/IMG_0007-2048x1365.jpg 2048w\" sizes=\"auto, (max-width: 640px) 100vw, 640px\" \/><figcaption id=\"caption-attachment-29854\" class=\"wp-caption-text\">Der neu in die Startelf ger\u00fcckte Adam Abbass (links) stellt sich dem Enkheimer Abderrahim Amsiouji entgegen. Foto: Jan W.\u00a0\u00a0<\/figcaption><\/figure>\n<h3>FC Germania Enkheim &#8211; SV 07 Heddernheim 0:2 (0:1)<\/h3>\n<p><img loading=\"lazy\" decoding=\"async\" class=\"alignnone size-full wp-image-1748\" src=\"http:\/\/insideamateurfussball-ffm.de\/wp-content\/uploads\/2022\/07\/Enkheim-1.jpg\" alt=\"\" width=\"63\" height=\"80\" \/><img loading=\"lazy\" decoding=\"async\" class=\"alignnone size-full wp-image-302\" src=\"http:\/\/insideamateurfussball-ffm.de\/wp-content\/uploads\/2022\/05\/1sv07_news2_4511-1.jpg\" alt=\"\" width=\"80\" height=\"80\" \/><\/p>\n<p>Heddernheim reiste mit viel Selbstvertrauen an den \u00f6stlichen Stadtrand und \u00e4nderte zwei Positionen in der Startelf. F\u00fcr den famili\u00e4r verhinderten Kadir Mengunogul begann als rechter Verteidiger Adam Abbass, der von Young Boys Oberursel kam. SVH-Coach Andreas Berggold lie\u00df zudem Mikail Keles auf der Bank und brachte im defensiven Mittelfeld Yassir Achati. Die Gastgeber wechselten gleich auf vier Positionen gegen\u00fcber dem 3:4 gegen die GSU Hellas. Unter anderem stand Max Emil Flamme f\u00fcr Fynn Sedlatschek im Tor und der gesperrte Kapit\u00e4n Mihajlo Atanaskovic musste ersetzt werden, die Spielf\u00fchrerbinde trug der lange St\u00fcrmer Lars Trams. Vor exakt drei Wochen hatten die Heddernheimer das Heimspiel gegen Enkheim 4:1 gewonnen, seinerzeit hinterlie\u00dfen die Schwarz-Blauen einen guten Eindruck und wollten diesen nun im &#8222;R\u00fcckspiel&#8220; vor heimischer Kulisse best\u00e4tigen.<\/p>\n<p>Was unter dem Strich nicht gelang, denn die G\u00e4ste traten im Stile einer Spitzenmannschaft auf. Gleich nach elf Sekunden der erste Abschluss durch Marco Yatci, kurz darauf zog auch Achati aus der Ferne ab. Ein schnell \u00fcberlegt ausgef\u00fchrter Freisto\u00df und ein Heber vom Strafraumeck \u00fcber Flamme hinweg brachte die F\u00fchrung des Tabellenf\u00fchrers (16.). Die Hausherren waren danach am Ausgleich dran, als Ibrahim Camara an SVH-Schlussmann Marc Tomczyk scheiterte (19.) und Eray Aksoy einen Kopfball \u00fcber das Tor setzte (20.). Die knapp unter 90 Zuschauer sahen bei milden Temperaturen kurz vor der Pause die Riesenchance der Enkheimer, als Christian L\u00f6rkes Flanke von Aksoy neben das Tor gek\u00f6pft wurde (41.). Auf der Gegenseite vergab Heddernheims Torj\u00e4ger Cherano Willef\u00fchr auf Ablage von Sturmpartner Christos Papadopoulos (44.). Nach dem Seitenwechsel f\u00fchrte ein Freisto\u00df von Amante auf den langen Pfosten zum mitgelaufenen Innenverteidiger Ayman Gasoos zum 2:0 der G\u00e4ste (59.). Der Spitzenreiter kam zu weiteren Kontern, Amantes Schuss wurde von Camara auf der Linie gekl\u00e4rt. Kurz darauf flog in Trams bei Enkheim der zweite Kapit\u00e4n in Folge vom Platz (74.).<\/p>\n<p>Er hatte schon Gelb, schob dann den Gegenspieler in der N\u00e4he der Schiedsrichterin Dr. Annika Hinrichsen und bekam Gelb-Rot vor die Nase gesetzt. Nicht einverstanden war derweil Cherano Willef\u00fchr mit seiner Auswechslung in der 79. Minute, regte sich dar\u00fcber lautstark auf. Trainer Berggold, f\u00fcr den die neue Regel mit f\u00fcnf Wechseln Fluch und Segen zugleich ist, reagierte wie auch auf die Unzufriedenheit eines sp\u00e4t eingewechselten Akteurs mit einer klaren und bestimmenden Ansage nach dem Spiel: &#8222;Auch die Spieler auf der Bank sind im Training und wollen spielen, ich kann aber nur elf Mann gleichzeitig aufstellen. Da muss ich Entscheidungen treffen, die auch mit den Positionen zusammenh\u00e4ngen. Wir haben 18 bis 19 Leute die spielen wollen und k\u00f6nnen.&#8220; Es passierte in den letzten Minuten nicht mehr viel, Papadopoulos traf die Latte (82.), der unerfahrene \u00d6mer G\u00fcng\u00f6r bekam kurz nach seiner Einwechslung Gelb wegen Ballwegschlagens. Dann war Schluss und man konnte in der mittlerweile zum Statussymbol des Erfolgs gewordenen grauen Spielkleidung zum Siegerfoto posieren. W\u00e4hrend Enkheims Trainer Antonio D\u00b4Andrea nur eine kurze Analyse parat hatte: &#8222;Beide Mannschaften neutralisierten sich in den ersten 45 Minuten mit einer gl\u00fccklichen Heddernheimer F\u00fchrung. Zweite Halbzeit machten wir zu wenig und Heddernheim erh\u00f6hte verdient&#8220;, war SVH-Coach Berggold gewohnt redselig: &#8222;Das war ein disziplinierter und kontrollierter Auftritt, wir wussten, dass Enkheim tief steht. Wir haben aber unseren Fu\u00dfball gespielt, nach hinten wenig zugelassen. Vorne hat etwas die Effektivit\u00e4t gefehlt, trotz allem haben wir vorne die zwei Tore gemacht und hinten die Null gehalten. Unser Torh\u00fcter Marc Tomczyk hat Ruhe ausgestrahlt, hat einige Chancen vereitelt, vorne hatten wir auch etwas Pech mit dem Lattenschuss, aber insgesamt war das doch schon sehr erwachsen.&#8220;<\/p>\n<p>Vor dem Kracher im Derby bei Germania Ginnheim am Sonntag (15 Uhr) ist die Spannung bei den Heddernheimern gro\u00df, man erwartet ein hochinteressantes Spiel mit gro\u00dfer Fanunterst\u00fctzung. In Daniel Roth, Soufiane Moussaoui, Kurosch Alimoradian, Kian Bonanno und Alterspr\u00e4sident Tonyo Gering sind zahlreiche Ex-Heddernheimer in den Ginnheimer Reihen. &#8222;Wir freuen uns auf das Duell dieser beiden spielstarken Mannschaften, die Anh\u00e4nger beider Lager sollen dem Spiel einen w\u00fcrdigen Rahmen geben. Ich habe Ginnheim gesehen, da werden wir bei dieser Herausforderung 100 Prozent geben m\u00fcssen&#8220;, so Berggold. Die Enkheimer erwarten schon um 14 Uhr die SG Harheim, gegen die man diese Saison noch nicht gespielt hat.\u00a0 \u00a0 \u00a0<\/p>\n\n\n<figure class=\"wp-block-pullquote\"><blockquote><p><strong>&#8222;Auch die Spieler auf der Bank sind im Training und wollen spielen, ich kann aber nur elf Mann gleichzeitig aufstellen.&#8220;<\/strong><\/p><cite><strong>SVH-Trainer andreas Berggold<\/strong><\/cite><\/blockquote><\/figure>\n\n\n<h3><span style=\"text-decoration: underline;\">Schiedsrichterin: Dr. Annika Hinrichs (SG Haitz). Zuschauer: 88. <\/span><\/h3>\n<h3><span style=\"text-decoration: underline;\">Tore: 0:1 Giuliano Amante (16.), 0:2 Ayman Gasoos (59.). <\/span><\/h3>\n<h3><span style=\"text-decoration: underline;\">Bildergalerie: Wir danken unserem erweiterten Redaktionsmitglied Jan Werner aus Bad Vilbel f\u00fcr den Spielbesuch und die Fotos!<\/span><\/h3>\n\n\n<figure class=\"wp-block-image size-large\"><img loading=\"lazy\" decoding=\"async\" width=\"1024\" height=\"683\" src=\"http:\/\/insideamateurfussball-ffm.de\/wp-content\/uploads\/2025\/12\/IMG_0004-1024x683.jpg\" alt=\"\" class=\"wp-image-29852\" srcset=\"https:\/\/insideamateurfussball-ffm.de\/wp-content\/uploads\/2025\/12\/IMG_0004-1024x683.jpg 1024w, https:\/\/insideamateurfussball-ffm.de\/wp-content\/uploads\/2025\/12\/IMG_0004-300x200.jpg 300w, https:\/\/insideamateurfussball-ffm.de\/wp-content\/uploads\/2025\/12\/IMG_0004-768x512.jpg 768w, https:\/\/insideamateurfussball-ffm.de\/wp-content\/uploads\/2025\/12\/IMG_0004-1536x1024.jpg 1536w, https:\/\/insideamateurfussball-ffm.de\/wp-content\/uploads\/2025\/12\/IMG_0004-2048x1365.jpg 2048w\" sizes=\"auto, (max-width: 1024px) 100vw, 1024px\" \/><\/figure>\n\n\n\n<figure class=\"wp-block-gallery has-nested-images columns-default is-cropped wp-block-gallery-1 is-layout-flex wp-block-gallery-is-layout-flex\">\n<figure class=\"wp-block-image size-large\"><img loading=\"lazy\" decoding=\"async\" width=\"1024\" height=\"683\" data-id=\"29855\" src=\"https:\/\/insideamateurfussball-ffm.de\/wp-content\/uploads\/2025\/12\/IMG_0008-1024x683.jpg\" alt=\"\" class=\"wp-image-29855\" srcset=\"https:\/\/insideamateurfussball-ffm.de\/wp-content\/uploads\/2025\/12\/IMG_0008-1024x683.jpg 1024w, https:\/\/insideamateurfussball-ffm.de\/wp-content\/uploads\/2025\/12\/IMG_0008-300x200.jpg 300w, https:\/\/insideamateurfussball-ffm.de\/wp-content\/uploads\/2025\/12\/IMG_0008-768x512.jpg 768w, https:\/\/insideamateurfussball-ffm.de\/wp-content\/uploads\/2025\/12\/IMG_0008-1536x1024.jpg 1536w, https:\/\/insideamateurfussball-ffm.de\/wp-content\/uploads\/2025\/12\/IMG_0008-2048x1365.jpg 2048w\" sizes=\"auto, (max-width: 1024px) 100vw, 1024px\" \/><\/figure>\n<\/figure>\n\n\n\n<figure class=\"wp-block-image size-large\"><img loading=\"lazy\" decoding=\"async\" width=\"1024\" height=\"683\" src=\"http:\/\/insideamateurfussball-ffm.de\/wp-content\/uploads\/2025\/12\/IMG_0015-1024x683.jpg\" alt=\"\" class=\"wp-image-29858\" srcset=\"https:\/\/insideamateurfussball-ffm.de\/wp-content\/uploads\/2025\/12\/IMG_0015-1024x683.jpg 1024w, https:\/\/insideamateurfussball-ffm.de\/wp-content\/uploads\/2025\/12\/IMG_0015-300x200.jpg 300w, https:\/\/insideamateurfussball-ffm.de\/wp-content\/uploads\/2025\/12\/IMG_0015-768x512.jpg 768w, https:\/\/insideamateurfussball-ffm.de\/wp-content\/uploads\/2025\/12\/IMG_0015-1536x1024.jpg 1536w, https:\/\/insideamateurfussball-ffm.de\/wp-content\/uploads\/2025\/12\/IMG_0015-2048x1365.jpg 2048w\" sizes=\"auto, (max-width: 1024px) 100vw, 1024px\" \/><\/figure>\n\n\n\n<figure class=\"wp-block-image size-large\"><img loading=\"lazy\" decoding=\"async\" width=\"1024\" height=\"683\" src=\"http:\/\/insideamateurfussball-ffm.de\/wp-content\/uploads\/2025\/12\/IMG_0015-1024x683.jpg\" alt=\"\" class=\"wp-image-29858\" srcset=\"https:\/\/insideamateurfussball-ffm.de\/wp-content\/uploads\/2025\/12\/IMG_0015-1024x683.jpg 1024w, https:\/\/insideamateurfussball-ffm.de\/wp-content\/uploads\/2025\/12\/IMG_0015-300x200.jpg 300w, https:\/\/insideamateurfussball-ffm.de\/wp-content\/uploads\/2025\/12\/IMG_0015-768x512.jpg 768w, https:\/\/insideamateurfussball-ffm.de\/wp-content\/uploads\/2025\/12\/IMG_0015-1536x1024.jpg 1536w, https:\/\/insideamateurfussball-ffm.de\/wp-content\/uploads\/2025\/12\/IMG_0015-2048x1365.jpg 2048w\" sizes=\"auto, (max-width: 1024px) 100vw, 1024px\" \/><\/figure>\n\n\n\n<figure class=\"wp-block-image size-large\"><img loading=\"lazy\" decoding=\"async\" width=\"1024\" height=\"683\" src=\"http:\/\/insideamateurfussball-ffm.de\/wp-content\/uploads\/2025\/12\/IMG_0023-1024x683.jpg\" alt=\"\" class=\"wp-image-29861\" srcset=\"https:\/\/insideamateurfussball-ffm.de\/wp-content\/uploads\/2025\/12\/IMG_0023-1024x683.jpg 1024w, https:\/\/insideamateurfussball-ffm.de\/wp-content\/uploads\/2025\/12\/IMG_0023-300x200.jpg 300w, https:\/\/insideamateurfussball-ffm.de\/wp-content\/uploads\/2025\/12\/IMG_0023-768x512.jpg 768w, https:\/\/insideamateurfussball-ffm.de\/wp-content\/uploads\/2025\/12\/IMG_0023-1536x1024.jpg 1536w, https:\/\/insideamateurfussball-ffm.de\/wp-content\/uploads\/2025\/12\/IMG_0023-2048x1365.jpg 2048w\" sizes=\"auto, (max-width: 1024px) 100vw, 1024px\" \/><\/figure>\n\n\n\n<figure class=\"wp-block-image size-large\"><img loading=\"lazy\" decoding=\"async\" width=\"1024\" height=\"577\" src=\"http:\/\/insideamateurfussball-ffm.de\/wp-content\/uploads\/2025\/12\/Junhzu-1024x577.jpg\" alt=\"\" class=\"wp-image-29882\" srcset=\"https:\/\/insideamateurfussball-ffm.de\/wp-content\/uploads\/2025\/12\/Junhzu-1024x577.jpg 1024w, https:\/\/insideamateurfussball-ffm.de\/wp-content\/uploads\/2025\/12\/Junhzu-300x169.jpg 300w, https:\/\/insideamateurfussball-ffm.de\/wp-content\/uploads\/2025\/12\/Junhzu-768x432.jpg 768w, https:\/\/insideamateurfussball-ffm.de\/wp-content\/uploads\/2025\/12\/Junhzu-1536x865.jpg 1536w, https:\/\/insideamateurfussball-ffm.de\/wp-content\/uploads\/2025\/12\/Junhzu.jpg 2048w\" sizes=\"auto, (max-width: 1024px) 100vw, 1024px\" \/><\/figure>\n\n\n\n<figure class=\"wp-block-image size-large\"><img loading=\"lazy\" decoding=\"async\" width=\"1024\" height=\"683\" src=\"http:\/\/insideamateurfussball-ffm.de\/wp-content\/uploads\/2025\/12\/IMG_0006-1024x683.jpg\" alt=\"\" class=\"wp-image-29853\" srcset=\"https:\/\/insideamateurfussball-ffm.de\/wp-content\/uploads\/2025\/12\/IMG_0006-1024x683.jpg 1024w, https:\/\/insideamateurfussball-ffm.de\/wp-content\/uploads\/2025\/12\/IMG_0006-300x200.jpg 300w, https:\/\/insideamateurfussball-ffm.de\/wp-content\/uploads\/2025\/12\/IMG_0006-768x512.jpg 768w, https:\/\/insideamateurfussball-ffm.de\/wp-content\/uploads\/2025\/12\/IMG_0006-1536x1024.jpg 1536w, https:\/\/insideamateurfussball-ffm.de\/wp-content\/uploads\/2025\/12\/IMG_0006-2048x1365.jpg 2048w\" sizes=\"auto, (max-width: 1024px) 100vw, 1024px\" \/><\/figure>\n\n\n\n<figure class=\"wp-block-image size-large\"><img loading=\"lazy\" decoding=\"async\" width=\"1024\" height=\"683\" src=\"http:\/\/insideamateurfussball-ffm.de\/wp-content\/uploads\/2025\/12\/IMG_0009-1024x683.jpg\" alt=\"\" class=\"wp-image-29856\" srcset=\"https:\/\/insideamateurfussball-ffm.de\/wp-content\/uploads\/2025\/12\/IMG_0009-1024x683.jpg 1024w, https:\/\/insideamateurfussball-ffm.de\/wp-content\/uploads\/2025\/12\/IMG_0009-300x200.jpg 300w, https:\/\/insideamateurfussball-ffm.de\/wp-content\/uploads\/2025\/12\/IMG_0009-768x512.jpg 768w, https:\/\/insideamateurfussball-ffm.de\/wp-content\/uploads\/2025\/12\/IMG_0009-1536x1024.jpg 1536w, https:\/\/insideamateurfussball-ffm.de\/wp-content\/uploads\/2025\/12\/IMG_0009-2048x1365.jpg 2048w\" sizes=\"auto, (max-width: 1024px) 100vw, 1024px\" \/><\/figure>\n\n\n\n<figure class=\"wp-block-image size-large\"><img loading=\"lazy\" decoding=\"async\" width=\"1024\" height=\"683\" src=\"http:\/\/insideamateurfussball-ffm.de\/wp-content\/uploads\/2025\/12\/IMG_0019-1024x683.jpg\" alt=\"\" class=\"wp-image-29859\" srcset=\"https:\/\/insideamateurfussball-ffm.de\/wp-content\/uploads\/2025\/12\/IMG_0019-1024x683.jpg 1024w, https:\/\/insideamateurfussball-ffm.de\/wp-content\/uploads\/2025\/12\/IMG_0019-300x200.jpg 300w, https:\/\/insideamateurfussball-ffm.de\/wp-content\/uploads\/2025\/12\/IMG_0019-768x512.jpg 768w, https:\/\/insideamateurfussball-ffm.de\/wp-content\/uploads\/2025\/12\/IMG_0019-1536x1024.jpg 1536w, https:\/\/insideamateurfussball-ffm.de\/wp-content\/uploads\/2025\/12\/IMG_0019-2048x1365.jpg 2048w\" sizes=\"auto, (max-width: 1024px) 100vw, 1024px\" \/><\/figure>\n\n\n\n<figure class=\"wp-block-image size-large\"><img loading=\"lazy\" decoding=\"async\" width=\"1024\" height=\"683\" src=\"http:\/\/insideamateurfussball-ffm.de\/wp-content\/uploads\/2025\/12\/IMG_0025-1024x683.jpg\" alt=\"\" class=\"wp-image-29862\" srcset=\"https:\/\/insideamateurfussball-ffm.de\/wp-content\/uploads\/2025\/12\/IMG_0025-1024x683.jpg 1024w, https:\/\/insideamateurfussball-ffm.de\/wp-content\/uploads\/2025\/12\/IMG_0025-300x200.jpg 300w, https:\/\/insideamateurfussball-ffm.de\/wp-content\/uploads\/2025\/12\/IMG_0025-768x512.jpg 768w, https:\/\/insideamateurfussball-ffm.de\/wp-content\/uploads\/2025\/12\/IMG_0025-1536x1024.jpg 1536w, https:\/\/insideamateurfussball-ffm.de\/wp-content\/uploads\/2025\/12\/IMG_0025-2048x1365.jpg 2048w\" sizes=\"auto, (max-width: 1024px) 100vw, 1024px\" \/><\/figure>\n\n\n\n<figure class=\"wp-block-image size-large\"><img loading=\"lazy\" decoding=\"async\" width=\"1024\" height=\"683\" src=\"http:\/\/insideamateurfussball-ffm.de\/wp-content\/uploads\/2025\/12\/IMG_0002-1024x683.jpg\" alt=\"\" class=\"wp-image-29850\" srcset=\"https:\/\/insideamateurfussball-ffm.de\/wp-content\/uploads\/2025\/12\/IMG_0002-1024x683.jpg 1024w, https:\/\/insideamateurfussball-ffm.de\/wp-content\/uploads\/2025\/12\/IMG_0002-300x200.jpg 300w, https:\/\/insideamateurfussball-ffm.de\/wp-content\/uploads\/2025\/12\/IMG_0002-768x512.jpg 768w, https:\/\/insideamateurfussball-ffm.de\/wp-content\/uploads\/2025\/12\/IMG_0002-1536x1024.jpg 1536w, https:\/\/insideamateurfussball-ffm.de\/wp-content\/uploads\/2025\/12\/IMG_0002-2048x1365.jpg 2048w\" sizes=\"auto, (max-width: 1024px) 100vw, 1024px\" \/><\/figure>\n\n\n\n<figure class=\"wp-block-image size-large\"><img loading=\"lazy\" decoding=\"async\" width=\"1024\" height=\"683\" src=\"http:\/\/insideamateurfussball-ffm.de\/wp-content\/uploads\/2025\/12\/IMG_0010-1024x683.jpg\" alt=\"\" class=\"wp-image-29857\" srcset=\"https:\/\/insideamateurfussball-ffm.de\/wp-content\/uploads\/2025\/12\/IMG_0010-1024x683.jpg 1024w, https:\/\/insideamateurfussball-ffm.de\/wp-content\/uploads\/2025\/12\/IMG_0010-300x200.jpg 300w, https:\/\/insideamateurfussball-ffm.de\/wp-content\/uploads\/2025\/12\/IMG_0010-768x512.jpg 768w, https:\/\/insideamateurfussball-ffm.de\/wp-content\/uploads\/2025\/12\/IMG_0010-1536x1024.jpg 1536w, https:\/\/insideamateurfussball-ffm.de\/wp-content\/uploads\/2025\/12\/IMG_0010-2048x1365.jpg 2048w\" sizes=\"auto, (max-width: 1024px) 100vw, 1024px\" \/><\/figure>\n\n\n\n<figure class=\"wp-block-image size-large\"><img loading=\"lazy\" decoding=\"async\" width=\"1024\" height=\"683\" src=\"http:\/\/insideamateurfussball-ffm.de\/wp-content\/uploads\/2025\/12\/IMG_0022-1024x683.jpg\" alt=\"\" class=\"wp-image-29860\" srcset=\"https:\/\/insideamateurfussball-ffm.de\/wp-content\/uploads\/2025\/12\/IMG_0022-1024x683.jpg 1024w, https:\/\/insideamateurfussball-ffm.de\/wp-content\/uploads\/2025\/12\/IMG_0022-300x200.jpg 300w, https:\/\/insideamateurfussball-ffm.de\/wp-content\/uploads\/2025\/12\/IMG_0022-768x512.jpg 768w, https:\/\/insideamateurfussball-ffm.de\/wp-content\/uploads\/2025\/12\/IMG_0022-1536x1024.jpg 1536w, https:\/\/insideamateurfussball-ffm.de\/wp-content\/uploads\/2025\/12\/IMG_0022-2048x1365.jpg 2048w\" sizes=\"auto, (max-width: 1024px) 100vw, 1024px\" \/><\/figure>\n\n\n\n<figure class=\"wp-block-image size-large\"><img loading=\"lazy\" decoding=\"async\" width=\"1024\" height=\"683\" src=\"http:\/\/insideamateurfussball-ffm.de\/wp-content\/uploads\/2025\/12\/IMG_0029-1024x683.jpg\" alt=\"\" class=\"wp-image-29863\" srcset=\"https:\/\/insideamateurfussball-ffm.de\/wp-content\/uploads\/2025\/12\/IMG_0029-1024x683.jpg 1024w, https:\/\/insideamateurfussball-ffm.de\/wp-content\/uploads\/2025\/12\/IMG_0029-300x200.jpg 300w, https:\/\/insideamateurfussball-ffm.de\/wp-content\/uploads\/2025\/12\/IMG_0029-768x512.jpg 768w, https:\/\/insideamateurfussball-ffm.de\/wp-content\/uploads\/2025\/12\/IMG_0029-1536x1024.jpg 1536w, https:\/\/insideamateurfussball-ffm.de\/wp-content\/uploads\/2025\/12\/IMG_0029-2048x1365.jpg 2048w\" sizes=\"auto, (max-width: 1024px) 100vw, 1024px\" \/><\/figure>\n","protected":false},"excerpt":{"rendered":"<p>Siebter Ausw\u00e4rtssieg im neunten Spiel in der Fremde f\u00fcr den SV 07 Heddernheim, der sich nach dem kontrollierten 2:0-Sieg beim FC Germania Enkheim mit 38 Punkten weiter an der Spitze festsetzt. Es war zudem der vierte Sieg in Folge f\u00fcr den SV 07. Enkheim hingegen kassierte die dritte Niederlage in Folge, der aktuelle Relegationsplatz 14 [&hellip;]<\/p>\n","protected":false},"author":1,"featured_media":29854,"comment_status":"closed","ping_status":"closed","sticky":true,"template":"","format":"standard","meta":{"footnotes":""},"categories":[2],"tags":[],"class_list":["post-29881","post","type-post","status-publish","format-standard","has-post-thumbnail","hentry","category-kreisoberliga-frankfurt"],"_links":{"self":[{"href":"https:\/\/insideamateurfussball-ffm.de\/index.php?rest_route=\/wp\/v2\/posts\/29881","targetHints":{"allow":["GET"]}}],"collection":[{"href":"https:\/\/insideamateurfussball-ffm.de\/index.php?rest_route=\/wp\/v2\/posts"}],"about":[{"href":"https:\/\/insideamateurfussball-ffm.de\/index.php?rest_route=\/wp\/v2\/types\/post"}],"author":[{"embeddable":true,"href":"https:\/\/insideamateurfussball-ffm.de\/index.php?rest_route=\/wp\/v2\/users\/1"}],"replies":[{"embeddable":true,"href":"https:\/\/insideamateurfussball-ffm.de\/index.php?rest_route=%2Fwp%2Fv2%2Fcomments&post=29881"}],"version-history":[{"count":1,"href":"https:\/\/insideamateurfussball-ffm.de\/index.php?rest_route=\/wp\/v2\/posts\/29881\/revisions"}],"predecessor-version":[{"id":29883,"href":"https:\/\/insideamateurfussball-ffm.de\/index.php?rest_route=\/wp\/v2\/posts\/29881\/revisions\/29883"}],"wp:featuredmedia":[{"embeddable":true,"href":"https:\/\/insideamateurfussball-ffm.de\/index.php?rest_route=\/wp\/v2\/media\/29854"}],"wp:attachment":[{"href":"https:\/\/insideamateurfussball-ffm.de\/index.php?rest_route=%2Fwp%2Fv2%2Fmedia&parent=29881"}],"wp:term":[{"taxonomy":"category","embeddable":true,"href":"https:\/\/insideamateurfussball-ffm.de\/index.php?rest_route=%2Fwp%2Fv2%2Fcategories&post=29881"},{"taxonomy":"post_tag","embeddable":true,"href":"https:\/\/insideamateurfussball-ffm.de\/index.php?rest_route=%2Fwp%2Fv2%2Ftags&post=29881"}],"curies":[{"name":"wp","href":"https:\/\/api.w.org\/{rel}","templated":true}]}}