{"id":29865,"date":"2025-12-07T19:39:33","date_gmt":"2025-12-07T18:39:33","guid":{"rendered":"https:\/\/insideamateurfussball-ffm.de\/?p=29865"},"modified":"2025-12-07T19:39:33","modified_gmt":"2025-12-07T18:39:33","slug":"eintracht-ii-nach-20-bereit-fuer-den-gipfel","status":"publish","type":"post","link":"https:\/\/insideamateurfussball-ffm.de\/?p=29865","title":{"rendered":"Eintracht II nach 2:0 bereit f\u00fcr den Gipfel"},"content":{"rendered":"<h3>Eintracht Frankfurt II bleibt das Ma\u00df aller Dinge in der Hessenliga. Durch das 2:0 (2:0) gegen den SV Darmstadt 98 II baute der Regionalliga-Absteiger seine Spitzenposition vor dem absoluten Spitzenspiel am Freitagabend gegen den zweitplatzierten FC Eddersheim (19.30 Uhr) wieder auf sieben Punkte Vorsprung aus, allerdings hinkt der Club aus dem Main-Taunus-Kreis noch mit zwei Nachholspielen hinterher.<\/h3>\n<figure id=\"attachment_29866\" aria-describedby=\"caption-attachment-29866\" style=\"width: 640px\" class=\"wp-caption alignright\"><img loading=\"lazy\" decoding=\"async\" class=\"wp-image-29866 size-large\" src=\"http:\/\/insideamateurfussball-ffm.de\/wp-content\/uploads\/2025\/12\/Ein-Da-1024x577.jpg\" alt=\"\" width=\"640\" height=\"361\" srcset=\"https:\/\/insideamateurfussball-ffm.de\/wp-content\/uploads\/2025\/12\/Ein-Da-1024x577.jpg 1024w, https:\/\/insideamateurfussball-ffm.de\/wp-content\/uploads\/2025\/12\/Ein-Da-300x169.jpg 300w, https:\/\/insideamateurfussball-ffm.de\/wp-content\/uploads\/2025\/12\/Ein-Da-768x432.jpg 768w, https:\/\/insideamateurfussball-ffm.de\/wp-content\/uploads\/2025\/12\/Ein-Da-1536x865.jpg 1536w, https:\/\/insideamateurfussball-ffm.de\/wp-content\/uploads\/2025\/12\/Ein-Da.jpg 2048w\" sizes=\"auto, (max-width: 640px) 100vw, 640px\" \/><figcaption id=\"caption-attachment-29866\" class=\"wp-caption-text\">U21-Duell im Sportpark. Foto: PA.\u00a0\u00a0<\/figcaption><\/figure>\n<h3>Eintracht Frankfurt II &#8211; SV Darmstadt 98 II 2:0 (2:0)<\/h3>\n<p><img loading=\"lazy\" decoding=\"async\" class=\"alignnone size-full wp-image-836\" src=\"http:\/\/insideamateurfussball-ffm.de\/wp-content\/uploads\/2022\/06\/SGE.jpg\" alt=\"\" width=\"79\" height=\"80\" \/><img loading=\"lazy\" decoding=\"async\" class=\"alignnone size-full wp-image-28905\" src=\"http:\/\/insideamateurfussball-ffm.de\/wp-content\/uploads\/2025\/10\/Darmstadt-98.png\" alt=\"\" width=\"80\" height=\"80\" \/><\/p>\n<div>14 Spiele ohne Niederlage, die letzten vier Siege ohne Gegentor, 52 geschossene Tore bei nur 16 Gegentoren, alle neun Heimspiele gewonnen.<\/div>\n<div><\/div>\n<div>Diese Superlativen sprechen f\u00fcr die Mannschaft von Trainer Dennis Schmitt, die auch gegen die mittlerweile seit elf Spielen sieglosen Darmst\u00e4dter \u00fcberzeugte. Allein das Eckenverh\u00e4ltnis von 16:1 sprach am Ende B\u00e4nde. Der erfahrene Nico Ochojski auf der rechten Seite f\u00fchrte fast alle Standards aus, ist zum F\u00fchrungsspieler gereift. Durch zwei von Ochojski getretene Eckst\u00f6\u00dfe fielen auch die beiden Tore der Gastgeber. Maluze legte beim 1:0 auf Lukas Sonnenwald auf (16.) &#8211; sein dritter Treffer im dritten Spiel. Kurz vor der Pause war es Kapit\u00e4n Benjamin Kirchhoff, dessen Ablage von Marvin Dills genutzt wurde (45.+1). Darmstadt spielte durchaus gef\u00e4llig nach vorne, kam auch zu Chancen durch Offensivmann Mika Schlosser. Auch nach dem Seitenwechsel blieb die Eintracht souver\u00e4n, erarbeitete sich weitere Chancen nach Ecken.<\/div>\n<div><\/div>\n<div>Die G\u00e4ste reklamierten einen Foulelfmeter, als Schlosser im Strafraum zu Fall kam, doch Schiedsrichter Steffen Rabe wertete die Aktion als Schwalbe. &#8222;Welcher St\u00fcrmer l\u00e4sst sich denn fallen, wenn er schon frei durch ist?&#8220;, fragte Darmstadts Trainer Daniel Petrowsky nach dem Spiel. &#8222;Erste Halbzeit hat Frankfurt sehr viel Druck gemacht, wir haben mit viel Aufwand verteidigt und versucht so wenige Chancen wie m\u00f6glich zuzulassen. Bei eigenem Ballbesitz war der Ball schnell weg, bei Standards bei dieser Anzahl an Ecken und der Gr\u00f6\u00dfenverh\u00e4tnisse der Spieler passen wir zweimal nicht auf. Am Ende haben wir gut verteidigt, wir sind hier nicht wie andere Mannschaften auseinandergefallen. Wir sind in einer schwierigen Phase mit der jungen Mannschaft, das kratzt am Selbstbewusstsein. Wir hatten auch viele Spiele wie in Walldorf und gegen Eddersheim, die bitter verliefen.&#8220;<\/div>\n<div><\/div>\n<div>Eintracht-Trainer Dennis Schmitt fand nur einen Makel, &#8222;dass wir nicht mit einer h\u00f6heren F\u00fchrung in die Halbzeit gegangen sind. \u00dcbers gesamte Spiel war der Sieg hochverdient. Ich hebe nicht gerne einzelne Spieler hervor, aber der Wechsel von Ochojski von Jahn Regensburg war f\u00fcr die Mannschaft ein Geschenk. Er ist ein Ausnahmespieler, der auch viel drumherum macht. Da haben wir eine tolle Mannschaft dieses Jahr&#8220;, so Schmitt. Die am Freitagabend im Topspiel gegen Eddersheim gewinnen will. &#8222;Wir freuen uns extrem auf das Spiel, es ist schon beeindruckend wie viele Punkte Eddersheim hat und wie erfolgreich sie sind. Wir haben gro\u00dfe Lust auf das Spiel, werden unsere beste Leistung abrufen m\u00fcssen.&#8220;<\/div>\n<div><\/div>\n<div><span style=\"text-decoration: underline;\"><strong>Eintracht Frankfurt II: Siljevic; Maluze, Kirchhoff, Boakye Osei &#8211; Ochojski, Is (90.+4 Bauer), Dills (67. Yildirim), Feny\u00f6, W\u00fcnsch (90.+4 Nana-Sarhene) &#8211; Starodid (90.+4 Neuendorff), Sonnenwald (76. Inanoglu).<\/strong><\/span><\/div>\n<div><span style=\"text-decoration: underline;\"><strong>SV Darmstadt 98 II: B\u00f6rner; Kunstmann (87. Maier), Karakaya (87. Schnerring), G\u00f6rtler, Arnold &#8211; Klappich (90.+1 Jaadar), Ballmert &#8211; Schlosser (68. Zaatan), Rebner, Alagi (46. Herbst) &#8211; Kadrijaj.<\/strong><\/span><\/div>\n<div><\/div>\n<div><span style=\"text-decoration: underline;\"><strong>Schiedsrichter: Steffen Rabe (VfB Wetter). Zuschauer: 769.<\/strong><\/span><\/div>\n<div><span style=\"text-decoration: underline;\"><strong>Tore: 1:0 Lukas Sonnenwald (16.), 2:0 Marvin Dills (45.+1).<\/strong><\/span><\/div>\n","protected":false},"excerpt":{"rendered":"<p>Eintracht Frankfurt II bleibt das Ma\u00df aller Dinge in der Hessenliga. Durch das 2:0 (2:0) gegen den SV Darmstadt 98 II baute der Regionalliga-Absteiger seine Spitzenposition vor dem absoluten Spitzenspiel am Freitagabend gegen den zweitplatzierten FC Eddersheim (19.30 Uhr) wieder auf sieben Punkte Vorsprung aus, allerdings hinkt der Club aus dem Main-Taunus-Kreis noch mit zwei [&hellip;]<\/p>\n","protected":false},"author":1,"featured_media":29866,"comment_status":"closed","ping_status":"closed","sticky":true,"template":"","format":"standard","meta":{"footnotes":""},"categories":[8],"tags":[],"class_list":["post-29865","post","type-post","status-publish","format-standard","has-post-thumbnail","hentry","category-hessenliga"],"_links":{"self":[{"href":"https:\/\/insideamateurfussball-ffm.de\/index.php?rest_route=\/wp\/v2\/posts\/29865","targetHints":{"allow":["GET"]}}],"collection":[{"href":"https:\/\/insideamateurfussball-ffm.de\/index.php?rest_route=\/wp\/v2\/posts"}],"about":[{"href":"https:\/\/insideamateurfussball-ffm.de\/index.php?rest_route=\/wp\/v2\/types\/post"}],"author":[{"embeddable":true,"href":"https:\/\/insideamateurfussball-ffm.de\/index.php?rest_route=\/wp\/v2\/users\/1"}],"replies":[{"embeddable":true,"href":"https:\/\/insideamateurfussball-ffm.de\/index.php?rest_route=%2Fwp%2Fv2%2Fcomments&post=29865"}],"version-history":[{"count":1,"href":"https:\/\/insideamateurfussball-ffm.de\/index.php?rest_route=\/wp\/v2\/posts\/29865\/revisions"}],"predecessor-version":[{"id":29867,"href":"https:\/\/insideamateurfussball-ffm.de\/index.php?rest_route=\/wp\/v2\/posts\/29865\/revisions\/29867"}],"wp:featuredmedia":[{"embeddable":true,"href":"https:\/\/insideamateurfussball-ffm.de\/index.php?rest_route=\/wp\/v2\/media\/29866"}],"wp:attachment":[{"href":"https:\/\/insideamateurfussball-ffm.de\/index.php?rest_route=%2Fwp%2Fv2%2Fmedia&parent=29865"}],"wp:term":[{"taxonomy":"category","embeddable":true,"href":"https:\/\/insideamateurfussball-ffm.de\/index.php?rest_route=%2Fwp%2Fv2%2Fcategories&post=29865"},{"taxonomy":"post_tag","embeddable":true,"href":"https:\/\/insideamateurfussball-ffm.de\/index.php?rest_route=%2Fwp%2Fv2%2Ftags&post=29865"}],"curies":[{"name":"wp","href":"https:\/\/api.w.org\/{rel}","templated":true}]}}