{"id":29829,"date":"2025-12-04T21:53:31","date_gmt":"2025-12-04T20:53:31","guid":{"rendered":"https:\/\/insideamateurfussball-ffm.de\/?p=29829"},"modified":"2025-12-04T21:53:31","modified_gmt":"2025-12-04T20:53:31","slug":"bornheim-ii-nach-40-im-reserveduell-weiter-spitze","status":"publish","type":"post","link":"https:\/\/insideamateurfussball-ffm.de\/?p=29829","title":{"rendered":"Bornheim II nach 4:0 im Reserveduell weiter Spitze"},"content":{"rendered":"<h3>Eine Bildergalerie von SGB-Fotograf Andre Sturmeit erreichte uns noch vom 4:0-Heimsieg der SG Bornheim\/Gr\u00fcn-Wei\u00df II in der Kreisliga A Gruppe 2 gegen den FC Union Niederrad II mit der die Bornheimer auf dem Weg zum angepeilten Wiederaufstieg in die Kreisoberliga die Tabellenf\u00fchrung behaupteten.\u00a0<\/h3>\n<figure id=\"attachment_29830\" aria-describedby=\"caption-attachment-29830\" style=\"width: 640px\" class=\"wp-caption alignright\"><img loading=\"lazy\" decoding=\"async\" class=\"wp-image-29830 size-large\" src=\"http:\/\/insideamateurfussball-ffm.de\/wp-content\/uploads\/2025\/12\/SGBII-UnionNiederradII_251130-16-1024x683.jpg\" alt=\"\" width=\"640\" height=\"427\" srcset=\"https:\/\/insideamateurfussball-ffm.de\/wp-content\/uploads\/2025\/12\/SGBII-UnionNiederradII_251130-16-1024x683.jpg 1024w, https:\/\/insideamateurfussball-ffm.de\/wp-content\/uploads\/2025\/12\/SGBII-UnionNiederradII_251130-16-300x200.jpg 300w, https:\/\/insideamateurfussball-ffm.de\/wp-content\/uploads\/2025\/12\/SGBII-UnionNiederradII_251130-16-768x512.jpg 768w, https:\/\/insideamateurfussball-ffm.de\/wp-content\/uploads\/2025\/12\/SGBII-UnionNiederradII_251130-16-1536x1024.jpg 1536w, https:\/\/insideamateurfussball-ffm.de\/wp-content\/uploads\/2025\/12\/SGBII-UnionNiederradII_251130-16-2048x1365.jpg 2048w\" sizes=\"auto, (max-width: 640px) 100vw, 640px\" \/><figcaption id=\"caption-attachment-29830\" class=\"wp-caption-text\">Szene aus Bornheim II &#8211; Union Niederrad II. Foto: Andre Sturmeit.\u00a0<\/figcaption><\/figure>\n<h3>SG Bornheim\/Gr\u00fcn-Wei\u00df II &#8211; FC Union Niederrad II 4:0 (1:0)<\/h3>\n<p><img loading=\"lazy\" decoding=\"async\" class=\"alignnone size-full wp-image-119\" src=\"http:\/\/insideamateurfussball-ffm.de\/wp-content\/uploads\/2022\/05\/Bornheim.jpg\" alt=\"\" width=\"80\" height=\"80\" \/><img loading=\"lazy\" decoding=\"async\" class=\"alignnone size-full wp-image-38\" src=\"http:\/\/insideamateurfussball-ffm.de\/wp-content\/uploads\/2021\/11\/Union-Niederrad.jpg\" alt=\"\" width=\"80\" height=\"80\" \/><\/p>\n<p>Den Gastgebern wurden im ersten Abschnitt zwei Treffer aberkannt. Tomislav Cudina stand zuvor im Abseits und Germain Luc Amoah hatte zuvor ein Handspiel begangen.<\/p>\n<p>Unterschiedsspieler Josh Haas brachte Bornheim II vor der Pause in F\u00fchrung (40.). Nach dem Seitenwechsel umkurvte Haas den Niederr\u00e4der Torwart Loris Udovicic und schob zum 2:0 ein (70.).<\/p>\n<h3><span style=\"text-decoration: underline;\">Union II abh\u00e4ngig vom Klassenerhalt der Union in der Kreisoberliga<\/span><\/h3>\n<p>Sein kongenialer Partner Cudina erh\u00f6hte auf 3:0 (76.), Routinier Moritz Schneider setzte den Schlusspunkt zum 4:0 (86.). F\u00fcr Bornheims Trainer Christian Ehmes haben die G\u00e4ste es seinem Team &#8222;in der ersten Halbzeit schwergemacht.&#8220; G\u00e4stecoach Stefanos Ioannou fand &#8222;Bornheim spielerisch stark, wir h\u00e4tten aber auch das eine oder andere Tor machen k\u00f6nnen.&#8220;<\/p>\n<p>Sein Team liegt als Aufsteiger auf Rang acht solide, muss aber hoffen, dass die in der Kreisoberliga auf einem Abstiegsplatz stehende Erste Mannschaft der Unioner den Klassenerhalt schafft. Ansonsten m\u00fcsste Union II unabh\u00e4ngig von der Endplatzierung wieder absteigen und dann m\u00fcsste auch Union III aus der B-Klasse &#8211; aktuell auf Rang zw\u00f6lf &#8211; in die C-Liga runter, der sogenannte Bumerangeffekt.\u00a0<\/p>\n<h3><span style=\"text-decoration: underline;\">Schiedsrichter: Michael Flohr (SC Dortelweil). Zuschauer: 30. <\/span><\/h3>\n<h3><span style=\"text-decoration: underline;\">Tore: 1:0, 2:0 Josh Haas (40.\/70.), 3:0 Tomislav Cudina (76.), 4:0 Moritz Schneider (86.). <\/span><\/h3>\n<h3><span style=\"text-decoration: underline;\">Bildergalerie: Andre Sturmeit.<\/span><\/h3>\n\n\n<figure class=\"wp-block-image size-large\"><img loading=\"lazy\" decoding=\"async\" width=\"1024\" height=\"683\" src=\"https:\/\/insideamateurfussball-ffm.de\/wp-content\/uploads\/2025\/12\/SGBII-UnionNiederradII_251130-72-1024x683.jpg\" alt=\"\" class=\"wp-image-29831\" srcset=\"https:\/\/insideamateurfussball-ffm.de\/wp-content\/uploads\/2025\/12\/SGBII-UnionNiederradII_251130-72-1024x683.jpg 1024w, https:\/\/insideamateurfussball-ffm.de\/wp-content\/uploads\/2025\/12\/SGBII-UnionNiederradII_251130-72-300x200.jpg 300w, https:\/\/insideamateurfussball-ffm.de\/wp-content\/uploads\/2025\/12\/SGBII-UnionNiederradII_251130-72-768x512.jpg 768w, https:\/\/insideamateurfussball-ffm.de\/wp-content\/uploads\/2025\/12\/SGBII-UnionNiederradII_251130-72-1536x1024.jpg 1536w, https:\/\/insideamateurfussball-ffm.de\/wp-content\/uploads\/2025\/12\/SGBII-UnionNiederradII_251130-72-2048x1365.jpg 2048w\" sizes=\"auto, (max-width: 1024px) 100vw, 1024px\" \/><\/figure>\n\n\n\n<figure class=\"wp-block-gallery has-nested-images columns-default is-cropped wp-block-gallery-1 is-layout-flex wp-block-gallery-is-layout-flex\">\n<figure class=\"wp-block-image size-large\"><img loading=\"lazy\" decoding=\"async\" width=\"1024\" height=\"683\" data-id=\"29832\" src=\"https:\/\/insideamateurfussball-ffm.de\/wp-content\/uploads\/2025\/12\/SGBII-UnionNiederradII_251130-105-1024x683.jpg\" alt=\"\" class=\"wp-image-29832\" srcset=\"https:\/\/insideamateurfussball-ffm.de\/wp-content\/uploads\/2025\/12\/SGBII-UnionNiederradII_251130-105-1024x683.jpg 1024w, https:\/\/insideamateurfussball-ffm.de\/wp-content\/uploads\/2025\/12\/SGBII-UnionNiederradII_251130-105-300x200.jpg 300w, https:\/\/insideamateurfussball-ffm.de\/wp-content\/uploads\/2025\/12\/SGBII-UnionNiederradII_251130-105-768x512.jpg 768w, https:\/\/insideamateurfussball-ffm.de\/wp-content\/uploads\/2025\/12\/SGBII-UnionNiederradII_251130-105-1536x1024.jpg 1536w, https:\/\/insideamateurfussball-ffm.de\/wp-content\/uploads\/2025\/12\/SGBII-UnionNiederradII_251130-105-2048x1365.jpg 2048w\" sizes=\"auto, (max-width: 1024px) 100vw, 1024px\" \/><\/figure>\n<\/figure>\n\n\n\n<figure class=\"wp-block-image size-large\"><img loading=\"lazy\" decoding=\"async\" width=\"1024\" height=\"683\" src=\"https:\/\/insideamateurfussball-ffm.de\/wp-content\/uploads\/2025\/12\/SGBII-UnionNiederradII_251130-178-1024x683.jpg\" alt=\"\" class=\"wp-image-29833\" srcset=\"https:\/\/insideamateurfussball-ffm.de\/wp-content\/uploads\/2025\/12\/SGBII-UnionNiederradII_251130-178-1024x683.jpg 1024w, https:\/\/insideamateurfussball-ffm.de\/wp-content\/uploads\/2025\/12\/SGBII-UnionNiederradII_251130-178-300x200.jpg 300w, https:\/\/insideamateurfussball-ffm.de\/wp-content\/uploads\/2025\/12\/SGBII-UnionNiederradII_251130-178-768x512.jpg 768w, https:\/\/insideamateurfussball-ffm.de\/wp-content\/uploads\/2025\/12\/SGBII-UnionNiederradII_251130-178-1536x1024.jpg 1536w, https:\/\/insideamateurfussball-ffm.de\/wp-content\/uploads\/2025\/12\/SGBII-UnionNiederradII_251130-178-2048x1366.jpg 2048w\" sizes=\"auto, (max-width: 1024px) 100vw, 1024px\" \/><\/figure>\n\n\n\n<figure class=\"wp-block-image size-large\"><img loading=\"lazy\" decoding=\"async\" width=\"1024\" height=\"683\" src=\"https:\/\/insideamateurfussball-ffm.de\/wp-content\/uploads\/2025\/12\/SGBII-UnionNiederradII_251130-245-1024x683.jpg\" alt=\"\" class=\"wp-image-29834\" srcset=\"https:\/\/insideamateurfussball-ffm.de\/wp-content\/uploads\/2025\/12\/SGBII-UnionNiederradII_251130-245-1024x683.jpg 1024w, https:\/\/insideamateurfussball-ffm.de\/wp-content\/uploads\/2025\/12\/SGBII-UnionNiederradII_251130-245-300x200.jpg 300w, https:\/\/insideamateurfussball-ffm.de\/wp-content\/uploads\/2025\/12\/SGBII-UnionNiederradII_251130-245-768x512.jpg 768w, https:\/\/insideamateurfussball-ffm.de\/wp-content\/uploads\/2025\/12\/SGBII-UnionNiederradII_251130-245-1536x1024.jpg 1536w, https:\/\/insideamateurfussball-ffm.de\/wp-content\/uploads\/2025\/12\/SGBII-UnionNiederradII_251130-245-2048x1365.jpg 2048w\" sizes=\"auto, (max-width: 1024px) 100vw, 1024px\" \/><\/figure>\n\n\n\n<figure class=\"wp-block-image size-large\"><img loading=\"lazy\" decoding=\"async\" width=\"1024\" height=\"683\" src=\"https:\/\/insideamateurfussball-ffm.de\/wp-content\/uploads\/2025\/12\/SGBII-UnionNiederradII_251130-299-1024x683.jpg\" alt=\"\" class=\"wp-image-29835\" srcset=\"https:\/\/insideamateurfussball-ffm.de\/wp-content\/uploads\/2025\/12\/SGBII-UnionNiederradII_251130-299-1024x683.jpg 1024w, https:\/\/insideamateurfussball-ffm.de\/wp-content\/uploads\/2025\/12\/SGBII-UnionNiederradII_251130-299-300x200.jpg 300w, https:\/\/insideamateurfussball-ffm.de\/wp-content\/uploads\/2025\/12\/SGBII-UnionNiederradII_251130-299-768x512.jpg 768w, https:\/\/insideamateurfussball-ffm.de\/wp-content\/uploads\/2025\/12\/SGBII-UnionNiederradII_251130-299-1536x1024.jpg 1536w, https:\/\/insideamateurfussball-ffm.de\/wp-content\/uploads\/2025\/12\/SGBII-UnionNiederradII_251130-299-2048x1365.jpg 2048w\" sizes=\"auto, (max-width: 1024px) 100vw, 1024px\" \/><\/figure>\n\n\n\n<figure class=\"wp-block-image size-large\"><img loading=\"lazy\" decoding=\"async\" width=\"1024\" height=\"683\" src=\"https:\/\/insideamateurfussball-ffm.de\/wp-content\/uploads\/2025\/12\/SGBII-UnionNiederradII_251130-35-1024x683.jpg\" alt=\"\" class=\"wp-image-29836\" srcset=\"https:\/\/insideamateurfussball-ffm.de\/wp-content\/uploads\/2025\/12\/SGBII-UnionNiederradII_251130-35-1024x683.jpg 1024w, https:\/\/insideamateurfussball-ffm.de\/wp-content\/uploads\/2025\/12\/SGBII-UnionNiederradII_251130-35-300x200.jpg 300w, https:\/\/insideamateurfussball-ffm.de\/wp-content\/uploads\/2025\/12\/SGBII-UnionNiederradII_251130-35-768x512.jpg 768w, https:\/\/insideamateurfussball-ffm.de\/wp-content\/uploads\/2025\/12\/SGBII-UnionNiederradII_251130-35-1536x1024.jpg 1536w, https:\/\/insideamateurfussball-ffm.de\/wp-content\/uploads\/2025\/12\/SGBII-UnionNiederradII_251130-35-2048x1365.jpg 2048w\" sizes=\"auto, (max-width: 1024px) 100vw, 1024px\" \/><\/figure>\n\n\n\n<figure class=\"wp-block-image size-large\"><img loading=\"lazy\" decoding=\"async\" width=\"1024\" height=\"683\" src=\"https:\/\/insideamateurfussball-ffm.de\/wp-content\/uploads\/2025\/12\/SGBII-UnionNiederradII_251130-84-1024x683.jpg\" alt=\"\" class=\"wp-image-29837\" srcset=\"https:\/\/insideamateurfussball-ffm.de\/wp-content\/uploads\/2025\/12\/SGBII-UnionNiederradII_251130-84-1024x683.jpg 1024w, https:\/\/insideamateurfussball-ffm.de\/wp-content\/uploads\/2025\/12\/SGBII-UnionNiederradII_251130-84-300x200.jpg 300w, https:\/\/insideamateurfussball-ffm.de\/wp-content\/uploads\/2025\/12\/SGBII-UnionNiederradII_251130-84-768x512.jpg 768w, https:\/\/insideamateurfussball-ffm.de\/wp-content\/uploads\/2025\/12\/SGBII-UnionNiederradII_251130-84-1536x1024.jpg 1536w, https:\/\/insideamateurfussball-ffm.de\/wp-content\/uploads\/2025\/12\/SGBII-UnionNiederradII_251130-84-2048x1365.jpg 2048w\" sizes=\"auto, (max-width: 1024px) 100vw, 1024px\" \/><\/figure>\n\n\n\n<figure class=\"wp-block-image size-large\"><img loading=\"lazy\" decoding=\"async\" width=\"1024\" height=\"683\" src=\"https:\/\/insideamateurfussball-ffm.de\/wp-content\/uploads\/2025\/12\/SGBII-UnionNiederradII_251130-137-1024x683.jpg\" alt=\"\" class=\"wp-image-29838\" srcset=\"https:\/\/insideamateurfussball-ffm.de\/wp-content\/uploads\/2025\/12\/SGBII-UnionNiederradII_251130-137-1024x683.jpg 1024w, https:\/\/insideamateurfussball-ffm.de\/wp-content\/uploads\/2025\/12\/SGBII-UnionNiederradII_251130-137-300x200.jpg 300w, https:\/\/insideamateurfussball-ffm.de\/wp-content\/uploads\/2025\/12\/SGBII-UnionNiederradII_251130-137-768x512.jpg 768w, https:\/\/insideamateurfussball-ffm.de\/wp-content\/uploads\/2025\/12\/SGBII-UnionNiederradII_251130-137-1536x1024.jpg 1536w, https:\/\/insideamateurfussball-ffm.de\/wp-content\/uploads\/2025\/12\/SGBII-UnionNiederradII_251130-137-2048x1365.jpg 2048w\" sizes=\"auto, (max-width: 1024px) 100vw, 1024px\" \/><\/figure>\n\n\n\n<figure class=\"wp-block-image size-large\"><img loading=\"lazy\" decoding=\"async\" width=\"1024\" height=\"683\" src=\"https:\/\/insideamateurfussball-ffm.de\/wp-content\/uploads\/2025\/12\/SGBII-UnionNiederradII_251130-211-1024x683.jpg\" alt=\"\" class=\"wp-image-29839\" srcset=\"https:\/\/insideamateurfussball-ffm.de\/wp-content\/uploads\/2025\/12\/SGBII-UnionNiederradII_251130-211-1024x683.jpg 1024w, https:\/\/insideamateurfussball-ffm.de\/wp-content\/uploads\/2025\/12\/SGBII-UnionNiederradII_251130-211-300x200.jpg 300w, https:\/\/insideamateurfussball-ffm.de\/wp-content\/uploads\/2025\/12\/SGBII-UnionNiederradII_251130-211-768x512.jpg 768w, https:\/\/insideamateurfussball-ffm.de\/wp-content\/uploads\/2025\/12\/SGBII-UnionNiederradII_251130-211-1536x1024.jpg 1536w, https:\/\/insideamateurfussball-ffm.de\/wp-content\/uploads\/2025\/12\/SGBII-UnionNiederradII_251130-211-2048x1365.jpg 2048w\" sizes=\"auto, (max-width: 1024px) 100vw, 1024px\" \/><\/figure>\n\n\n\n<figure class=\"wp-block-image size-large\"><img loading=\"lazy\" decoding=\"async\" width=\"1024\" height=\"683\" src=\"https:\/\/insideamateurfussball-ffm.de\/wp-content\/uploads\/2025\/12\/SGBII-UnionNiederradII_251130-275-1024x683.jpg\" alt=\"\" class=\"wp-image-29840\" srcset=\"https:\/\/insideamateurfussball-ffm.de\/wp-content\/uploads\/2025\/12\/SGBII-UnionNiederradII_251130-275-1024x683.jpg 1024w, https:\/\/insideamateurfussball-ffm.de\/wp-content\/uploads\/2025\/12\/SGBII-UnionNiederradII_251130-275-300x200.jpg 300w, https:\/\/insideamateurfussball-ffm.de\/wp-content\/uploads\/2025\/12\/SGBII-UnionNiederradII_251130-275-768x512.jpg 768w, https:\/\/insideamateurfussball-ffm.de\/wp-content\/uploads\/2025\/12\/SGBII-UnionNiederradII_251130-275-1536x1024.jpg 1536w, https:\/\/insideamateurfussball-ffm.de\/wp-content\/uploads\/2025\/12\/SGBII-UnionNiederradII_251130-275-2048x1365.jpg 2048w\" sizes=\"auto, (max-width: 1024px) 100vw, 1024px\" \/><\/figure>\n\n\n\n<figure class=\"wp-block-image size-large\"><img loading=\"lazy\" decoding=\"async\" width=\"1024\" height=\"683\" src=\"https:\/\/insideamateurfussball-ffm.de\/wp-content\/uploads\/2025\/12\/SGBII-UnionNiederradII_251130-3-1024x683.jpg\" alt=\"\" class=\"wp-image-29841\" srcset=\"https:\/\/insideamateurfussball-ffm.de\/wp-content\/uploads\/2025\/12\/SGBII-UnionNiederradII_251130-3-1024x683.jpg 1024w, https:\/\/insideamateurfussball-ffm.de\/wp-content\/uploads\/2025\/12\/SGBII-UnionNiederradII_251130-3-300x200.jpg 300w, https:\/\/insideamateurfussball-ffm.de\/wp-content\/uploads\/2025\/12\/SGBII-UnionNiederradII_251130-3-768x512.jpg 768w, https:\/\/insideamateurfussball-ffm.de\/wp-content\/uploads\/2025\/12\/SGBII-UnionNiederradII_251130-3-1536x1024.jpg 1536w, https:\/\/insideamateurfussball-ffm.de\/wp-content\/uploads\/2025\/12\/SGBII-UnionNiederradII_251130-3-2048x1365.jpg 2048w\" sizes=\"auto, (max-width: 1024px) 100vw, 1024px\" \/><\/figure>\n\n\n\n<figure class=\"wp-block-image size-large\"><img loading=\"lazy\" decoding=\"async\" width=\"1024\" height=\"683\" src=\"https:\/\/insideamateurfussball-ffm.de\/wp-content\/uploads\/2025\/12\/SGBII-UnionNiederradII_251130-57-1024x683.jpg\" alt=\"\" class=\"wp-image-29842\" srcset=\"https:\/\/insideamateurfussball-ffm.de\/wp-content\/uploads\/2025\/12\/SGBII-UnionNiederradII_251130-57-1024x683.jpg 1024w, https:\/\/insideamateurfussball-ffm.de\/wp-content\/uploads\/2025\/12\/SGBII-UnionNiederradII_251130-57-300x200.jpg 300w, https:\/\/insideamateurfussball-ffm.de\/wp-content\/uploads\/2025\/12\/SGBII-UnionNiederradII_251130-57-768x512.jpg 768w, https:\/\/insideamateurfussball-ffm.de\/wp-content\/uploads\/2025\/12\/SGBII-UnionNiederradII_251130-57-1536x1024.jpg 1536w, https:\/\/insideamateurfussball-ffm.de\/wp-content\/uploads\/2025\/12\/SGBII-UnionNiederradII_251130-57-2048x1365.jpg 2048w\" sizes=\"auto, (max-width: 1024px) 100vw, 1024px\" \/><\/figure>\n\n\n\n<figure class=\"wp-block-image size-large\"><img loading=\"lazy\" decoding=\"async\" width=\"1024\" height=\"682\" src=\"https:\/\/insideamateurfussball-ffm.de\/wp-content\/uploads\/2025\/12\/SGBII-UnionNiederradII_251130-94-1024x682.jpg\" alt=\"\" class=\"wp-image-29843\" srcset=\"https:\/\/insideamateurfussball-ffm.de\/wp-content\/uploads\/2025\/12\/SGBII-UnionNiederradII_251130-94-1024x682.jpg 1024w, https:\/\/insideamateurfussball-ffm.de\/wp-content\/uploads\/2025\/12\/SGBII-UnionNiederradII_251130-94-300x200.jpg 300w, https:\/\/insideamateurfussball-ffm.de\/wp-content\/uploads\/2025\/12\/SGBII-UnionNiederradII_251130-94-768x512.jpg 768w, https:\/\/insideamateurfussball-ffm.de\/wp-content\/uploads\/2025\/12\/SGBII-UnionNiederradII_251130-94-1536x1024.jpg 1536w, https:\/\/insideamateurfussball-ffm.de\/wp-content\/uploads\/2025\/12\/SGBII-UnionNiederradII_251130-94-2048x1365.jpg 2048w\" sizes=\"auto, (max-width: 1024px) 100vw, 1024px\" \/><\/figure>\n\n\n\n<figure class=\"wp-block-image size-large\"><img loading=\"lazy\" decoding=\"async\" width=\"1024\" height=\"683\" src=\"https:\/\/insideamateurfussball-ffm.de\/wp-content\/uploads\/2025\/12\/SGBII-UnionNiederradII_251130-160-1024x683.jpg\" alt=\"\" class=\"wp-image-29844\" srcset=\"https:\/\/insideamateurfussball-ffm.de\/wp-content\/uploads\/2025\/12\/SGBII-UnionNiederradII_251130-160-1024x683.jpg 1024w, https:\/\/insideamateurfussball-ffm.de\/wp-content\/uploads\/2025\/12\/SGBII-UnionNiederradII_251130-160-300x200.jpg 300w, https:\/\/insideamateurfussball-ffm.de\/wp-content\/uploads\/2025\/12\/SGBII-UnionNiederradII_251130-160-768x512.jpg 768w, https:\/\/insideamateurfussball-ffm.de\/wp-content\/uploads\/2025\/12\/SGBII-UnionNiederradII_251130-160-1536x1024.jpg 1536w, https:\/\/insideamateurfussball-ffm.de\/wp-content\/uploads\/2025\/12\/SGBII-UnionNiederradII_251130-160-2048x1365.jpg 2048w\" sizes=\"auto, (max-width: 1024px) 100vw, 1024px\" \/><\/figure>\n\n\n\n<figure class=\"wp-block-image size-large\"><img loading=\"lazy\" decoding=\"async\" width=\"1024\" height=\"683\" src=\"https:\/\/insideamateurfussball-ffm.de\/wp-content\/uploads\/2025\/12\/SGBII-UnionNiederradII_251130-225-1024x683.jpg\" alt=\"\" class=\"wp-image-29845\" srcset=\"https:\/\/insideamateurfussball-ffm.de\/wp-content\/uploads\/2025\/12\/SGBII-UnionNiederradII_251130-225-1024x683.jpg 1024w, https:\/\/insideamateurfussball-ffm.de\/wp-content\/uploads\/2025\/12\/SGBII-UnionNiederradII_251130-225-300x200.jpg 300w, https:\/\/insideamateurfussball-ffm.de\/wp-content\/uploads\/2025\/12\/SGBII-UnionNiederradII_251130-225-768x512.jpg 768w, https:\/\/insideamateurfussball-ffm.de\/wp-content\/uploads\/2025\/12\/SGBII-UnionNiederradII_251130-225-1536x1024.jpg 1536w, https:\/\/insideamateurfussball-ffm.de\/wp-content\/uploads\/2025\/12\/SGBII-UnionNiederradII_251130-225-2048x1365.jpg 2048w\" sizes=\"auto, (max-width: 1024px) 100vw, 1024px\" \/><\/figure>\n\n\n\n<figure class=\"wp-block-image size-large\"><img loading=\"lazy\" decoding=\"async\" width=\"1024\" height=\"683\" src=\"https:\/\/insideamateurfussball-ffm.de\/wp-content\/uploads\/2025\/12\/SGBII-UnionNiederradII_251130-286-1024x683.jpg\" alt=\"\" class=\"wp-image-29846\" srcset=\"https:\/\/insideamateurfussball-ffm.de\/wp-content\/uploads\/2025\/12\/SGBII-UnionNiederradII_251130-286-1024x683.jpg 1024w, https:\/\/insideamateurfussball-ffm.de\/wp-content\/uploads\/2025\/12\/SGBII-UnionNiederradII_251130-286-300x200.jpg 300w, https:\/\/insideamateurfussball-ffm.de\/wp-content\/uploads\/2025\/12\/SGBII-UnionNiederradII_251130-286-768x512.jpg 768w, https:\/\/insideamateurfussball-ffm.de\/wp-content\/uploads\/2025\/12\/SGBII-UnionNiederradII_251130-286-1536x1024.jpg 1536w, https:\/\/insideamateurfussball-ffm.de\/wp-content\/uploads\/2025\/12\/SGBII-UnionNiederradII_251130-286-2048x1365.jpg 2048w\" sizes=\"auto, (max-width: 1024px) 100vw, 1024px\" \/><\/figure>\n\n\n\n<figure class=\"wp-block-image size-large\"><img loading=\"lazy\" decoding=\"async\" width=\"1024\" height=\"683\" src=\"https:\/\/insideamateurfussball-ffm.de\/wp-content\/uploads\/2025\/12\/SGBII-UnionNiederradII_251130-6-1024x683.jpg\" alt=\"\" class=\"wp-image-29847\" srcset=\"https:\/\/insideamateurfussball-ffm.de\/wp-content\/uploads\/2025\/12\/SGBII-UnionNiederradII_251130-6-1024x683.jpg 1024w, https:\/\/insideamateurfussball-ffm.de\/wp-content\/uploads\/2025\/12\/SGBII-UnionNiederradII_251130-6-300x200.jpg 300w, https:\/\/insideamateurfussball-ffm.de\/wp-content\/uploads\/2025\/12\/SGBII-UnionNiederradII_251130-6-768x512.jpg 768w, https:\/\/insideamateurfussball-ffm.de\/wp-content\/uploads\/2025\/12\/SGBII-UnionNiederradII_251130-6-1536x1024.jpg 1536w, https:\/\/insideamateurfussball-ffm.de\/wp-content\/uploads\/2025\/12\/SGBII-UnionNiederradII_251130-6-2048x1365.jpg 2048w\" sizes=\"auto, (max-width: 1024px) 100vw, 1024px\" \/><\/figure>\n","protected":false},"excerpt":{"rendered":"<p>Eine Bildergalerie von SGB-Fotograf Andre Sturmeit erreichte uns noch vom 4:0-Heimsieg der SG Bornheim\/Gr\u00fcn-Wei\u00df II in der Kreisliga A Gruppe 2 gegen den FC Union Niederrad II mit der die Bornheimer auf dem Weg zum angepeilten Wiederaufstieg in die Kreisoberliga die Tabellenf\u00fchrung behaupteten.\u00a0 SG Bornheim\/Gr\u00fcn-Wei\u00df II &#8211; FC Union Niederrad II 4:0 (1:0) Den Gastgebern [&hellip;]<\/p>\n","protected":false},"author":1,"featured_media":29830,"comment_status":"closed","ping_status":"closed","sticky":true,"template":"","format":"standard","meta":{"footnotes":""},"categories":[14],"tags":[],"class_list":["post-29829","post","type-post","status-publish","format-standard","has-post-thumbnail","hentry","category-kreisliga-a2"],"_links":{"self":[{"href":"https:\/\/insideamateurfussball-ffm.de\/index.php?rest_route=\/wp\/v2\/posts\/29829","targetHints":{"allow":["GET"]}}],"collection":[{"href":"https:\/\/insideamateurfussball-ffm.de\/index.php?rest_route=\/wp\/v2\/posts"}],"about":[{"href":"https:\/\/insideamateurfussball-ffm.de\/index.php?rest_route=\/wp\/v2\/types\/post"}],"author":[{"embeddable":true,"href":"https:\/\/insideamateurfussball-ffm.de\/index.php?rest_route=\/wp\/v2\/users\/1"}],"replies":[{"embeddable":true,"href":"https:\/\/insideamateurfussball-ffm.de\/index.php?rest_route=%2Fwp%2Fv2%2Fcomments&post=29829"}],"version-history":[{"count":1,"href":"https:\/\/insideamateurfussball-ffm.de\/index.php?rest_route=\/wp\/v2\/posts\/29829\/revisions"}],"predecessor-version":[{"id":29848,"href":"https:\/\/insideamateurfussball-ffm.de\/index.php?rest_route=\/wp\/v2\/posts\/29829\/revisions\/29848"}],"wp:featuredmedia":[{"embeddable":true,"href":"https:\/\/insideamateurfussball-ffm.de\/index.php?rest_route=\/wp\/v2\/media\/29830"}],"wp:attachment":[{"href":"https:\/\/insideamateurfussball-ffm.de\/index.php?rest_route=%2Fwp%2Fv2%2Fmedia&parent=29829"}],"wp:term":[{"taxonomy":"category","embeddable":true,"href":"https:\/\/insideamateurfussball-ffm.de\/index.php?rest_route=%2Fwp%2Fv2%2Fcategories&post=29829"},{"taxonomy":"post_tag","embeddable":true,"href":"https:\/\/insideamateurfussball-ffm.de\/index.php?rest_route=%2Fwp%2Fv2%2Ftags&post=29829"}],"curies":[{"name":"wp","href":"https:\/\/api.w.org\/{rel}","templated":true}]}}