{"id":29826,"date":"2025-12-04T20:46:09","date_gmt":"2025-12-04T19:46:09","guid":{"rendered":"https:\/\/insideamateurfussball-ffm.de\/?p=29826"},"modified":"2025-12-04T20:46:09","modified_gmt":"2025-12-04T19:46:09","slug":"viktoria-preussen-gewinnt-bei-dezimiertem-fc-posavina","status":"publish","type":"post","link":"https:\/\/insideamateurfussball-ffm.de\/?p=29826","title":{"rendered":"Viktoria Preu\u00dfen gewinnt bei dezimiertem FC Posavina"},"content":{"rendered":"<h3>Der FC Posavina bekam f\u00fcr die Heimpartie gegen den SV Viktoria Preu\u00dfen nur elf Spieler zusammen, agierte ohne Auswechselspieler und verlor im zweiten Abschnitt insgesamt drei Akteure wegen Verletzungen. Gegen acht Heimakteure gelang den abstiegsgef\u00e4hrdeten G\u00e4sten in der Nachspielzeit noch der Treffer zum 3:2-Ausw\u00e4rtssieg.<\/h3>\n<figure id=\"attachment_29827\" aria-describedby=\"caption-attachment-29827\" style=\"width: 960px\" class=\"wp-caption alignnone\"><img loading=\"lazy\" decoding=\"async\" class=\"wp-image-29827 size-full\" src=\"http:\/\/insideamateurfussball-ffm.de\/wp-content\/uploads\/2025\/12\/Po-Preu.jpg\" alt=\"\" width=\"960\" height=\"614\" srcset=\"https:\/\/insideamateurfussball-ffm.de\/wp-content\/uploads\/2025\/12\/Po-Preu.jpg 960w, https:\/\/insideamateurfussball-ffm.de\/wp-content\/uploads\/2025\/12\/Po-Preu-300x192.jpg 300w, https:\/\/insideamateurfussball-ffm.de\/wp-content\/uploads\/2025\/12\/Po-Preu-768x491.jpg 768w\" sizes=\"auto, (max-width: 960px) 100vw, 960px\" \/><figcaption id=\"caption-attachment-29827\" class=\"wp-caption-text\">Da war Posavina in blau noch komplett, die Bank blieb aber komplett leer. Foto: SV Viktoria Preu\u00dfen.<\/figcaption><\/figure>\n<h3>FC Posavina &#8211; SV Viktoria Preu\u00dfen 2:3 (2:1)<\/h3>\n<p><img loading=\"lazy\" decoding=\"async\" class=\"alignnone size-full wp-image-22\" src=\"http:\/\/insideamateurfussball-ffm.de\/wp-content\/uploads\/2021\/11\/posavina.jpg\" alt=\"\" width=\"63\" height=\"80\" \/><img loading=\"lazy\" decoding=\"async\" class=\"alignnone size-full wp-image-12\" src=\"http:\/\/insideamateurfussball-ffm.de\/wp-content\/uploads\/2021\/11\/preussen.jpg\" alt=\"\" width=\"72\" height=\"80\" \/><\/p>\n<p>Posavina wollte das Spiel wegen der j\u00e4hrlichen Vereinsfeier &#8222;Posavska&#8220;, die am Samstagabend in Heusenstamm \u00fcber die B\u00fchne ging, gerne auf einen Wochentag verlegen, doch die G\u00e4ste stimmten dem nicht zu. &#8222;Die wollten am Freitagabend spielen, aber da habe ich drei Spieler, die arbeiten. In unserer Situation kann ich es mir nicht erlauben ohne drei Spieler irgendwo hinzufahren, wenn wir gegen den Abstieg spielen&#8220;, begr\u00fcndete Preu\u00dfen-Trainer Artur Rissling. Die Gastgeber, die aus dem Pokalspiel in Nieder-Eschbach (2:4 nach Verl\u00e4ngerung) zwei gesperrte Spieler und zahlreiche verletzte zu beklagen hatten, spielten sogar mit Trainer Danijel Koturic in der Anfangself, Ersatzspieler waren wie eingangs erw\u00e4hnt keine vorhanden.<\/p>\n<p>&#8222;Das war ein bitterer Nachmittag, nachdem wir am Samstagabend rund 800 Teilnehmer an der Veranstaltung hatten&#8220;, erkl\u00e4rte Posavina-Pressesprecher Ante Pejic. Die Kroaten kamen gut in die Partie und gingen durch Anto Arlovic in F\u00fchrung (10.). Nachdem bei den G\u00e4sten Routinier Maik Wagner eingewechselt wurde (30.), glich Preu\u00dfen-Torj\u00e4ger Pascal Bausch per Foulelfmeter aus (38.). Kurz vor dem Seitenwechsel ging Posavina erneut in F\u00fchrung, denn Okan Tastan markierte das 2:1 (45.\/+1). Unmittelbar nach Wiederbeginn egalisierten die G\u00e4ste durch Ilias Dini (46.) und dann begann das Verletzungsmalheur bei den Posavinern. Tastan musste in der 52. Minute mit ausgekugelter Schulter raus und mit dem Rettungswagen abgeholt werden, die Gastgeber fortan zu zehnt. Minute 85: Auch Ivan Vukovic verletzt sich, muss mit dem Rettungswagen abgeholt werden.<\/p>\n<h3><span style=\"text-decoration: underline;\">Posavina am Ende mit acht Mann auf dem Feld!<\/span><\/h3>\n<p>Posavina zu neunt. Minute 90.+6: Es steht immer noch 2:2 und Goalgetter Arlovic passiert das gleiche. Auch er muss verletzt raus, der Rettungswagen nimmt ihn gleich mit. Posavina zu acht! Ein 2:2 w\u00e4re unter diesen Umst\u00e4nden ein achtbares Resultat gewesen, doch in der langen Nachspielzeit bekommen die G\u00e4ste gegen die geschockten Kroaten noch einen Foulelfmeter zugesprochen, den Bausch mit seinem 21. Saisontreffer verwandelt (90.\/+8). &#8222;Trotz viel Einsatz und der dreifachen Unterzahl mussten wir uns am Ende geschlagen geben&#8220;, sagte Pejic nach der vierten Pflichtspielniederlage in Folge, die Posavina aus dem Kreise der Aufstiegsaspiranten auf Rang sechs abfallen l\u00e4sst. F\u00fcr Viktoria Preu\u00dfen war der Sieg sehr wichtig, da man nun bei drei mutma\u00dflichen Absteigern auf Relegationsplatz 14 steht.<\/p>\n<p>&#8222;Wir m\u00fcssen uns nicht daf\u00fcr entschuldigen, dass der Gegner nur mit elf Mann da war. Wir sind auch manchmal unterbesetzt. Gute Besserung an die verletzten Spieler von unserer Seite. Es waren ganz wichtige drei Punkte, auch wenn wir in \u00dcberzahl waren, war der Sieg verdient. Ich hatte mehr Leute auf der Bank und konnte nachlegen&#8220;, meinte Rissling. Zum angek\u00fcndigten Deb\u00fct von Neu-St\u00fcrmer Stefano Amore kam es derweil noch nicht, vielleicht im Heimspiel am Sonntag gegen die Spvgg. 02 Griesheim. Posavina hingegen hat noch einmal spielfrei und kann bis zum 14. Dezember, wenn es gegen GSU Hellas geht, seine Wunden auskurieren.<\/p>\n<h3><span style=\"text-decoration: underline;\">Schiedsrichter: Emil Schwarz (SG Bruchk\u00f6bel). Zuschauer: 40. <\/span><\/h3>\n<h3><span style=\"text-decoration: underline;\">Tore: 1:0 Anto Arlovic (10.), 1:1 Pascal Bausch (38.), 2:1 Okan Tastan (45.\/+1), 2:2 Ilias Dini (46.), 2:3 Pascal Bausch (90.\/+8, Foulelfmeter).<\/span><\/h3>\n","protected":false},"excerpt":{"rendered":"<p>Der FC Posavina bekam f\u00fcr die Heimpartie gegen den SV Viktoria Preu\u00dfen nur elf Spieler zusammen, agierte ohne Auswechselspieler und verlor im zweiten Abschnitt insgesamt drei Akteure wegen Verletzungen. Gegen acht Heimakteure gelang den abstiegsgef\u00e4hrdeten G\u00e4sten in der Nachspielzeit noch der Treffer zum 3:2-Ausw\u00e4rtssieg. FC Posavina &#8211; SV Viktoria Preu\u00dfen 2:3 (2:1) Posavina wollte das [&hellip;]<\/p>\n","protected":false},"author":1,"featured_media":29827,"comment_status":"closed","ping_status":"closed","sticky":true,"template":"","format":"standard","meta":{"footnotes":""},"categories":[2],"tags":[],"class_list":["post-29826","post","type-post","status-publish","format-standard","has-post-thumbnail","hentry","category-kreisoberliga-frankfurt"],"_links":{"self":[{"href":"https:\/\/insideamateurfussball-ffm.de\/index.php?rest_route=\/wp\/v2\/posts\/29826","targetHints":{"allow":["GET"]}}],"collection":[{"href":"https:\/\/insideamateurfussball-ffm.de\/index.php?rest_route=\/wp\/v2\/posts"}],"about":[{"href":"https:\/\/insideamateurfussball-ffm.de\/index.php?rest_route=\/wp\/v2\/types\/post"}],"author":[{"embeddable":true,"href":"https:\/\/insideamateurfussball-ffm.de\/index.php?rest_route=\/wp\/v2\/users\/1"}],"replies":[{"embeddable":true,"href":"https:\/\/insideamateurfussball-ffm.de\/index.php?rest_route=%2Fwp%2Fv2%2Fcomments&post=29826"}],"version-history":[{"count":1,"href":"https:\/\/insideamateurfussball-ffm.de\/index.php?rest_route=\/wp\/v2\/posts\/29826\/revisions"}],"predecessor-version":[{"id":29828,"href":"https:\/\/insideamateurfussball-ffm.de\/index.php?rest_route=\/wp\/v2\/posts\/29826\/revisions\/29828"}],"wp:featuredmedia":[{"embeddable":true,"href":"https:\/\/insideamateurfussball-ffm.de\/index.php?rest_route=\/wp\/v2\/media\/29827"}],"wp:attachment":[{"href":"https:\/\/insideamateurfussball-ffm.de\/index.php?rest_route=%2Fwp%2Fv2%2Fmedia&parent=29826"}],"wp:term":[{"taxonomy":"category","embeddable":true,"href":"https:\/\/insideamateurfussball-ffm.de\/index.php?rest_route=%2Fwp%2Fv2%2Fcategories&post=29826"},{"taxonomy":"post_tag","embeddable":true,"href":"https:\/\/insideamateurfussball-ffm.de\/index.php?rest_route=%2Fwp%2Fv2%2Ftags&post=29826"}],"curies":[{"name":"wp","href":"https:\/\/api.w.org\/{rel}","templated":true}]}}