{"id":2980,"date":"2022-10-03T04:00:23","date_gmt":"2022-10-03T02:00:23","guid":{"rendered":"http:\/\/insideamateurfussball-ffm.de\/?p=2980"},"modified":"2025-01-09T15:47:33","modified_gmt":"2025-01-09T14:47:33","slug":"heddernheim-haelt-80-minuten-in-unterzahl-stand","status":"publish","type":"post","link":"https:\/\/insideamateurfussball-ffm.de\/?p=2980","title":{"rendered":"Heddernheim h\u00e4lt 80 Minuten in Unterzahl Stand"},"content":{"rendered":"<h5><span style=\"font-size: 16px;\">Nach einem ereignisreichem Kellerduell in der Kreisoberliga Frankfurt bleiben der TSKV T\u00fcrkg\u00fcc\u00fc und der SV 07 Heddernheim nach Punkten gleichauf. Das 2:2 (2:2) half so wirklich keinem der Kontrahenten, sich von den m\u00f6glichen Abstiegspl\u00e4tzen zu entfernen. Da die G\u00e4ste aber ab der 11. Spielminute mit einem Mann weniger agieren mussten, war das f\u00fcnfte SVH-Remis in dieser Saison auf dem fast schon unbespielbaren Rasenplatz ein Punkt f\u00fcr die Moral.\u00a0<\/span><\/h5>\n<figure id=\"attachment_2981\" aria-describedby=\"caption-attachment-2981\" style=\"width: 311px\" class=\"wp-caption alignnone\"><img loading=\"lazy\" decoding=\"async\" class=\"wp-image-2981\" src=\"http:\/\/insideamateurfussball-ffm.de\/wp-content\/uploads\/2022\/10\/tuerk5-300x243.jpg\" alt=\"\" width=\"311\" height=\"252\" \/><figcaption id=\"caption-attachment-2981\" class=\"wp-caption-text\"><strong>Schiedsrichter Muamer Kuric verteilt in dieser Szene eine von vielen Gelben Karten. Der Heddernheimer Orazio Giorgianni regt sich dar\u00fcber auf, w\u00e4hrend T\u00fcrkg\u00fcc\u00fc-Kapit\u00e4n Emre Kadimli sich gelassen umdreht. Foto: Mithat G\u00fcrser.<\/strong><\/figcaption><\/figure>\n<h5><span style=\"font-size: 16px;\">TSKV T\u00fcrkg\u00fcc\u00fc &#8211; SV 07 Heddernheim 2:2 (2:2)<\/span><\/h5>\n<p><img loading=\"lazy\" decoding=\"async\" class=\"alignnone size-full wp-image-17\" src=\"http:\/\/insideamateurfussball-ffm.de\/wp-content\/uploads\/2021\/11\/Tuerkguecue.jpg\" alt=\"\" width=\"72\" height=\"80\" \/><img loading=\"lazy\" decoding=\"async\" class=\"alignnone size-full wp-image-282\" src=\"http:\/\/insideamateurfussball-ffm.de\/wp-content\/uploads\/2022\/05\/1sv07_news2_4511.jpg\" alt=\"\" width=\"80\" height=\"80\" \/><\/p>\n<p><span style=\"font-size: 16px; color: #999999;\">3:3, 3:3, 2:2, 2:2, 2:2 &#8211; die Unentschieden-Serie der Heddernheimer geht in dieser Saison munter weiter, doch diesmal war es ein Punkt unter anderen Begebenheiten f\u00fcr die Gr\u00fcn-Wei\u00dfen. Auf einem vom Regen v\u00f6llig aufgeweichten und fast schon unbespielbaren Platz war T\u00fcrkg\u00fcc\u00fc mit dem ersten Schlag nach vorne durch Schlitzohr Murat Tiryaki in F\u00fchrung gegangen (1.). 16 Sekunden lief da gerade die eben erst eingeschaltete Stoppuhr. Im Gegenzug bot sich Heddernheims St\u00fcrmer Christos Papadopoulos die Chance zum 1:1, doch der Grieche schoss knapp dr\u00fcber (2.). In der 11. Minute unterband SVH-Innenverteidiger Niels Gerbig einen langen Ball. Schiedsrichter Muamer Kuric, der schon in Bosniens 2. Liga gepfiffen haben soll, z\u00fcckte wegen Handspiels au\u00dferhalb des Strafraums die Rote Karte. Da nutzten alle vehementen Proteste der G\u00e4ste nichts, die der Meinung waren, Gerbig habe den Ball nur mit dem K\u00f6rper gestoppt. Heddernheim nahm die Situation nun an und versuchte auf dem gro\u00dfen Rasen, trotzdem nach vorne zu spielen. <\/span><\/p>\n<p><span style=\"font-size: 16px; color: #999999;\">Und wurde nach Foul an Oliver Solarz mit einem Foulelfmeter belohnt, den Kapit\u00e4n Antonie Willef\u00fchr zum Ausgleich verwandelte (19.). In den folgenden Szenen retteten die Gastgeber bei Abschl\u00fcssen von Papadopoulos (23.) und Solarz (25.) jeweils vor der Torlinie. Nach 26 Minuten setzte sich Solarz aber so stark in Szene, dass er \u00fcberlegt zum zweiten Treffer einschob &#8211; Heddernheim f\u00fchrte jetzt in Unterzahl. Die hielt aber nur zehn Minuten, weil der auf der Gegenseite immer brandgef\u00e4hrliche Tiryaki den Ball gekonnt annahm und SVH-Tormann Marcin Czukiewicz zum 2:2 \u00fcberwand (36.). Abzusehen war da noch nicht, dass es sich hierbei schon um den Endstand handeln w\u00fcrde. Zumal beide Seiten weiter nach vorne agierten und durch Freist\u00f6\u00dfe wie von TSKV-Kapit\u00e4n Emre Kadimli gef\u00e4hrlich blieben. Im zweiten Abschnitt versuchte auch Tino Matijevic in seiner Eigenschaft als Mann der ruhenden B\u00e4lle mit Freist\u00f6\u00dfen zum Erfolg zu kommen, doch einmal setzte der Ball auf und Keeper Vasile Crivoveazii lenkte den Ball zur Ecke.<\/span><\/p>\n<blockquote>\n<h5><span style=\"font-size: 16px;\">&#8222;Wir wollten lange B\u00e4lle \u00fcber die Au\u00dfen spielen und auf Fehler vom Gegner spekulieren&#8220; (T\u00fcrkg\u00fcc\u00fc-Interimstrainer Ercan Kadimli)<\/span><\/h5>\n<\/blockquote>\n<p><span style=\"font-size: 16px; color: #999999;\">Von der 70. bis zur 80. Minute spielten dann zehn gegen zehn Spieler, da Feyzullah Elmas von T\u00fcrkg\u00fcc\u00fc die Zeitstrafe erhielt. Der eingewechselte SVH-St\u00fcrmer Sadullah Erkmen hatte dann mit einem Superschuss den Siegtreffer vor der Brust, rechnete aber nicht mit der Superparade des rum\u00e4nischen TG-Torh\u00fcters Crivoveazii (84.). Fast ein Eigentor h\u00e4tte dann noch Heimakteur Erol G\u00fcler produziert, der eine Flanke von Rojhat \u00dcg\u00fct fast ins eigene Tor lenkte, so blieb es beim 2:2. T\u00fcrkg\u00fcc\u00fcs Interimstrainer Ercan Kadimli sagte nach der Partie, dass man merke &#8222;dass die Jungs zur Zeit kein Erfolgserlebnis haben, das merkt man in den K\u00f6pfen. Wir wollten lange B\u00e4lle \u00fcber die Au\u00dfen spielen und auf Fehler vom Gegner spekulieren. Es lief alles f\u00fcr uns, aber aus unerkl\u00e4rlichen Gr\u00fcnden haben wir den Gegner stark gemacht. Die Heddernheimer haben vorne mit ihren zwei, drei Leuten gute und gef\u00e4hrliche St\u00fcrmer, die das gut ausgenutzt haben.&#8220; <\/span><\/p>\n<p><span style=\"font-size: 16px; color: #999999;\">SVH-Trainer Andreas Berggold sprach nach dem v\u00f6llig missratenen Spielstart mit dem Gegentor nach 16 Sekunden und der Roten Karte nach elf Minuten, die &#8222;in unseren Augen unberechtigt war&#8220;, von einer &#8222;schweren Sache, aber wir haben richtig Gas gegeben und gek\u00e4mpft. Beide Mannschaften haben alles rausgeholt, was auf diesem Acker geht. Der Punkt war am Ende absolut verdient, wir hatten sogar noch die Chance zum Siegtreffer. Ich bin stolz auf die Truppe, was sie hier mit einem Mann weniger abgeliefert hat. 80 Minuten mit einem Mann weniger und auf diesem tiefen Platz ist das Remis leistungsgerecht. Den einen Mann weniger hat man kaum gemerkt, hinten hat Youngster Johannes Nordmeyer gut aufger\u00e4umt. Vom Kopf her war es schon wichtig, hier nicht zu verlieren.&#8220;\u00a0<\/span><\/p>\n<h5><span style=\"font-size: 16px;\">Schiedsrichter: Muamer Kuric (Kronberg). Zuschauer: 58. <\/span><\/h5>\n<h5><span style=\"font-size: 16px;\">Tore: 1:0 Murat Tiryaki (1.), 1:1 Antonie Willef\u00fchr (19.\/Foulelfmeter), 1:2 Oliver Solarz (26.), 2:2 Murat Tiryaki (36.).<\/span><\/h5>\n<p><span style=\"font-size: 16px; color: #ffcc99;\">Vielen Dank an Mithat G\u00fcrser f\u00fcr die Bildergalerie!<\/span><\/p>\n<p>\u00a0<\/p>\n\n\n<figure class=\"wp-block-gallery has-nested-images columns-default is-cropped wp-block-gallery-1 is-layout-flex wp-block-gallery-is-layout-flex\">\n<figure class=\"wp-block-image size-large is-style-default\"><img decoding=\"async\" data-id=\"2982\" src=\"http:\/\/insideamateurfussball-ffm.de\/wp-content\/uploads\/2022\/10\/tuerk10.jpg\" alt=\"\" class=\"wp-image-2982\"\/><\/figure>\n<\/figure>\n\n\n\n<div class=\"wp-block-columns is-layout-flex wp-container-core-columns-is-layout-28f84493 wp-block-columns-is-layout-flex\">\n<div class=\"wp-block-column is-layout-flow wp-block-column-is-layout-flow\">\n<figure class=\"wp-block-image size-full is-style-default\"><img decoding=\"async\" src=\"http:\/\/insideamateurfussball-ffm.de\/wp-content\/uploads\/2022\/10\/tuerk15.jpg\" alt=\"\" class=\"wp-image-2983\"\/><\/figure>\n<\/div>\n\n\n\n<div class=\"wp-block-column is-layout-flow wp-block-column-is-layout-flow\">\n<figure class=\"wp-block-image size-full is-style-default\"><img decoding=\"async\" src=\"http:\/\/insideamateurfussball-ffm.de\/wp-content\/uploads\/2022\/10\/tuerk20.jpg\" alt=\"\" class=\"wp-image-2984\"\/><\/figure>\n<\/div>\n\n\n\n<div class=\"wp-block-column is-layout-flow wp-block-column-is-layout-flow\">\n<figure class=\"wp-block-image size-full is-style-default\"><img decoding=\"async\" src=\"http:\/\/insideamateurfussball-ffm.de\/wp-content\/uploads\/2022\/10\/heddr3.jpg\" alt=\"\" class=\"wp-image-2985\"\/><\/figure>\n<\/div>\n<\/div>\n\n\n\n<div class=\"wp-block-columns is-layout-flex wp-container-core-columns-is-layout-28f84493 wp-block-columns-is-layout-flex\">\n<div class=\"wp-block-column is-layout-flow wp-block-column-is-layout-flow\">\n<figure class=\"wp-block-image size-full is-style-default\"><img decoding=\"async\" src=\"http:\/\/insideamateurfussball-ffm.de\/wp-content\/uploads\/2022\/10\/tuerk2.jpg\" alt=\"\" class=\"wp-image-2986\"\/><\/figure>\n<\/div>\n\n\n\n<div class=\"wp-block-column is-layout-flow wp-block-column-is-layout-flow\">\n<figure class=\"wp-block-image size-full is-style-default\"><img decoding=\"async\" src=\"http:\/\/insideamateurfussball-ffm.de\/wp-content\/uploads\/2022\/10\/tuerk7.jpg\" alt=\"\" class=\"wp-image-2987\"\/><\/figure>\n<\/div>\n\n\n\n<div class=\"wp-block-column is-layout-flow wp-block-column-is-layout-flow\">\n<figure class=\"wp-block-image size-full is-style-default\"><img decoding=\"async\" src=\"http:\/\/insideamateurfussball-ffm.de\/wp-content\/uploads\/2022\/10\/tuerk12.jpg\" alt=\"\" class=\"wp-image-2988\"\/><\/figure>\n<\/div>\n<\/div>\n\n\n\n<figure class=\"wp-block-gallery has-nested-images columns-default is-cropped wp-block-gallery-2 is-layout-flex wp-block-gallery-is-layout-flex\">\n<figure class=\"wp-block-image size-large is-style-default\"><img decoding=\"async\" data-id=\"2989\" src=\"http:\/\/insideamateurfussball-ffm.de\/wp-content\/uploads\/2022\/10\/tuerk17.jpg\" alt=\"\" class=\"wp-image-2989\"\/><\/figure>\n<\/figure>\n\n\n\n<div class=\"wp-block-columns is-layout-flex wp-container-core-columns-is-layout-28f84493 wp-block-columns-is-layout-flex\">\n<div class=\"wp-block-column is-layout-flow wp-block-column-is-layout-flow\">\n<figure class=\"wp-block-image size-full is-style-default\"><img decoding=\"async\" src=\"http:\/\/insideamateurfussball-ffm.de\/wp-content\/uploads\/2022\/10\/heddern7.jpg\" alt=\"\" class=\"wp-image-2990\"\/><\/figure>\n<\/div>\n\n\n\n<div class=\"wp-block-column is-layout-flow wp-block-column-is-layout-flow\">\n<figure class=\"wp-block-image size-full is-style-default\"><img decoding=\"async\" src=\"http:\/\/insideamateurfussball-ffm.de\/wp-content\/uploads\/2022\/10\/tuerkg1.jpg\" alt=\"\" class=\"wp-image-2991\"\/><\/figure>\n<\/div>\n\n\n\n<div class=\"wp-block-column is-layout-flow wp-block-column-is-layout-flow\">\n<figure class=\"wp-block-image size-full is-style-default\"><img decoding=\"async\" src=\"http:\/\/insideamateurfussball-ffm.de\/wp-content\/uploads\/2022\/10\/tuerk4.jpg\" alt=\"\" class=\"wp-image-2992\"\/><\/figure>\n<\/div>\n<\/div>\n\n\n\n<figure class=\"wp-block-gallery has-nested-images columns-default is-cropped wp-block-gallery-3 is-layout-flex wp-block-gallery-is-layout-flex\">\n<figure class=\"wp-block-image size-large is-style-default\"><img decoding=\"async\" data-id=\"2993\" src=\"http:\/\/insideamateurfussball-ffm.de\/wp-content\/uploads\/2022\/10\/tuerk9.jpg\" alt=\"\" class=\"wp-image-2993\"\/><figcaption>Fotos: Mithat G\u00fcrser.<\/figcaption><\/figure>\n<\/figure>\n\n\n\n<div class=\"wp-block-columns is-layout-flex wp-container-core-columns-is-layout-28f84493 wp-block-columns-is-layout-flex\">\n<div class=\"wp-block-column is-layout-flow wp-block-column-is-layout-flow\">\n<figure class=\"wp-block-image size-full is-style-default\"><img decoding=\"async\" src=\"http:\/\/insideamateurfussball-ffm.de\/wp-content\/uploads\/2022\/10\/tuerk14.jpg\" alt=\"\" class=\"wp-image-2994\"\/><\/figure>\n<\/div>\n\n\n\n<div class=\"wp-block-column is-layout-flow wp-block-column-is-layout-flow\">\n<figure class=\"wp-block-image size-full is-style-default\"><img decoding=\"async\" src=\"http:\/\/insideamateurfussball-ffm.de\/wp-content\/uploads\/2022\/10\/tuerk19.jpg\" alt=\"\" class=\"wp-image-2995\"\/><\/figure>\n<\/div>\n\n\n\n<div class=\"wp-block-column is-layout-flow wp-block-column-is-layout-flow\">\n<figure class=\"wp-block-image size-full is-style-default\"><img decoding=\"async\" src=\"http:\/\/insideamateurfussball-ffm.de\/wp-content\/uploads\/2022\/10\/heddr2.jpg\" alt=\"\" class=\"wp-image-2996\"\/><\/figure>\n<\/div>\n<\/div>\n","protected":false},"excerpt":{"rendered":"<p>Nach einem ereignisreichem Kellerduell in der Kreisoberliga Frankfurt bleiben der TSKV T\u00fcrkg\u00fcc\u00fc und der SV 07 Heddernheim nach Punkten gleichauf. Das 2:2 (2:2) half so wirklich keinem der Kontrahenten, sich von den m\u00f6glichen Abstiegspl\u00e4tzen zu entfernen. Da die G\u00e4ste aber ab der 11. Spielminute mit einem Mann weniger agieren mussten, war das f\u00fcnfte SVH-Remis in [&hellip;]<\/p>\n","protected":false},"author":1,"featured_media":0,"comment_status":"open","ping_status":"open","sticky":false,"template":"","format":"standard","meta":{"footnotes":""},"categories":[2],"tags":[],"class_list":["post-2980","post","type-post","status-publish","format-standard","hentry","category-kreisoberliga-frankfurt"],"_links":{"self":[{"href":"https:\/\/insideamateurfussball-ffm.de\/index.php?rest_route=\/wp\/v2\/posts\/2980","targetHints":{"allow":["GET"]}}],"collection":[{"href":"https:\/\/insideamateurfussball-ffm.de\/index.php?rest_route=\/wp\/v2\/posts"}],"about":[{"href":"https:\/\/insideamateurfussball-ffm.de\/index.php?rest_route=\/wp\/v2\/types\/post"}],"author":[{"embeddable":true,"href":"https:\/\/insideamateurfussball-ffm.de\/index.php?rest_route=\/wp\/v2\/users\/1"}],"replies":[{"embeddable":true,"href":"https:\/\/insideamateurfussball-ffm.de\/index.php?rest_route=%2Fwp%2Fv2%2Fcomments&post=2980"}],"version-history":[{"count":3,"href":"https:\/\/insideamateurfussball-ffm.de\/index.php?rest_route=\/wp\/v2\/posts\/2980\/revisions"}],"predecessor-version":[{"id":2999,"href":"https:\/\/insideamateurfussball-ffm.de\/index.php?rest_route=\/wp\/v2\/posts\/2980\/revisions\/2999"}],"wp:attachment":[{"href":"https:\/\/insideamateurfussball-ffm.de\/index.php?rest_route=%2Fwp%2Fv2%2Fmedia&parent=2980"}],"wp:term":[{"taxonomy":"category","embeddable":true,"href":"https:\/\/insideamateurfussball-ffm.de\/index.php?rest_route=%2Fwp%2Fv2%2Fcategories&post=2980"},{"taxonomy":"post_tag","embeddable":true,"href":"https:\/\/insideamateurfussball-ffm.de\/index.php?rest_route=%2Fwp%2Fv2%2Ftags&post=2980"}],"curies":[{"name":"wp","href":"https:\/\/api.w.org\/{rel}","templated":true}]}}