{"id":2977,"date":"2022-10-03T02:50:11","date_gmt":"2022-10-03T00:50:11","guid":{"rendered":"http:\/\/insideamateurfussball-ffm.de\/?p=2977"},"modified":"2025-01-09T15:47:38","modified_gmt":"2025-01-09T14:47:38","slug":"croatia-woche-fuer-woche-besser","status":"publish","type":"post","link":"https:\/\/insideamateurfussball-ffm.de\/?p=2977","title":{"rendered":"Croatia Woche f\u00fcr Woche besser"},"content":{"rendered":"<h5><span style=\"font-size: 16px;\">Der FC Croatia setzt sich nach dem 3:0-Sieg \u00fcber den FC Gudesding im oberen Drittel der Kreisoberliga Frankfurt fest. Es war schon der vierte Sieg in Folge f\u00fcr das Team von Trainer Josip Zeravica, das sich nun auf Rang vier festgesetzt hat. Die G\u00e4ste vom Ostpark mussten hingegen nach zwei Siegen wieder eine Niederlage quittieren.\u00a0<\/span><\/h5>\n<figure id=\"attachment_2978\" aria-describedby=\"caption-attachment-2978\" style=\"width: 312px\" class=\"wp-caption alignnone\"><img loading=\"lazy\" decoding=\"async\" class=\"wp-image-2978\" src=\"http:\/\/insideamateurfussball-ffm.de\/wp-content\/uploads\/2022\/10\/croatiaffm-300x225.jpg\" alt=\"\" width=\"312\" height=\"234\" srcset=\"https:\/\/insideamateurfussball-ffm.de\/wp-content\/uploads\/2022\/10\/croatiaffm-300x225.jpg 300w, https:\/\/insideamateurfussball-ffm.de\/wp-content\/uploads\/2022\/10\/croatiaffm-1024x768.jpg 1024w, https:\/\/insideamateurfussball-ffm.de\/wp-content\/uploads\/2022\/10\/croatiaffm-768x576.jpg 768w, https:\/\/insideamateurfussball-ffm.de\/wp-content\/uploads\/2022\/10\/croatiaffm-1536x1152.jpg 1536w, https:\/\/insideamateurfussball-ffm.de\/wp-content\/uploads\/2022\/10\/croatiaffm.jpg 1600w\" sizes=\"auto, (max-width: 312px) 100vw, 312px\" \/><figcaption id=\"caption-attachment-2978\" class=\"wp-caption-text\"><strong>Der FC Croatia schickt uns jede Woche sein Siegerfoto. Andere Vereine k\u00f6nnen das auch machen, da wir nicht \u00fcberall mit Fotografen vor Ort sind. Foto: FCC.<\/strong><\/figcaption><\/figure>\n<h5><span style=\"font-size: 16px;\">FC Croatia &#8211; FC Gudesding 3:0 (1:0)<\/span><\/h5>\n<p><img loading=\"lazy\" decoding=\"async\" class=\"alignnone size-full wp-image-29\" src=\"http:\/\/insideamateurfussball-ffm.de\/wp-content\/uploads\/2021\/11\/croatia.jpg\" alt=\"\" width=\"63\" height=\"80\" \/><img loading=\"lazy\" decoding=\"async\" class=\"alignnone size-full wp-image-10\" src=\"http:\/\/insideamateurfussball-ffm.de\/wp-content\/uploads\/2021\/11\/Gudesding.jpg\" alt=\"\" width=\"64\" height=\"80\" \/><\/p>\n<p><span style=\"font-size: 16px; color: #999999;\">Croatia f\u00fchrte nach einer halben Stunde durch einen Fernschuss von Oliver Andric aus dem Mittelkreis unter die Latte (30.). Die Partie blieb aber lange Zeit offen und so konnten die Kroaten den Sack erst in der Nachspielzeit zu machen. Kristijan Gavran mit einem Solo durch die Abwehr der &#8222;Guden&#8220; (90.\/+1) und Ante Strljic mit einem an ihm selbst verwirkten Foulelfmeter (90.\/+4) erh\u00f6hten noch f\u00fcr die konzentriert aufspielenden Hausherren. <\/span><\/p>\n<blockquote>\n<h5><span style=\"font-size: 16px;\">&#8222;Der Croatia-Sieg war verdient, aber deutlich zu hoch&#8220; (FCG-Vorsitzender Reiner Weiss)<\/span><\/h5>\n<\/blockquote>\n<p><span style=\"font-size: 16px; color: #999999;\">Dementsprechend war Croatias Sportlicher Leiter Stanislav Konta zufrieden: &#8222;Wir haben ein gutes Spiel gemacht und auch verdient gewonnen. Die Abwehr hat toll gespielt und Gudesding das Leben schwer gemacht.&#8220; Man habe die Partie schon im ersten Durchgang entscheiden k\u00f6nnen, aber FCG-Torwart Pablo Alvarez habe super gehalten. <\/span><\/p>\n<p><span style=\"font-size: 16px; color: #999999;\">&#8222;Woche f\u00fcr Woche spielen wir besser&#8220;, fasste Konta zusammen. Gudesding-Vorsitzender Rainer Weiss sah den Sieg der Croatia am Ende &#8222;verdient, aber deutlich zu hoch. Die zweite Halbzeit geh\u00f6rte uns, aber wenn Du einfach nicht in die Box kommst und kein Tor machst&#8230;&#8220;.<\/span><span style=\"font-size: 16px; color: #999999;\">\u00a0<\/span><\/p>\n<h5><span style=\"font-size: 16px;\">Schiedsrichter: Benjamin Spahic (Erlensee). Zuschauer: 80. <\/span><\/h5>\n<h5><span style=\"font-size: 16px;\">Tore: 1:0 Oliver Andric (30.), 2:0 Kristijan Gavran (90.\/+1), 3:0 Ante Strljic (90.\/+4, Foulelfmeter).\u00a0<\/span><\/h5>\n","protected":false},"excerpt":{"rendered":"<p>Der FC Croatia setzt sich nach dem 3:0-Sieg \u00fcber den FC Gudesding im oberen Drittel der Kreisoberliga Frankfurt fest. Es war schon der vierte Sieg in Folge f\u00fcr das Team von Trainer Josip Zeravica, das sich nun auf Rang vier festgesetzt hat. Die G\u00e4ste vom Ostpark mussten hingegen nach zwei Siegen wieder eine Niederlage quittieren.\u00a0 [&hellip;]<\/p>\n","protected":false},"author":1,"featured_media":2978,"comment_status":"open","ping_status":"open","sticky":false,"template":"","format":"standard","meta":{"footnotes":""},"categories":[2],"tags":[],"class_list":["post-2977","post","type-post","status-publish","format-standard","has-post-thumbnail","hentry","category-kreisoberliga-frankfurt"],"_links":{"self":[{"href":"https:\/\/insideamateurfussball-ffm.de\/index.php?rest_route=\/wp\/v2\/posts\/2977","targetHints":{"allow":["GET"]}}],"collection":[{"href":"https:\/\/insideamateurfussball-ffm.de\/index.php?rest_route=\/wp\/v2\/posts"}],"about":[{"href":"https:\/\/insideamateurfussball-ffm.de\/index.php?rest_route=\/wp\/v2\/types\/post"}],"author":[{"embeddable":true,"href":"https:\/\/insideamateurfussball-ffm.de\/index.php?rest_route=\/wp\/v2\/users\/1"}],"replies":[{"embeddable":true,"href":"https:\/\/insideamateurfussball-ffm.de\/index.php?rest_route=%2Fwp%2Fv2%2Fcomments&post=2977"}],"version-history":[{"count":1,"href":"https:\/\/insideamateurfussball-ffm.de\/index.php?rest_route=\/wp\/v2\/posts\/2977\/revisions"}],"predecessor-version":[{"id":2979,"href":"https:\/\/insideamateurfussball-ffm.de\/index.php?rest_route=\/wp\/v2\/posts\/2977\/revisions\/2979"}],"wp:featuredmedia":[{"embeddable":true,"href":"https:\/\/insideamateurfussball-ffm.de\/index.php?rest_route=\/wp\/v2\/media\/2978"}],"wp:attachment":[{"href":"https:\/\/insideamateurfussball-ffm.de\/index.php?rest_route=%2Fwp%2Fv2%2Fmedia&parent=2977"}],"wp:term":[{"taxonomy":"category","embeddable":true,"href":"https:\/\/insideamateurfussball-ffm.de\/index.php?rest_route=%2Fwp%2Fv2%2Fcategories&post=2977"},{"taxonomy":"post_tag","embeddable":true,"href":"https:\/\/insideamateurfussball-ffm.de\/index.php?rest_route=%2Fwp%2Fv2%2Ftags&post=2977"}],"curies":[{"name":"wp","href":"https:\/\/api.w.org\/{rel}","templated":true}]}}