{"id":29755,"date":"2025-12-01T18:02:53","date_gmt":"2025-12-01T17:02:53","guid":{"rendered":"https:\/\/insideamateurfussball-ffm.de\/?p=29755"},"modified":"2025-12-01T18:02:53","modified_gmt":"2025-12-01T17:02:53","slug":"seckbach-nach-kantersieg-auf-platz-3","status":"publish","type":"post","link":"https:\/\/insideamateurfussball-ffm.de\/?p=29755","title":{"rendered":"Seckbach nach Kantersieg auf Platz 3"},"content":{"rendered":"<h4>Mit einem nie gef\u00e4hrdeten und hohen 7:0-Sieg gegen den FC Kaichen eroberte sich die FG Seckbach Platz 3 in der Tabelle und schob sich bis auf zwei Punkte an die Spvgg. 05 Oberrad heran.<\/h4>\n<figure id=\"attachment_19921\" aria-describedby=\"caption-attachment-19921\" style=\"width: 2016px\" class=\"wp-caption alignnone\"><img loading=\"lazy\" decoding=\"async\" class=\"wp-image-19921 size-full\" src=\"http:\/\/insideamateurfussball-ffm.de\/wp-content\/uploads\/2024\/07\/Beumer-harada.jpg\" alt=\"\" width=\"2016\" height=\"1512\" srcset=\"https:\/\/insideamateurfussball-ffm.de\/wp-content\/uploads\/2024\/07\/Beumer-harada.jpg 2016w, https:\/\/insideamateurfussball-ffm.de\/wp-content\/uploads\/2024\/07\/Beumer-harada-300x225.jpg 300w, https:\/\/insideamateurfussball-ffm.de\/wp-content\/uploads\/2024\/07\/Beumer-harada-1024x768.jpg 1024w, https:\/\/insideamateurfussball-ffm.de\/wp-content\/uploads\/2024\/07\/Beumer-harada-768x576.jpg 768w, https:\/\/insideamateurfussball-ffm.de\/wp-content\/uploads\/2024\/07\/Beumer-harada-1536x1152.jpg 1536w\" sizes=\"auto, (max-width: 2016px) 100vw, 2016px\" \/><figcaption id=\"caption-attachment-19921\" class=\"wp-caption-text\">Shuya Harada, links im Bild, verl\u00e4sst die FG Seckbach nach 1 1\/2 Jahren und kehrt nach Japan zur\u00fcck. Foto: Archiv<\/figcaption><\/figure>\n<h4>FG Seckbach &#8211; FC Kaichen 7:0 (5:0)<\/h4>\n<p><img loading=\"lazy\" decoding=\"async\" class=\"alignnone size-full wp-image-544\" src=\"http:\/\/insideamateurfussball-ffm.de\/wp-content\/uploads\/2022\/06\/Seckbach.jpg\" alt=\"\" width=\"80\" height=\"80\" \/><img loading=\"lazy\" decoding=\"async\" class=\"alignnone size-full wp-image-20254\" src=\"http:\/\/insideamateurfussball-ffm.de\/wp-content\/uploads\/2024\/08\/o-kaichen.jpeg\" alt=\"\" width=\"88\" height=\"99\" \/><\/p>\n<p>Es war schon ein Klassenunterschied zu erkennen beim Spiel der FG Seckbach gegen den FC Kaichen, die Verletzungsmisere l\u00e4sst die Mannschaft derzeit nicht konkurrenzf\u00e4hig erscheinen, wie uns schon vor zwei Wochen Kaichens Co-Trainer mitteilte. Den Torreigen f\u00fcr die FG er\u00f6ffnete Theo Geissler in der 3.Minute auf Flanke von Nick B\u00f6ff, der in der 20.Minute auch die Vorarbeit f\u00fcr das 2:0 von Milad Wardak gab. In der 23.Minute revanchierte sich Geissler und legte B\u00f6ff das 3:0 auf, das 4:0 von Florian Schuberth in der 27.Minute bereitete Shuya Harada vor, der sein letztes Spiel f\u00fcr die FG bestritt und wieder zur\u00fcck nach Japan geht. \u00a0In der letzten Minute der ersten Halbzeit verletzte sich Kaichens Torwart Louis Korn, der mit vielen Paraden noch einen h\u00f6heren R\u00fcckstand verhindert hatte, und musste durch Thorsten Wendt ersetzt werden. In der Nachspielzeit der ersten H\u00e4lfte erzielte Luis Rodriguez Melendo nach einer Ecke von Yannick Siering noch das 5:0.<\/p>\n<p>In der zweiten H\u00e4lfte lie\u00dfen es die Gastgeber dann ruhiger angehen, der eingewechselte Adnan Allali erh\u00f6hte durch zwei Treffer in der 55. und der 63.Minute noch auf den Endstand von 7:0, jeweils nach Vorarbeit des ebenfalls eingewechselten Jakob Will. Seckbachs Spielausschuss-Vorsitzender Jo Nareike nach dem Spiel: \u201ewas soll man sagen, 7:0 gewonnen, auch in der H\u00f6he verdient. Wir waren die deutlich bessere Mannschaft in einem fairen Spiel. Es gab eine Schrecksekunde kurz vor der Halbzeit, wo der Torwart von Kaichen mit dem Kopf auf den Boden geknallt ist ohne Einwirkung des Gegners, dem geht es aber gut, das ist die beste Nachricht. Ansonsten war es eine klare Angelegenheit, in der wir auch noch mehr Tore h\u00e4tten schie\u00dfen k\u00f6nnen, aber wir k\u00f6nnen zufrieden sein.\u201c<\/p>\n<h4>Schiedsrichter: Luca Kloft (SV Elz). Zuschauer: 100.<\/h4>\n<h4>Tore: 1:0 Theo Geissler (3.), 2:0 Milad Wardak (20.), 3:0 Nick B\u00f6ff (23.), 4:0 Florian Schuberth (27.), 5:0 Luis Rodriguez Melendo (45.+2), 6:0 Adnan Allali (55.), 7:0 Adnan Allali (63.)<\/h4>\n","protected":false},"excerpt":{"rendered":"<p>Mit einem nie gef\u00e4hrdeten und hohen 7:0-Sieg gegen den FC Kaichen eroberte sich die FG Seckbach Platz 3 in der Tabelle und schob sich bis auf zwei Punkte an die Spvgg. 05 Oberrad heran. FG Seckbach &#8211; FC Kaichen 7:0 (5:0) Es war schon ein Klassenunterschied zu erkennen beim Spiel der FG Seckbach gegen den [&hellip;]<\/p>\n","protected":false},"author":3,"featured_media":19921,"comment_status":"closed","ping_status":"open","sticky":true,"template":"","format":"standard","meta":{"footnotes":""},"categories":[13],"tags":[],"class_list":["post-29755","post","type-post","status-publish","format-standard","has-post-thumbnail","hentry","category-gruppenliga-frankfurt-west"],"_links":{"self":[{"href":"https:\/\/insideamateurfussball-ffm.de\/index.php?rest_route=\/wp\/v2\/posts\/29755","targetHints":{"allow":["GET"]}}],"collection":[{"href":"https:\/\/insideamateurfussball-ffm.de\/index.php?rest_route=\/wp\/v2\/posts"}],"about":[{"href":"https:\/\/insideamateurfussball-ffm.de\/index.php?rest_route=\/wp\/v2\/types\/post"}],"author":[{"embeddable":true,"href":"https:\/\/insideamateurfussball-ffm.de\/index.php?rest_route=\/wp\/v2\/users\/3"}],"replies":[{"embeddable":true,"href":"https:\/\/insideamateurfussball-ffm.de\/index.php?rest_route=%2Fwp%2Fv2%2Fcomments&post=29755"}],"version-history":[{"count":2,"href":"https:\/\/insideamateurfussball-ffm.de\/index.php?rest_route=\/wp\/v2\/posts\/29755\/revisions"}],"predecessor-version":[{"id":29757,"href":"https:\/\/insideamateurfussball-ffm.de\/index.php?rest_route=\/wp\/v2\/posts\/29755\/revisions\/29757"}],"wp:featuredmedia":[{"embeddable":true,"href":"https:\/\/insideamateurfussball-ffm.de\/index.php?rest_route=\/wp\/v2\/media\/19921"}],"wp:attachment":[{"href":"https:\/\/insideamateurfussball-ffm.de\/index.php?rest_route=%2Fwp%2Fv2%2Fmedia&parent=29755"}],"wp:term":[{"taxonomy":"category","embeddable":true,"href":"https:\/\/insideamateurfussball-ffm.de\/index.php?rest_route=%2Fwp%2Fv2%2Fcategories&post=29755"},{"taxonomy":"post_tag","embeddable":true,"href":"https:\/\/insideamateurfussball-ffm.de\/index.php?rest_route=%2Fwp%2Fv2%2Ftags&post=29755"}],"curies":[{"name":"wp","href":"https:\/\/api.w.org\/{rel}","templated":true}]}}